{"id":114863,"date":"2025-11-09T12:14:02","date_gmt":"2025-11-09T09:14:02","guid":{"rendered":"https:\/\/mersingazetesi.com\/?p=114863"},"modified":"2025-11-09T17:33:33","modified_gmt":"2025-11-09T14:33:33","slug":"hic-kimse-anayasaya-meydan-okuyamaz","status":"publish","type":"post","link":"https:\/\/mersingazetesi.com\/index.php\/2025\/11\/09\/hic-kimse-anayasaya-meydan-okuyamaz\/","title":{"rendered":"H\u0130\u00c7 K\u0130MSE ANAYASA&#8217;YA MEYDAN OKUYAMAZ!"},"content":{"rendered":"<p>Anayasam\u0131z\u0131n 153. Maddesi&#8217;ne g\u00f6re Anayasa Mahkemesi kararlar\u0131 kesin olup, yasama, y\u00fcr\u00fctme ve yarg\u0131 organlar\u0131n\u0131, idare makamlar\u0131n\u0131, ger\u00e7ek ve t\u00fczel ki\u015fileri ba\u011flar. Bu kesin h\u00fckme ra\u011fmen, \u0130stanbul 13. A\u011f\u0131r Ceza Mahkemesi Anayasa Mahkemesi&#8217;nin \u015fehir planc\u0131s\u0131 Tayfun Kahraman hakk\u0131nda vermi\u015f oldu\u011fu karar\u0131 tan\u0131m\u0131yor. Tan\u0131mad\u0131\u011f\u0131 gibi &#8220;Anayasa Mahkemesi yetki gasp\u0131nda bulunmu\u015ftur&#8221; diyerek, y\u00fcksek mahkemeye adeta meydan okuyor. Ger\u00e7ek bir hukuk devletinde b\u00f6yle \u015feyler olmaz. \u00c7\u00fcnk\u00fc anayasay\u0131 \u00e7i\u011fneyen herkes ba\u015f\u0131na gelecekleri bilir. T\u00fcrkiye ger\u00e7ek anlamda bir hukuk devleti olsayd\u0131, HSK&#8217;n\u0131n (Hakimler ve Savc\u0131lar Kurulu&#8217;nun) acilen toplan\u0131p, Anayasa&#8217;y\u0131 ihlal su\u00e7unu i\u015fleyen bu yarg\u0131\u00e7lar\u0131 derhal g\u00f6revden almas\u0131 gerekirdi. Salt bununla da yetinmeyip, bu yarg\u0131\u00e7lar hakk\u0131nda bir de soru\u015fturma a\u00e7mas\u0131 gerekirdi. Peki, HSK harekete ge\u00e7ip, bu yarg\u0131\u00e7lar hakk\u0131nda herhangi bir i\u015flem yapt\u0131 m\u0131? Bildi\u011fimiz kadar\u0131yla yapmad\u0131! A\u011fz\u0131n\u0131 her a\u00e7t\u0131\u011f\u0131nda &#8220;T\u00fcrkiye bir hukuk devletidir! T\u00fcrk Yarg\u0131s\u0131 da ba\u011f\u0131ms\u0131z ve tarafs\u0131zd\u0131r&#8221; diyen Adalet Bakan\u0131 Y\u0131lmaz Tun\u00e7 bir i\u015flem yapt\u0131 m\u0131? HSK&#8217;n\u0131n ba\u015fkan\u0131 olmas\u0131na ra\u011fmen, bildi\u011fimiz kadar\u0131yla O da bir i\u015flem yapmad\u0131.<\/p>\n<div dir=\"ltr\"><\/div>\n<p>Hi\u00e7 kimse kusura bakmas\u0131n! Anayasas\u0131 birinci derece mahkemesi taraf\u0131ndan ihlal edilen bir \u00dclke&#8217;ye hukuk devleti denmez. Dense bile, akl\u0131 ba\u015f\u0131nda olan hi\u00e7 kimse buna inanmaz. Bir devletin hukuk devleti olabilmesi i\u00e7in hukukun \u00fcst\u00fcnl\u00fc\u011f\u00fcn\u00fcn esas al\u0131nmas\u0131 gerekir. \u00dcz\u00fclerek belirtmek durumunday\u0131m ki, \u00dclkemizde an itibariyle b\u00f6yle bir durum s\u00f6z konusu de\u011fil. \u00c7\u00fcnk\u00fc ne do\u011fru d\u00fczg\u00fcn Anayasa Mahkemesi kararlar\u0131na uyuluyor ne de A\u0130HM (Avrupa \u0130nsan Haklar\u0131 Mahkemesi) kararlar\u0131na&#8230;<\/p>\n<div dir=\"ltr\"><\/div>\n<p>Umar\u0131m ve dilerim, hukuk bir g\u00fcn bu anlay\u0131\u015fla Anayasa&#8217;y\u0131 \u00e7i\u011fneyenlere laz\u0131m olmaz!?<\/p>\n<p>BARI\u015eIN VE HUZURUN \u0130LACI DEMOKRAS\u0130 VE HUKUKTUR!<\/p>\n<div dir=\"ltr\"><\/div>\n<p>Ter\u00f6rist eleba\u015f\u0131 Abdullah \u00d6calan, K\u00fcrt karde\u015flerimizi pe\u015finden s\u00fcr\u00fcklemek i\u00e7in \u00e7ok u\u011fra\u015ft\u0131. Ancak, ba\u015fvurdu\u011fu onca yola ve y\u00f6nteme ra\u011fmen bunu ba\u015faramad\u0131. Bu y\u00fczden de kendisine kar\u015f\u0131 \u00e7\u0131kan ya da itibar etmeyen K\u00fcrt karde\u015flerimize a\u011f\u0131za al\u0131nmayacak k\u00fcf\u00fcr ve hakaretler etti. Sadece k\u00fcf\u00fcr ve hakaret etmedi, ba\u015f\u0131nda bulundu\u011fu B\u00f6l\u00fcc\u00fc \u00d6rg\u00fct&#8217;e emir ve talimat vererek, yard\u0131m ve yatakl\u0131k etmeyen binlerce K\u00fcrt karde\u015fimizi de kalle\u015f\u00e7e ve ac\u0131mas\u0131zca katlettirdi. \u00d6calan&#8217;\u0131n y\u0131llard\u0131r ba\u015faramad\u0131\u011f\u0131n\u0131, \u015fimdilerde Devlet Bah\u00e7eli kendisine sunuyor. \u00d6calan&#8217;a &#8220;kurucu \u00f6nder&#8221; diyerek, bu Zat&#8217;\u0131 K\u00fcrt karde\u015flerimizin me\u015fru temsilcisi konumuna getiriyor. Gerek\u00e7esi ne olursa olsun, b\u00f6yle bir s\u00f6ylem do\u011fru de\u011fildir. Milletvekillerinden olu\u015fturulacak karma bir heyetin, \u0130mral\u0131&#8217;ya \u00d6calan&#8217;\u0131n aya\u011f\u0131na gitmesini istemek ise tek kelimeyle safl\u0131kt\u0131r. \u00d6calan T\u00fcrkiye&#8217;nin iyili\u011fine, esenli\u011fine bir \u015fey s\u00f6yleyecekse, a\u011fz\u0131n\u0131 kapayan m\u0131 var (?) buyursun s\u00f6ylesin! Bu m\u00fcmk\u00fcn olmuyorsa, bir mektup kaleme al\u0131p, bas\u0131n ve medya yoluyla kamuoyuna duyurulmas\u0131n\u0131 talep etsin. \u00dclkemizi y\u00f6netenler de bu konuda kendisine kolayl\u0131k sa\u011flas\u0131n. Milletin vekillerinin \u00d6calan&#8217;\u0131n aya\u011f\u0131na gitmesini istemek, \u00d6calan&#8217;\u0131 me\u015fru muhatap al\u0131p masumla\u015ft\u0131rmak anlam\u0131na gelir ki, Milletimiz b\u00f6yle bir \u015feyi asla kabul etmez. Ayr\u0131ca, bu konuda \u0131srarc\u0131 olanlara da sand\u0131kta gerekli cezay\u0131 verir. Hem de \u00f6yle bir verir ki, bu i\u015fe \u00f6nayak olanlar\u0131 anas\u0131ndan do\u011fdu\u011funa bin pi\u015fman eder.<\/p>\n<div dir=\"ltr\"><\/div>\n<p>Bu ger\u00e7ekleri dile getirmek, ter\u00f6rs\u00fcz T\u00fcrkiye&#8217;ye kar\u015f\u0131 \u00e7\u0131kmak de\u011fildir. Bar\u0131\u015fa, karde\u015fli\u011fe ve dayan\u0131\u015fmaya kar\u015f\u0131 \u00e7\u0131kmak hi\u00e7 de\u011fildir. Kald\u0131 ki, \u00dclkemizde K\u00fcrtler&#8217;le T\u00fcrkler aras\u0131nda herhangi bir d\u00fc\u015fmanl\u0131k da yoktur. B\u00f6yle bir d\u00fc\u015fmanl\u0131k olsayd\u0131, \u00d6calan bu Milleti \u00e7oktan birbirine d\u00fc\u015f\u00fcr\u00fcr ve hatta k\u0131rd\u0131r\u0131rd\u0131.<\/p>\n<div dir=\"ltr\"><\/div>\n<p>Bu \u00dclke&#8217;nin ilac\u0131 belli! \u00d6zg\u00fcrl\u00fckle ta\u00e7land\u0131r\u0131lm\u0131\u015f demokrasi, hak ve adaletle ta\u00e7land\u0131r\u0131lm\u0131\u015f hukuk. Cumhuriyetimizi ger\u00e7ek anlamda demokrasi ve hukukla ta\u00e7land\u0131rd\u0131\u011f\u0131m\u0131z g\u00fcn, \u00dclkemizde ikilik nam\u0131na bir \u015fey kalmaz. \u00c7\u00fcnk\u00fc ikili\u011fe yol a\u00e7an b\u00fct\u00fcn \u015fartlar ortadan kalkar.<\/p>\n<div dir=\"ltr\"><\/div>\n<p>Demokrasinin ve hukukun hayat\u0131n her alan\u0131nda egemen oldu\u011fu mutlu ve m\u00fcreffeh bir T\u00fcrkiye&#8217;de hep birlikte huzur ve g\u00fcven i\u00e7inde ya\u015famam\u0131z umut ve dile\u011fimle esen kal\u0131n!<\/p>\n<p>&nbsp;<\/p>\n<p>&nbsp;<\/p>\n<div>\u00d6ZL\u00dc S\u00d6ZLER\u0130M<\/div>\n<div dir=\"ltr\"><\/div>\n<div>\n<p>KOYUN ORDUSU<\/p>\n<p>Bir koyun taraf\u0131ndan y\u00f6netilen Arslan ordusundan korkmam! Fakat bir Arslan taraf\u0131ndan y\u00f6netilen koyun ordusundan korkar\u0131m!<\/p>\n<\/div>\n<div dir=\"ltr\"><\/div>\n<p>B\u00fcy\u00fck \u0130skender (M\u00d6. 356 &#8211; 323)<\/p>\n<div dir=\"ltr\"><\/div>\n<p>Makedonya Kral\u0131<\/p>\n","protected":false},"excerpt":{"rendered":"<p>Anayasam\u0131z\u0131n 153. Maddesi&#8217;ne g\u00f6re Anayasa Mahkemesi kararlar\u0131 kesin olup, yasama, y\u00fcr\u00fctme ve yarg\u0131 organlar\u0131n\u0131, idare makamlar\u0131n\u0131, ger\u00e7ek ve t\u00fczel ki\u015fileri ba\u011flar. Bu kesin h\u00fckme ra\u011fmen, \u0130stanbul 13. A\u011f\u0131r Ceza Mahkemesi Anayasa Mahkemesi&#8217;nin \u015fehir planc\u0131s\u0131 Tayfun Kahraman hakk\u0131nda vermi\u015f oldu\u011fu karar\u0131 tan\u0131m\u0131yor. Tan\u0131mad\u0131\u011f\u0131 gibi &#8220;Anayasa Mahkemesi yetki gasp\u0131nda bulunmu\u015ftur&#8221; diyerek, y\u00fcksek mahkemeye adeta meydan okuyor. Ger\u00e7ek [&hellip;]<\/p>\n","protected":false},"author":14,"featured_media":114723,"comment_status":"open","ping_status":"open","sticky":false,"template":"","format":"standard","meta":{"footnotes":""},"categories":[47],"tags":[],"class_list":["post-114863","post","type-post","status-publish","format-standard","has-post-thumbnail","hentry","category-erdogan-serin"],"views":539,"_links":{"self":[{"href":"https:\/\/mersingazetesi.com\/index.php\/wp-json\/wp\/v2\/posts\/114863","targetHints":{"allow":["GET"]}}],"collection":[{"href":"https:\/\/mersingazetesi.com\/index.php\/wp-json\/wp\/v2\/posts"}],"about":[{"href":"https:\/\/mersingazetesi.com\/index.php\/wp-json\/wp\/v2\/types\/post"}],"author":[{"embeddable":true,"href":"https:\/\/mersingazetesi.com\/index.php\/wp-json\/wp\/v2\/users\/14"}],"replies":[{"embeddable":true,"href":"https:\/\/mersingazetesi.com\/index.php\/wp-json\/wp\/v2\/comments?post=114863"}],"version-history":[{"count":2,"href":"https:\/\/mersingazetesi.com\/index.php\/wp-json\/wp\/v2\/posts\/114863\/revisions"}],"predecessor-version":[{"id":114964,"href":"https:\/\/mersingazetesi.com\/index.php\/wp-json\/wp\/v2\/posts\/114863\/revisions\/114964"}],"wp:featuredmedia":[{"embeddable":true,"href":"https:\/\/mersingazetesi.com\/index.php\/wp-json\/wp\/v2\/media\/114723"}],"wp:attachment":[{"href":"https:\/\/mersingazetesi.com\/index.php\/wp-json\/wp\/v2\/media?parent=114863"}],"wp:term":[{"taxonomy":"category","embeddable":true,"href":"https:\/\/mersingazetesi.com\/index.php\/wp-json\/wp\/v2\/categories?post=114863"},{"taxonomy":"post_tag","embeddable":true,"href":"https:\/\/mersingazetesi.com\/index.php\/wp-json\/wp\/v2\/tags?post=114863"}],"curies":[{"name":"wp","href":"https:\/\/api.w.org\/{rel}","templated":true}]}}