{"id":114722,"date":"2025-11-07T09:34:18","date_gmt":"2025-11-07T06:34:18","guid":{"rendered":"https:\/\/mersingazetesi.com\/?p=114722"},"modified":"2025-11-07T09:34:18","modified_gmt":"2025-11-07T06:34:18","slug":"barisin-ve-huzurun-ilaci-demokrasi-ve-hukuktur","status":"publish","type":"post","link":"https:\/\/mersingazetesi.com\/index.php\/2025\/11\/07\/barisin-ve-huzurun-ilaci-demokrasi-ve-hukuktur\/","title":{"rendered":"BARI\u015eIN VE HUZURUN \u0130LACI DEMOKRAS\u0130 VE HUKUKTUR!"},"content":{"rendered":"<div>Ter\u00f6rist eleba\u015f\u0131 Abdullah \u00d6calan, K\u00fcrt karde\u015flerimizi pe\u015finden s\u00fcr\u00fcklemek i\u00e7in \u00e7ok u\u011fra\u015ft\u0131. Ancak, ba\u015fvurdu\u011fu onca yola ve y\u00f6nteme ra\u011fmen bunu ba\u015faramad\u0131. Bu y\u00fczden de kendisine kar\u015f\u0131 \u00e7\u0131kan ya da itibar etmeyen K\u00fcrt karde\u015flerimize a\u011f\u0131za al\u0131nmayacak k\u00fcf\u00fcr ve hakaretler etti. Sadece k\u00fcf\u00fcr ve hakaret etmedi, ba\u015f\u0131nda bulundu\u011fu B\u00f6l\u00fcc\u00fc \u00d6rg\u00fct&#8217;e yard\u0131m ve yatakl\u0131k etmeyen binlerce K\u00fcrt karde\u015fimizi de kalle\u015f\u00e7e ve ac\u0131mas\u0131zca katlettirdi. \u00d6calan&#8217;\u0131n y\u0131llard\u0131r ba\u015faramad\u0131\u011f\u0131n\u0131, \u015fimdilerde Devlet Bah\u00e7eli kendisine sunuyor. \u00d6calan&#8217;a &#8220;kurucu \u00f6nder&#8221; diyerek, bu Zat&#8217;\u0131 K\u00fcrt karde\u015flerimizin me\u015fru temsilcisi konumuna getiriyor. Gerek\u00e7esi ne olursa olsun, b\u00f6yle bir s\u00f6ylem do\u011fru de\u011fildir. Milletvekillerinden olu\u015fturulacak karma bir heyetin, \u0130mral\u0131&#8217;ya \u00d6calan&#8217;\u0131n aya\u011f\u0131na gitmesini istemek ise tek kelimeyle safl\u0131kt\u0131r. \u00d6calan T\u00fcrkiye&#8217;nin iyili\u011fine, esenli\u011fine bir \u015fey s\u00f6yleyecekse, a\u011fz\u0131n\u0131 kapayan m\u0131 var (?) buyursun s\u00f6ylesin! Bu m\u00fcmk\u00fcn olmuyorsa, bir mektup kaleme al\u0131p, bas\u0131n ve medya yoluyla kamuoyuna duyurulmas\u0131n\u0131 talep etsin. \u00dclkemizi y\u00f6netenler de bu konuda kendisine kolayl\u0131k sa\u011flas\u0131n. Milletin vekillerinin \u00d6calan&#8217;\u0131n aya\u011f\u0131na gitmesini istemek, \u00d6calan&#8217;\u0131 me\u015fru muhatap al\u0131p masumla\u015ft\u0131rmak anlam\u0131na gelir ki, Milletimiz b\u00f6yle bir \u015feyi asla kabul etmez. Ayr\u0131ca, bu konuda \u0131srarc\u0131 olanlara da sand\u0131kta gerekli cezay\u0131 verir. Hem de \u00f6yle bir verir ki, bu i\u015fe \u00f6nayak olanlar\u0131 anas\u0131ndan do\u011fdu\u011funa bin pi\u015fman eder.<\/div>\n<div>Bu ger\u00e7ekleri dile getirmek, ter\u00f6rs\u00fcz T\u00fcrkiye&#8217;ye kar\u015f\u0131 \u00e7\u0131kmak de\u011fildir. Bar\u0131\u015fa ve karde\u015fli\u011fe kar\u015f\u0131 \u00e7\u0131kmak hi\u00e7 de\u011fildir. Kald\u0131 ki, \u00dclkemizde K\u00fcrtlerle T\u00fcrkler aras\u0131nda herhangi bir d\u00fc\u015fmanl\u0131k da yoktur. B\u00f6yle bir d\u00fc\u015fmanl\u0131k olsayd\u0131, \u00d6calan bu Milleti \u00e7oktan birbirine d\u00fc\u015f\u00fcr\u00fcr ve hatta k\u0131rd\u0131r\u0131rd\u0131.<\/div>\n<div>Bu \u00dclke&#8217;nin ilac\u0131 belli! \u00d6zg\u00fcrl\u00fckle ta\u00e7land\u0131r\u0131lm\u0131\u015f demokrasi, hak ve adaletle ta\u00e7land\u0131r\u0131lm\u0131\u015f hukuk. Cumhuriyetimizi ger\u00e7ek anlamda demokrasi ve hukukla ta\u00e7land\u0131rd\u0131\u011f\u0131m\u0131zda, \u00dclkemizde ikilik nam\u0131na bir \u015fey kalmaz. \u00c7\u00fcnk\u00fc ikili\u011fe yol a\u00e7an b\u00fct\u00fcn \u015fartlar ortadan kalkar.<\/div>\n<div>Demokrasinin ve hukukun hayat\u0131n her alan\u0131nda egemen oldu\u011fu mutlu ve m\u00fcreffeh bir T\u00fcrkiye&#8217;de huzur ve g\u00fcven i\u00e7inde ya\u015famam\u0131z umut ve dile\u011fimle esen kal\u0131n!<\/div>\n<div dir=\"ltr\"><\/div>\n<div>\u00d6ZL\u00dc S\u00d6ZLER\u0130M<\/div>\n<div dir=\"ltr\"><\/div>\n<div dir=\"ltr\">ADALET<\/div>\n<div dir=\"ltr\"><\/div>\n<div>&#8220;Bir \u00fclkeyi g\u00fc\u00e7l\u00fc ve g\u00fcvenli k\u0131lan \u015fey, d\u00fc\u015fman ve d\u00fc\u015fmanl\u0131k yaratmayan e\u011fitim, \u00fcretim, y\u00f6netim, payla\u015f\u0131m ve adalet sistemidir.&#8221;<\/div>\n<div id=\"m_3610633668394642089ms-outlook-mobile-body-separator-line\" dir=\"ltr\"><\/div>\n","protected":false},"excerpt":{"rendered":"<p>Ter\u00f6rist eleba\u015f\u0131 Abdullah \u00d6calan, K\u00fcrt karde\u015flerimizi pe\u015finden s\u00fcr\u00fcklemek i\u00e7in \u00e7ok u\u011fra\u015ft\u0131. Ancak, ba\u015fvurdu\u011fu onca yola ve y\u00f6nteme ra\u011fmen bunu ba\u015faramad\u0131. Bu y\u00fczden de kendisine kar\u015f\u0131 \u00e7\u0131kan ya da itibar etmeyen K\u00fcrt karde\u015flerimize a\u011f\u0131za al\u0131nmayacak k\u00fcf\u00fcr ve hakaretler etti. Sadece k\u00fcf\u00fcr ve hakaret etmedi, ba\u015f\u0131nda bulundu\u011fu B\u00f6l\u00fcc\u00fc \u00d6rg\u00fct&#8217;e yard\u0131m ve yatakl\u0131k etmeyen binlerce K\u00fcrt karde\u015fimizi de [&hellip;]<\/p>\n","protected":false},"author":14,"featured_media":114723,"comment_status":"open","ping_status":"open","sticky":false,"template":"","format":"standard","meta":{"footnotes":""},"categories":[47],"tags":[],"class_list":["post-114722","post","type-post","status-publish","format-standard","has-post-thumbnail","hentry","category-erdogan-serin"],"views":519,"_links":{"self":[{"href":"https:\/\/mersingazetesi.com\/index.php\/wp-json\/wp\/v2\/posts\/114722","targetHints":{"allow":["GET"]}}],"collection":[{"href":"https:\/\/mersingazetesi.com\/index.php\/wp-json\/wp\/v2\/posts"}],"about":[{"href":"https:\/\/mersingazetesi.com\/index.php\/wp-json\/wp\/v2\/types\/post"}],"author":[{"embeddable":true,"href":"https:\/\/mersingazetesi.com\/index.php\/wp-json\/wp\/v2\/users\/14"}],"replies":[{"embeddable":true,"href":"https:\/\/mersingazetesi.com\/index.php\/wp-json\/wp\/v2\/comments?post=114722"}],"version-history":[{"count":1,"href":"https:\/\/mersingazetesi.com\/index.php\/wp-json\/wp\/v2\/posts\/114722\/revisions"}],"predecessor-version":[{"id":114724,"href":"https:\/\/mersingazetesi.com\/index.php\/wp-json\/wp\/v2\/posts\/114722\/revisions\/114724"}],"wp:featuredmedia":[{"embeddable":true,"href":"https:\/\/mersingazetesi.com\/index.php\/wp-json\/wp\/v2\/media\/114723"}],"wp:attachment":[{"href":"https:\/\/mersingazetesi.com\/index.php\/wp-json\/wp\/v2\/media?parent=114722"}],"wp:term":[{"taxonomy":"category","embeddable":true,"href":"https:\/\/mersingazetesi.com\/index.php\/wp-json\/wp\/v2\/categories?post=114722"},{"taxonomy":"post_tag","embeddable":true,"href":"https:\/\/mersingazetesi.com\/index.php\/wp-json\/wp\/v2\/tags?post=114722"}],"curies":[{"name":"wp","href":"https:\/\/api.w.org\/{rel}","templated":true}]}}