{"id":114466,"date":"2025-11-05T10:03:59","date_gmt":"2025-11-05T07:03:59","guid":{"rendered":"https:\/\/mersingazetesi.com\/?p=114466"},"modified":"2025-11-05T10:03:59","modified_gmt":"2025-11-05T07:03:59","slug":"siyaset-rakibi-bertaraf-etmek-icin-yapilmaz","status":"publish","type":"post","link":"https:\/\/mersingazetesi.com\/index.php\/2025\/11\/05\/siyaset-rakibi-bertaraf-etmek-icin-yapilmaz\/","title":{"rendered":"S\u0130YASET, RAK\u0130B\u0130 BERTARAF ETMEK \u0130\u00c7\u0130N YAPILMAZ!"},"content":{"rendered":"<p>Siyasi partiler iktidara niye talip olurlar?<\/p>\n<div dir=\"ltr\"><\/div>\n<p>\u0130\u015f ve hizmet \u00fcretip halk\u0131 feraha kavu\u015fturmak i\u00e7in de\u011fil mi?<\/p>\n<div dir=\"ltr\"><\/div>\n<p>Peki, bu i\u015f Bizde b\u00f6yle mi oluyor?<\/p>\n<div dir=\"ltr\"><\/div>\n<p>B\u00f6yle olmuyor!<\/p>\n<div dir=\"ltr\"><\/div>\n<p>Peki, niye b\u00f6yle olmuyor?<\/p>\n<div dir=\"ltr\"><\/div>\n<p>\u00c7\u00fcnk\u00fc iktidara gelen, daha do\u011frusu iktidar g\u00fcc\u00fcn\u00fc eline ge\u00e7iren siyasi parti, g\u00fcc\u00fcn\u00fc, enerjisini ve zaman\u0131n\u0131, kendine rakip g\u00f6rd\u00fc\u011f\u00fc parti ya da partileri y\u0131pratmak, etkisizle\u015ftirmek ve hatta bertaraf etmek i\u00e7in kullan\u0131yor. \u0130\u015f ve hizmet i\u00e7in harcamas\u0131 gereken zaman\u0131, daha ziyade rakibini ya da rakiplerini y\u0131pratmada, etkisizle\u015ftirmede ve saf d\u0131\u015f\u0131 b\u0131rakmada kullan\u0131yor. Bunu yaparken de ayr\u0131\u015ft\u0131rma, \u00f6tekile\u015ftirme ve kutupla\u015ft\u0131rma dahil, her t\u00fcrl\u00fc yolu ve y\u00f6ntemi me\u015fru g\u00f6r\u00fcyor. Maalesef (!) halk\u0131m\u0131z da bu anlay\u0131\u015fta olanlara alk\u0131\u015f tutup pirim veriyor. Hepsi de\u011filse bile, belli bir kesimi b\u00f6yle davran\u0131yor. Oysa ki bunlar do\u011fru \u015feyler de\u011fil. \u00c7\u00fcnk\u00fc husumet siyaseti halk\u0131n yarar\u0131na olan \u015feyler de\u011fil. O y\u00fczdendir ki, bu anlay\u0131\u015fta olanlara me\u015fru ve demokratik yollardan tepki g\u00f6sterilmesi gerekir. Sadece tepki g\u00f6stermek yetmez, b\u00f6ylelerinin sand\u0131kta cezaland\u0131r\u0131lmalar\u0131 da gerekir. Hem de en a\u011f\u0131r \u015fekilde cezaland\u0131r\u0131lmalar\u0131 ve hatta siyaset sahnesinin d\u0131\u015f\u0131na at\u0131lmalar\u0131 gerekir.<\/p>\n<div dir=\"ltr\"><\/div>\n<p>Do\u011fru olan, siyasi partilerin i\u015f ve hizmet \u00fcretme konusunda yar\u0131\u015fmas\u0131d\u0131r. Halk\u0131n yarar\u0131na olan do\u011fru ve ger\u00e7ek\u00e7i projelerle se\u00e7menin kar\u015f\u0131s\u0131na \u00e7\u0131kmas\u0131d\u0131r. Bunun da yolu bellidir! Rakiple u\u011fra\u015fmay\u0131 b\u0131rak\u0131p, halk\u0131n sorunlar\u0131na odaklanmak ve g\u00fcnl\u00fck sorunlar\u0131n yan\u0131 s\u0131ra, birikmi\u015f ve ertelenmi\u015f sorunlar\u0131 \u00e7\u00f6zerek halk\u0131 feraha kavu\u015fturmak. Di\u011fer bir ifadeyle siyaseti ikbal i\u00e7in de\u011fil, i\u015f ve hizmet i\u00e7in yapmak.<\/p>\n<div dir=\"ltr\"><\/div>\n<p>Siyaseti i\u015f ve hizmet olarak g\u00f6ren ve bu anlay\u0131\u015f \u00e7er\u00e7evesinde hareket eden siyaset\u00e7ilerimizin \u00e7o\u011falmas\u0131 umut ve dile\u011fimle esen kal\u0131n!<\/p>\n<p>&nbsp;<\/p>\n<div dir=\"ltr\">\u00d6ZL\u00dc S\u00d6ZLER\u0130M<\/div>\n<div dir=\"ltr\"><\/div>\n<div dir=\"ltr\">S\u0130YASET\u00c7\u0130-DEVLET ADAMI<\/div>\n<div dir=\"ltr\"><\/div>\n<div dir=\"ltr\">&#8220;\u0130kbalini d\u00fc\u015f\u00fcnene siyaset\u00e7i, vatan\u0131n\u0131 ve milletini d\u00fc\u015f\u00fcnene devlet adam\u0131 denir.&#8221;<\/div>\n<div dir=\"ltr\"><\/div>\n<div dir=\"ltr\">\n<p>CESARET<\/p>\n<p>\u201cCesaret, tehlikeli bir i\u015fe g\u00f6z\u00fc kapal\u0131 at\u0131lmak de\u011fildir! Cesaret, tehlikeli bir i\u015fe, o i\u015fin yarataca\u011f\u0131 riskleri ve s\u0131k\u0131nt\u0131lar\u0131 bilerek ve bunlar\u0131 alt edecek tedbirleri alarak soyunmakt\u0131r.&#8221;<\/p>\n<\/div>\n","protected":false},"excerpt":{"rendered":"<p>Siyasi partiler iktidara niye talip olurlar? \u0130\u015f ve hizmet \u00fcretip halk\u0131 feraha kavu\u015fturmak i\u00e7in de\u011fil mi? Peki, bu i\u015f Bizde b\u00f6yle mi oluyor? B\u00f6yle olmuyor! Peki, niye b\u00f6yle olmuyor? \u00c7\u00fcnk\u00fc iktidara gelen, daha do\u011frusu iktidar g\u00fcc\u00fcn\u00fc eline ge\u00e7iren siyasi parti, g\u00fcc\u00fcn\u00fc, enerjisini ve zaman\u0131n\u0131, kendine rakip g\u00f6rd\u00fc\u011f\u00fc parti ya da partileri y\u0131pratmak, etkisizle\u015ftirmek ve hatta [&hellip;]<\/p>\n","protected":false},"author":14,"featured_media":112139,"comment_status":"open","ping_status":"open","sticky":false,"template":"","format":"standard","meta":{"footnotes":""},"categories":[47],"tags":[],"class_list":["post-114466","post","type-post","status-publish","format-standard","has-post-thumbnail","hentry","category-erdogan-serin"],"views":533,"_links":{"self":[{"href":"https:\/\/mersingazetesi.com\/index.php\/wp-json\/wp\/v2\/posts\/114466","targetHints":{"allow":["GET"]}}],"collection":[{"href":"https:\/\/mersingazetesi.com\/index.php\/wp-json\/wp\/v2\/posts"}],"about":[{"href":"https:\/\/mersingazetesi.com\/index.php\/wp-json\/wp\/v2\/types\/post"}],"author":[{"embeddable":true,"href":"https:\/\/mersingazetesi.com\/index.php\/wp-json\/wp\/v2\/users\/14"}],"replies":[{"embeddable":true,"href":"https:\/\/mersingazetesi.com\/index.php\/wp-json\/wp\/v2\/comments?post=114466"}],"version-history":[{"count":1,"href":"https:\/\/mersingazetesi.com\/index.php\/wp-json\/wp\/v2\/posts\/114466\/revisions"}],"predecessor-version":[{"id":114467,"href":"https:\/\/mersingazetesi.com\/index.php\/wp-json\/wp\/v2\/posts\/114466\/revisions\/114467"}],"wp:featuredmedia":[{"embeddable":true,"href":"https:\/\/mersingazetesi.com\/index.php\/wp-json\/wp\/v2\/media\/112139"}],"wp:attachment":[{"href":"https:\/\/mersingazetesi.com\/index.php\/wp-json\/wp\/v2\/media?parent=114466"}],"wp:term":[{"taxonomy":"category","embeddable":true,"href":"https:\/\/mersingazetesi.com\/index.php\/wp-json\/wp\/v2\/categories?post=114466"},{"taxonomy":"post_tag","embeddable":true,"href":"https:\/\/mersingazetesi.com\/index.php\/wp-json\/wp\/v2\/tags?post=114466"}],"curies":[{"name":"wp","href":"https:\/\/api.w.org\/{rel}","templated":true}]}}