{"id":114356,"date":"2025-11-04T13:31:29","date_gmt":"2025-11-04T10:31:29","guid":{"rendered":"https:\/\/mersingazetesi.com\/?p=114356"},"modified":"2025-11-04T13:31:29","modified_gmt":"2025-11-04T10:31:29","slug":"muadil-ilac-kavgasinda-yeni-goruntuler-cikti","status":"publish","type":"post","link":"https:\/\/mersingazetesi.com\/index.php\/2025\/11\/04\/muadil-ilac-kavgasinda-yeni-goruntuler-cikti\/","title":{"rendered":"Muadil ila\u00e7 kavgas\u0131nda yeni g\u00f6r\u00fcnt\u00fcler \u00e7\u0131kt\u0131"},"content":{"rendered":"<p><strong class=\"searchword\">Mersin<\/strong>&#8216;in Erdemli il\u00e7esinde muadil ila\u00e7 verdi\u011fi i\u00e7in eczac\u0131 kalfas\u0131n\u0131n kafas\u0131na sopayla vuran \u015fahs\u0131n asl\u0131nda 76 ya\u015f\u0131ndaki babas\u0131na \u015fiddet uygulanarak k\u00f6t\u00fc muamelede bulunulmas\u0131 nedeniyle olay\u0131 ger\u00e7ekle\u015ftirdi\u011fi g\u00fcvenlik kameras\u0131 g\u00f6r\u00fcnt\u00fcleri ortaya \u00e7\u0131kt\u0131.<br \/>\nO\u011fullar\u0131 tutuklanan aile, &#8220;Ya bizim \u00e7ocu\u011fumuz da serbest kals\u0131n ya da eczac\u0131 da tutuklans\u0131n&#8221; diyerek yard\u0131m istedi.<br \/>\nOlay, 15 ve 16 Ekim tarihlerinde Merkez Mahallesi Erdemli Devlet Hastanesi acil giri\u015fi kar\u015f\u0131s\u0131ndaki bir eczanede ya\u015fand\u0131. \u0130ddiaya g\u00f6re, 16 Ekim&#8217;de muadil ila\u00e7 tart\u0131\u015fmas\u0131nda babas\u0131na yap\u0131lan k\u00f6t\u00fc muamele nedeniyle \u0130smail Topak (44) eczac\u0131 kalfas\u0131 Arif Fidan&#8217;\u0131 sopayla darp etti, b\u0131\u00e7akla da \u00fczerine y\u00fcr\u00fcd\u00fc. \u00c7evredekilerin m\u00fcdahalesiyle olay sona ererken, \u015fikayet \u00fczerine Topak g\u00f6zalt\u0131na al\u0131n\u0131p tutukland\u0131.<\/p>\n<p>Ya\u015fl\u0131 adama eczac\u0131 sald\u0131rm\u0131\u015f: O anlar kamerada<br \/>\nTutuklanma olay\u0131n\u0131n \u00fczerinden 20 g\u00fcn ge\u00e7erken Topak&#8217;\u0131n Konya&#8217;da ya\u015fayan ancak d\u00f6nem d\u00f6nem\u00a0<strong class=\"searchword\">Mersin<\/strong>&#8216;in Erdemli il\u00e7esindeki evlerine gelen anne Ay\u015fen (68) ile baba Zeynel Abidin Topak (76), olayla ilgili a\u00e7\u0131klamalarda bulunarak 15 Ekim&#8217;de meydana gelen ilk hadisenin g\u00f6r\u00fcnt\u00fclerini payla\u015ft\u0131. 15 Ekim&#8217;de ya\u015fanan ilk olay an\u0131nda ait g\u00f6r\u00fcnt\u00fclerde eczaneye gelen 76 ya\u015f\u0131ndaki Topak&#8217;a, eczac\u0131 kalfas\u0131 Arif Fidan&#8217;\u0131n sald\u0131rma anlar\u0131 ve iteleyerek d\u0131\u015far\u0131 d\u00fc\u015f\u00fcrme an\u0131n\u0131n yer almas\u0131 dikkat \u00e7ekti. G\u00f6r\u00fcnt\u00fcler \u00fczerine konu\u015fan aile, as\u0131l ma\u011fduriyeti kendilerinin ya\u015fad\u0131\u011f\u0131n\u0131n, ya\u015fl\u0131 ve hasta bir insana yap\u0131lan muamelenin kabul edilemez oldu\u011funu anlatt\u0131.<\/p>\n<p>&#8220;Benim o\u011flumun su\u00e7u varsa kar\u015f\u0131daki ki\u015finin de su\u00e7u var&#8221;<br \/>\nOlay\u0131n ma\u011fduru 76 ya\u015f\u0131ndaki Zeynel Abidin Topak, &#8220;Doktora gittikten sonra eczaneye giderek ila\u00e7lar\u0131m\u0131z\u0131 ald\u0131k. 1 ay sonra tekrar doktora kontrole gittik. Kontrole gitti\u011fimiz de doktor, &#8216;Amca sana muadil ila\u00e7 vermi\u015fler, bunu de\u011fi\u015ftir&#8217; dedi. Ben de 15 Ekim&#8217;de ilac\u0131 de\u011fi\u015ftirmek i\u00e7in eczaneye gittim. Arif Fidan vard\u0131, bana bu ilac\u0131 neden verdiniz diye sordum, hakaret ederek &#8216;veririm&#8217; diye hitapta bulundu. Ben, &#8216;Bir yanl\u0131\u015fl\u0131k olmu\u015f, telafi ederiz&#8217; demesini beklerdim. Birden aya\u011fa kalkarak beni darp edip d\u0131\u015far\u0131ya att\u0131. Ben s\u0131rt\u0131m\u0131n \u00fczerine d\u00fc\u015ft\u00fcm. Halen v\u00fccudumda a\u011fr\u0131lar devam ediyor. 76 ya\u015f\u0131nda kalp, \u015feker ve tansiyon hastas\u0131 bir adam\u0131m. Orada belki \u00f6lebilirdim. Emniyete gidip \u015fikayette bulundum. O\u011flum bu olay\u0131 duyup eczaneye g\u00f6r\u00fc\u015fmeye gitmi\u015f. Oradaki olaylar\u0131 bilmiyorum, o\u011flumun yapt\u0131\u011f\u0131n\u0131 da tasvip etmiyorum. Sa\u011fl\u0131kta \u015fiddet olay\u0131na \u00e7evirdiler. Halbuki \u015fiddeti g\u00f6ren benim, ma\u011fdur olan benim. Bu olay\u0131n sebebi Arif&#8217;tir. Kamera kay\u0131tlar\u0131n\u0131 benim darp edildi\u011fimi g\u00f6receksiniz. Benim o\u011flumun su\u00e7u varsa kar\u015f\u0131daki ki\u015finin de su\u00e7u var, onun da tutuklanmas\u0131n\u0131 istiyorum&#8221; dedi.<\/p>\n<p>&#8220;Benim \u00e7ocu\u011fum \u00e7\u0131ks\u0131n&#8221;<br \/>\nE\u015finin tartaklan\u0131p d\u0131\u015far\u0131 at\u0131ld\u0131\u011f\u0131n\u0131 hat\u0131rlatan Ay\u015fen Topak ise Konya&#8217;da ikamet eden o\u011flunun bunun \u00fczerine\u00a0<strong class=\"searchword\">Mersin<\/strong>&#8216;e geldi\u011fini ve olaya kar\u0131\u015ft\u0131\u011f\u0131n\u0131, &#8220;Kim yapmaz ki babas\u0131na b\u00f6yle yap\u0131l\u0131rsa&#8221; diyerek anlatt\u0131. Kendi \u00e7ocu\u011fu su\u00e7lu ise kar\u015f\u0131 taraf\u0131n daha su\u00e7lu oldu\u011funu savunan Topak, &#8220;Benim \u00e7ocu\u011fum cezaevinden \u00e7\u0131ks\u0131n&#8221; diyerek g\u00f6zya\u015f\u0131 d\u00f6kt\u00fc.<\/p>\n<p>Eczac\u0131 kalfas\u0131 ya\u015fl\u0131 adama sald\u0131rd\u0131\u011f\u0131 k\u0131sm\u0131 anlatmam\u0131\u015f<br \/>\nSald\u0131r\u0131ya u\u011frayan eczane \u00e7al\u0131\u015fan\u0131 Arif Fidan&#8217;\u0131n, olay g\u00fcn\u00fc ger\u00e7ekle\u015ftirdi\u011fi k\u00f6t\u00fc muameleye hi\u00e7 de\u011finmedi\u011fi ve basit anlat\u0131mlarla ge\u00e7i\u015ftirdi\u011fi orta \u00e7\u0131kt\u0131. Darp edildikten sonra gazetecilere konu\u015fan Fidan, &#8220;Hasta eczaneye geldi ve elindeki po\u015fetten 3 ilac\u0131 \u00e7\u0131kard\u0131. Ben yard\u0131mc\u0131 olmaya \u00e7al\u0131\u015ft\u0131m kendisine. Sorunun ne oldu\u011fu \u00e7\u00f6zmeye y\u00f6nelik re\u00e7eteyi a\u00e7maya \u00e7al\u0131\u015ft\u0131m. Re\u00e7ete yakla\u015f\u0131k 1.5 ay \u00f6nce yaz\u0131lm\u0131\u015f. Ben bunu \u00e7\u00f6zmeye \u00e7al\u0131\u015f\u0131rken, \u015fah\u0131s, &#8216;Bana neden ilac\u0131 vermiyorsun lan&#8217; dedi. Ben kendisini uyard\u0131m, ikinci kez s\u00f6yleyince \u00e7\u0131k d\u0131\u015far\u0131 dedim. Olay bundan ibaret. Bu \u015fekilde gittikten sonra sabah tekrar gelerek elindeki sopayla sald\u0131rd\u0131. Elinde b\u0131\u00e7ak vard\u0131. B\u0131\u00e7a\u011f\u0131 tuttuk zaten, tutmasayd\u0131k daha k\u00f6t\u00fc olabilirdi&#8221; ifadelerini kullanm\u0131\u015ft\u0131.<\/p>\n","protected":false},"excerpt":{"rendered":"<p>Mersin&#8216;in Erdemli il\u00e7esinde muadil ila\u00e7 verdi\u011fi i\u00e7in eczac\u0131 kalfas\u0131n\u0131n kafas\u0131na sopayla vuran \u015fahs\u0131n asl\u0131nda 76 ya\u015f\u0131ndaki babas\u0131na \u015fiddet uygulanarak k\u00f6t\u00fc muamelede bulunulmas\u0131 nedeniyle olay\u0131 ger\u00e7ekle\u015ftirdi\u011fi g\u00fcvenlik kameras\u0131 g\u00f6r\u00fcnt\u00fcleri ortaya \u00e7\u0131kt\u0131. O\u011fullar\u0131 tutuklanan aile, &#8220;Ya bizim \u00e7ocu\u011fumuz da serbest kals\u0131n ya da eczac\u0131 da tutuklans\u0131n&#8221; diyerek yard\u0131m istedi. Olay, 15 ve 16 Ekim tarihlerinde Merkez Mahallesi [&hellip;]<\/p>\n","protected":false},"author":2,"featured_media":114357,"comment_status":"open","ping_status":"open","sticky":false,"template":"","format":"standard","meta":{"footnotes":""},"categories":[1],"tags":[],"class_list":["post-114356","post","type-post","status-publish","format-standard","has-post-thumbnail","hentry","category-gundem"],"views":83,"_links":{"self":[{"href":"https:\/\/mersingazetesi.com\/index.php\/wp-json\/wp\/v2\/posts\/114356","targetHints":{"allow":["GET"]}}],"collection":[{"href":"https:\/\/mersingazetesi.com\/index.php\/wp-json\/wp\/v2\/posts"}],"about":[{"href":"https:\/\/mersingazetesi.com\/index.php\/wp-json\/wp\/v2\/types\/post"}],"author":[{"embeddable":true,"href":"https:\/\/mersingazetesi.com\/index.php\/wp-json\/wp\/v2\/users\/2"}],"replies":[{"embeddable":true,"href":"https:\/\/mersingazetesi.com\/index.php\/wp-json\/wp\/v2\/comments?post=114356"}],"version-history":[{"count":1,"href":"https:\/\/mersingazetesi.com\/index.php\/wp-json\/wp\/v2\/posts\/114356\/revisions"}],"predecessor-version":[{"id":114358,"href":"https:\/\/mersingazetesi.com\/index.php\/wp-json\/wp\/v2\/posts\/114356\/revisions\/114358"}],"wp:featuredmedia":[{"embeddable":true,"href":"https:\/\/mersingazetesi.com\/index.php\/wp-json\/wp\/v2\/media\/114357"}],"wp:attachment":[{"href":"https:\/\/mersingazetesi.com\/index.php\/wp-json\/wp\/v2\/media?parent=114356"}],"wp:term":[{"taxonomy":"category","embeddable":true,"href":"https:\/\/mersingazetesi.com\/index.php\/wp-json\/wp\/v2\/categories?post=114356"},{"taxonomy":"post_tag","embeddable":true,"href":"https:\/\/mersingazetesi.com\/index.php\/wp-json\/wp\/v2\/tags?post=114356"}],"curies":[{"name":"wp","href":"https:\/\/api.w.org\/{rel}","templated":true}]}}