{"id":114299,"date":"2025-11-03T23:31:29","date_gmt":"2025-11-03T20:31:29","guid":{"rendered":"https:\/\/mersingazetesi.com\/?p=114299"},"modified":"2025-11-03T23:31:29","modified_gmt":"2025-11-03T20:31:29","slug":"galatasaray-dolandiricilik-faaliyeti-yuruten-bir-sebekenin-mersinde-cokertildigini-acikladi","status":"publish","type":"post","link":"https:\/\/mersingazetesi.com\/index.php\/2025\/11\/03\/galatasaray-dolandiricilik-faaliyeti-yuruten-bir-sebekenin-mersinde-cokertildigini-acikladi\/","title":{"rendered":"Galatasaray, doland\u0131r\u0131c\u0131l\u0131k faaliyeti y\u00fcr\u00fcten bir \u015febekenin Mersinde \u00e7\u00f6kertildi\u011fini a\u00e7\u0131klad\u0131"},"content":{"rendered":"<p>Galatasaray, sar\u0131-k\u0131rm\u0131z\u0131l\u0131 taraftarlar\u0131 hedef alan, loca ve kombine bilet sat\u0131\u015f\u0131 vaadiyle binlerce Euro tutar\u0131nda doland\u0131r\u0131c\u0131l\u0131k faaliyeti y\u00fcr\u00fcten\u00a0<strong class=\"searchword\">Mersin<\/strong>\u00a0merkezli bir \u015febekenin \u0130\u00e7i\u015fleri Bakanl\u0131\u011f\u0131 ve\u00a0<strong class=\"searchword\">Mersin<\/strong>\u00a0\u0130l Emniyet M\u00fcd\u00fcrl\u00fc\u011f\u00fc\u2019n\u00fcn \u00e7al\u0131\u015fmalar\u0131 sayesinde \u00e7\u00f6kertildi\u011fini a\u00e7\u0131klad\u0131.<br \/>\nKonuyla ilgili sar\u0131-k\u0131rm\u0131z\u0131l\u0131 kul\u00fcpten yap\u0131lan a\u00e7\u0131klamada \u015fu ifadelere yer verildi:<br \/>\n&#8220;Galatasaray Spor Kul\u00fcb\u00fc olarak, taraftarlar\u0131m\u0131z\u0131 hedef alan, &#8216;loca ve kombine bilet sat\u0131\u015f\u0131&#8217; vaadiyle binlerce Euro tutar\u0131nda doland\u0131r\u0131c\u0131l\u0131k faaliyeti y\u00fcr\u00fcten,\u00a0<strong class=\"searchword\">Mersin<\/strong>\u00a0merkezli bir \u015febekenin varl\u0131\u011f\u0131 tespit edilerek, durum ivedilikle ilgili makamlara ihbar edilmi\u015ftir.<br \/>\n\u0130hbar\u0131m\u0131z\u0131n ard\u0131ndan \u0130\u00e7i\u015fleri Bakanl\u0131\u011f\u0131m\u0131z\u0131n ve\u00a0<strong class=\"searchword\">Mersin<\/strong>\u00a0\u0130l Emniyet M\u00fcd\u00fcrl\u00fc\u011f\u00fc\u2019n\u00fcn titiz, h\u0131zl\u0131 ve etkili \u00e7al\u0131\u015fmalar\u0131 sayesinde, 16 ki\u015fi g\u00f6zalt\u0131na al\u0131nm\u0131\u015f ve s\u00f6z konusu su\u00e7 \u015febekesi k\u0131sa s\u00fcrede yakalanarak \u00e7\u00f6kertilmi\u015ftir.<br \/>\nKul\u00fcb\u00fcm\u00fcz, her zaman oldu\u011fu gibi taraftarlar\u0131m\u0131z\u0131n g\u00fcvenli\u011fini ve maddi-manevi haklar\u0131n\u0131 korumay\u0131 \u00f6ncelikli sorumluluklar\u0131ndan biri olarak g\u00f6rmektedir. Bu kapsamda, benzer yasa d\u0131\u015f\u0131 giri\u015fimlere kar\u015f\u0131 dikkatli olunmas\u0131n\u0131; bilet, loca veya herhangi bir kul\u00fcp \u00fcr\u00fcn\u00fc al\u0131m\u0131nda yaln\u0131zca Galatasaray Spor Kul\u00fcb\u00fc\u2019n\u00fcn resm\u00ee kanallar\u0131n\u0131n kullan\u0131lmas\u0131n\u0131 \u00f6nemle hat\u0131rlat\u0131r\u0131z.<br \/>\nBu s\u00fcre\u00e7te h\u0131zl\u0131 bir \u015fekilde aksiyon alan ve operasyonu ba\u015far\u0131yla sonu\u00e7land\u0131ran \u0130\u00e7i\u015fleri Bakan\u0131m\u0131z Say\u0131n Ali Yerlikaya nezdinde Emniyet Te\u015fkilat\u0131m\u0131za,\u00a0<strong class=\"searchword\">Mersin<\/strong>\u00a0Valimiz Say\u0131n Atilla Toros\u2019a,\u00a0<strong class=\"searchword\">Mersin<\/strong>\u00a0\u0130l Emniyet M\u00fcd\u00fcrl\u00fc\u011f\u00fc\u2019ne ve eme\u011fi ge\u00e7en t\u00fcm g\u00fcvenlik g\u00fc\u00e7lerimize Galatasaray Spor Kul\u00fcb\u00fc camias\u0131 ad\u0131na te\u015fekk\u00fcr ederiz.&#8221;<\/p>\n","protected":false},"excerpt":{"rendered":"<p>Galatasaray, sar\u0131-k\u0131rm\u0131z\u0131l\u0131 taraftarlar\u0131 hedef alan, loca ve kombine bilet sat\u0131\u015f\u0131 vaadiyle binlerce Euro tutar\u0131nda doland\u0131r\u0131c\u0131l\u0131k faaliyeti y\u00fcr\u00fcten\u00a0Mersin\u00a0merkezli bir \u015febekenin \u0130\u00e7i\u015fleri Bakanl\u0131\u011f\u0131 ve\u00a0Mersin\u00a0\u0130l Emniyet M\u00fcd\u00fcrl\u00fc\u011f\u00fc\u2019n\u00fcn \u00e7al\u0131\u015fmalar\u0131 sayesinde \u00e7\u00f6kertildi\u011fini a\u00e7\u0131klad\u0131. Konuyla ilgili sar\u0131-k\u0131rm\u0131z\u0131l\u0131 kul\u00fcpten yap\u0131lan a\u00e7\u0131klamada \u015fu ifadelere yer verildi: &#8220;Galatasaray Spor Kul\u00fcb\u00fc olarak, taraftarlar\u0131m\u0131z\u0131 hedef alan, &#8216;loca ve kombine bilet sat\u0131\u015f\u0131&#8217; vaadiyle binlerce Euro tutar\u0131nda doland\u0131r\u0131c\u0131l\u0131k [&hellip;]<\/p>\n","protected":false},"author":2,"featured_media":114300,"comment_status":"open","ping_status":"open","sticky":false,"template":"","format":"standard","meta":{"footnotes":""},"categories":[8],"tags":[],"class_list":["post-114299","post","type-post","status-publish","format-standard","has-post-thumbnail","hentry","category-mersin"],"views":104,"_links":{"self":[{"href":"https:\/\/mersingazetesi.com\/index.php\/wp-json\/wp\/v2\/posts\/114299","targetHints":{"allow":["GET"]}}],"collection":[{"href":"https:\/\/mersingazetesi.com\/index.php\/wp-json\/wp\/v2\/posts"}],"about":[{"href":"https:\/\/mersingazetesi.com\/index.php\/wp-json\/wp\/v2\/types\/post"}],"author":[{"embeddable":true,"href":"https:\/\/mersingazetesi.com\/index.php\/wp-json\/wp\/v2\/users\/2"}],"replies":[{"embeddable":true,"href":"https:\/\/mersingazetesi.com\/index.php\/wp-json\/wp\/v2\/comments?post=114299"}],"version-history":[{"count":2,"href":"https:\/\/mersingazetesi.com\/index.php\/wp-json\/wp\/v2\/posts\/114299\/revisions"}],"predecessor-version":[{"id":114302,"href":"https:\/\/mersingazetesi.com\/index.php\/wp-json\/wp\/v2\/posts\/114299\/revisions\/114302"}],"wp:featuredmedia":[{"embeddable":true,"href":"https:\/\/mersingazetesi.com\/index.php\/wp-json\/wp\/v2\/media\/114300"}],"wp:attachment":[{"href":"https:\/\/mersingazetesi.com\/index.php\/wp-json\/wp\/v2\/media?parent=114299"}],"wp:term":[{"taxonomy":"category","embeddable":true,"href":"https:\/\/mersingazetesi.com\/index.php\/wp-json\/wp\/v2\/categories?post=114299"},{"taxonomy":"post_tag","embeddable":true,"href":"https:\/\/mersingazetesi.com\/index.php\/wp-json\/wp\/v2\/tags?post=114299"}],"curies":[{"name":"wp","href":"https:\/\/api.w.org\/{rel}","templated":true}]}}