{"id":114230,"date":"2025-11-03T12:10:33","date_gmt":"2025-11-03T09:10:33","guid":{"rendered":"https:\/\/mersingazetesi.com\/?p=114230"},"modified":"2025-11-03T12:10:33","modified_gmt":"2025-11-03T09:10:33","slug":"cbk-mersinden-sinem-atas-milli-takimda","status":"publish","type":"post","link":"https:\/\/mersingazetesi.com\/index.php\/2025\/11\/03\/cbk-mersinden-sinem-atas-milli-takimda\/","title":{"rendered":"\u00c7BK Mersin&#8217;den Sinem Ata\u015f Milli Tak\u0131m&#8217;da"},"content":{"rendered":"<p>FIBA 2026 Kad\u0131nlar D\u00fcnya Kupas\u0131 Elemeleri haz\u0131rl\u0131klar\u0131na ba\u015flayacak A Milli Kad\u0131n Basketbol Tak\u0131m\u0131&#8217;n\u0131n kamp kadrosu a\u00e7\u0131kland\u0131.\u00a0 \u00c7BK Mersin&#8217;den Sinem Ata\u015f Milli Tak\u0131m&#8217;a se\u00e7ildi.<\/p>\n<p>A Milli Kad\u0131n Basketbol Tak\u0131m\u0131, FIBA 2026 Kad\u0131nlar D\u00fcnya Kupas\u0131 Elemeleri haz\u0131rl\u0131klar\u0131 kapsam\u0131nda 11 Kas\u0131m Sal\u0131 g\u00fcn\u00fc \u0130stanbul\u2019da \u00e7al\u0131\u015fmalar\u0131na ba\u015flayacak. Milliler, 11 &#8211; 16 Kas\u0131m tarihleri aras\u0131nda haz\u0131rl\u0131klar\u0131n\u0131 Ba\u015fantren\u00f6r Andrea Mazzon y\u00f6netiminde Turkcell Basketbol Geli\u015fim Merkezi\u2019nde s\u00fcrd\u00fcrecek.<br \/>\n2025 yaz\u0131nda d\u00fczenlenen FIBA Kad\u0131nlar Avrupa \u015eampiyonas\u0131\u2019n\u0131 7. s\u0131rada tamamlayan milliler, bu sonu\u00e7la 2026 D\u00fcnya Kupas\u0131 Elemeleri\u2019nde yer alma hakk\u0131 elde etmi\u015f, ayn\u0131 zamanda 2027 Avrupa \u015eampiyonas\u0131 Elemeleri \u0130kinci Turu&#8217;na kat\u0131lmaya hak kazanm\u0131\u015ft\u0131.<br \/>\nFIBA 2026 Kad\u0131nlar Basketbol D\u00fcnya Kupas\u0131 Elemeleri&#8217;nin bir penceresi ise 11 Mart &#8211; 17 Mart 2026 tarihleri aras\u0131nda Turkcell Basketbol Geli\u015fim Merkezi&#8217;nin ev sahipli\u011finde d\u00fczenlecek.<br \/>\nA Milli Kad\u0131n Basketbol Tak\u0131m\u0131&#8217;n\u0131n kamp kadrosu \u015fu \u015fekilde:<\/p>\n<p>&#8220;\u0130layda G\u00fcner, Meltem Y\u0131ld\u0131zhan, Pelin Derya Bilgi\u00e7 (Be\u015fikta\u015f), Ay\u015feg\u00fcl G\u00fcnay Alada\u011f, Tuba Poyraz (Bota\u015f), Esra Ural Topuz, Manolya Kurtulmu\u015f, Sinem Ata\u015f (\u00c7BK\u00a0<strong class=\"searchword\">Mersin<\/strong>), Berfin Serto\u011flu, Melek Uzuno\u011flu (Emlak Konut), Olcay \u00c7ak\u0131r Turgut, Sevgi Uzun, \u015eerife Alperi Onar, Tilbe \u015eeny\u00fcrek (Fenerbah\u00e7e), Ay\u015fe Cora Yamaner, Derin Erdo\u011fan, Elif Bayram, G\u00f6k\u015fen Fitik, Sehernaz \u00c7idal, Zeynep \u015eevval G\u00fcl (Galatasaray), Meltem Avc\u0131 Y\u0131lmaz (Melikgazi Kayseri Basketbol).&#8221;<\/p>\n","protected":false},"excerpt":{"rendered":"<p>FIBA 2026 Kad\u0131nlar D\u00fcnya Kupas\u0131 Elemeleri haz\u0131rl\u0131klar\u0131na ba\u015flayacak A Milli Kad\u0131n Basketbol Tak\u0131m\u0131&#8217;n\u0131n kamp kadrosu a\u00e7\u0131kland\u0131.\u00a0 \u00c7BK Mersin&#8217;den Sinem Ata\u015f Milli Tak\u0131m&#8217;a se\u00e7ildi. A Milli Kad\u0131n Basketbol Tak\u0131m\u0131, FIBA 2026 Kad\u0131nlar D\u00fcnya Kupas\u0131 Elemeleri haz\u0131rl\u0131klar\u0131 kapsam\u0131nda 11 Kas\u0131m Sal\u0131 g\u00fcn\u00fc \u0130stanbul\u2019da \u00e7al\u0131\u015fmalar\u0131na ba\u015flayacak. Milliler, 11 &#8211; 16 Kas\u0131m tarihleri aras\u0131nda haz\u0131rl\u0131klar\u0131n\u0131 Ba\u015fantren\u00f6r Andrea Mazzon y\u00f6netiminde [&hellip;]<\/p>\n","protected":false},"author":2,"featured_media":114231,"comment_status":"open","ping_status":"open","sticky":false,"template":"","format":"standard","meta":{"footnotes":""},"categories":[6,2],"tags":[],"class_list":["post-114230","post","type-post","status-publish","format-standard","has-post-thumbnail","hentry","category-spor","category-kadin"],"views":181,"_links":{"self":[{"href":"https:\/\/mersingazetesi.com\/index.php\/wp-json\/wp\/v2\/posts\/114230","targetHints":{"allow":["GET"]}}],"collection":[{"href":"https:\/\/mersingazetesi.com\/index.php\/wp-json\/wp\/v2\/posts"}],"about":[{"href":"https:\/\/mersingazetesi.com\/index.php\/wp-json\/wp\/v2\/types\/post"}],"author":[{"embeddable":true,"href":"https:\/\/mersingazetesi.com\/index.php\/wp-json\/wp\/v2\/users\/2"}],"replies":[{"embeddable":true,"href":"https:\/\/mersingazetesi.com\/index.php\/wp-json\/wp\/v2\/comments?post=114230"}],"version-history":[{"count":2,"href":"https:\/\/mersingazetesi.com\/index.php\/wp-json\/wp\/v2\/posts\/114230\/revisions"}],"predecessor-version":[{"id":114233,"href":"https:\/\/mersingazetesi.com\/index.php\/wp-json\/wp\/v2\/posts\/114230\/revisions\/114233"}],"wp:featuredmedia":[{"embeddable":true,"href":"https:\/\/mersingazetesi.com\/index.php\/wp-json\/wp\/v2\/media\/114231"}],"wp:attachment":[{"href":"https:\/\/mersingazetesi.com\/index.php\/wp-json\/wp\/v2\/media?parent=114230"}],"wp:term":[{"taxonomy":"category","embeddable":true,"href":"https:\/\/mersingazetesi.com\/index.php\/wp-json\/wp\/v2\/categories?post=114230"},{"taxonomy":"post_tag","embeddable":true,"href":"https:\/\/mersingazetesi.com\/index.php\/wp-json\/wp\/v2\/tags?post=114230"}],"curies":[{"name":"wp","href":"https:\/\/api.w.org\/{rel}","templated":true}]}}