{"id":114226,"date":"2025-11-03T11:53:02","date_gmt":"2025-11-03T08:53:02","guid":{"rendered":"https:\/\/mersingazetesi.com\/?p=114226"},"modified":"2025-11-03T11:53:02","modified_gmt":"2025-11-03T08:53:02","slug":"ssk-ve-bag-kur-emeklileri-icin-zam-farki-belli-oldu","status":"publish","type":"post","link":"https:\/\/mersingazetesi.com\/index.php\/2025\/11\/03\/ssk-ve-bag-kur-emeklileri-icin-zam-farki-belli-oldu\/","title":{"rendered":"SSK VE BA\u011e-KUR EMEKL\u0130LER\u0130 \u0130\u00c7\u0130N ZAM FARKI BELL\u0130 OLDU"},"content":{"rendered":"<p>T\u00dc\u0130K, Ekim ay\u0131na ili\u015fkin enflasyon oranlar\u0131n\u0131 duyurdu. Bu geli\u015fmeyle birlikte SSK ve Ba\u011f-Kur emeklilerinin yan\u0131 s\u0131ra memur ve emekli memurlar\u0131n 2026 Ocak ay\u0131nda alaca\u011f\u0131 maa\u015f art\u0131\u015f oran\u0131 da \u015fekillendi.<\/p>\n<p>Enflasyon fark\u0131 SSK ve BA\u011e-KUR emeklileri i\u00e7in y\u00fczde 10,25 oldu. Memur maa\u015flar\u0131 ve emekli memur ayl\u0131klar\u0131 i\u00e7in d\u00f6rt ayl\u0131k enflasyon fark\u0131 y\u00fczde 5 oldu.<\/p>\n<p>Memur maa\u015flar\u0131na ve emekli memur ayl\u0131klar\u0131na ocak ay\u0131nda y\u00fczde 11 oran\u0131nda toplu s\u00f6zle\u015fme zamm\u0131 uygulanacak. Bununla birlikte memur maa\u015flar\u0131 ve emekli ayl\u0131klar\u0131 i\u00e7in ocak ay\u0131nda y\u00fczde 16,55 oran\u0131nda zam yap\u0131lacak.<\/p>\n","protected":false},"excerpt":{"rendered":"<p>T\u00dc\u0130K, Ekim ay\u0131na ili\u015fkin enflasyon oranlar\u0131n\u0131 duyurdu. Bu geli\u015fmeyle birlikte SSK ve Ba\u011f-Kur emeklilerinin yan\u0131 s\u0131ra memur ve emekli memurlar\u0131n 2026 Ocak ay\u0131nda alaca\u011f\u0131 maa\u015f art\u0131\u015f oran\u0131 da \u015fekillendi. Enflasyon fark\u0131 SSK ve BA\u011e-KUR emeklileri i\u00e7in y\u00fczde 10,25 oldu. Memur maa\u015flar\u0131 ve emekli memur ayl\u0131klar\u0131 i\u00e7in d\u00f6rt ayl\u0131k enflasyon fark\u0131 y\u00fczde 5 oldu. Memur maa\u015flar\u0131na [&hellip;]<\/p>\n","protected":false},"author":2,"featured_media":114227,"comment_status":"open","ping_status":"open","sticky":false,"template":"","format":"standard","meta":{"footnotes":""},"categories":[4],"tags":[],"class_list":["post-114226","post","type-post","status-publish","format-standard","has-post-thumbnail","hentry","category-ekonomi"],"views":125,"_links":{"self":[{"href":"https:\/\/mersingazetesi.com\/index.php\/wp-json\/wp\/v2\/posts\/114226","targetHints":{"allow":["GET"]}}],"collection":[{"href":"https:\/\/mersingazetesi.com\/index.php\/wp-json\/wp\/v2\/posts"}],"about":[{"href":"https:\/\/mersingazetesi.com\/index.php\/wp-json\/wp\/v2\/types\/post"}],"author":[{"embeddable":true,"href":"https:\/\/mersingazetesi.com\/index.php\/wp-json\/wp\/v2\/users\/2"}],"replies":[{"embeddable":true,"href":"https:\/\/mersingazetesi.com\/index.php\/wp-json\/wp\/v2\/comments?post=114226"}],"version-history":[{"count":2,"href":"https:\/\/mersingazetesi.com\/index.php\/wp-json\/wp\/v2\/posts\/114226\/revisions"}],"predecessor-version":[{"id":114229,"href":"https:\/\/mersingazetesi.com\/index.php\/wp-json\/wp\/v2\/posts\/114226\/revisions\/114229"}],"wp:featuredmedia":[{"embeddable":true,"href":"https:\/\/mersingazetesi.com\/index.php\/wp-json\/wp\/v2\/media\/114227"}],"wp:attachment":[{"href":"https:\/\/mersingazetesi.com\/index.php\/wp-json\/wp\/v2\/media?parent=114226"}],"wp:term":[{"taxonomy":"category","embeddable":true,"href":"https:\/\/mersingazetesi.com\/index.php\/wp-json\/wp\/v2\/categories?post=114226"},{"taxonomy":"post_tag","embeddable":true,"href":"https:\/\/mersingazetesi.com\/index.php\/wp-json\/wp\/v2\/tags?post=114226"}],"curies":[{"name":"wp","href":"https:\/\/api.w.org\/{rel}","templated":true}]}}