{"id":113583,"date":"2025-10-28T17:49:57","date_gmt":"2025-10-28T14:49:57","guid":{"rendered":"https:\/\/mersingazetesi.com\/?p=113583"},"modified":"2025-10-28T17:49:57","modified_gmt":"2025-10-28T14:49:57","slug":"dunyada-ve-turkiyede-gercek-otesipost-truthyalanlar-ve-casusluk-davalari","status":"publish","type":"post","link":"https:\/\/mersingazetesi.com\/index.php\/2025\/10\/28\/dunyada-ve-turkiyede-gercek-otesipost-truthyalanlar-ve-casusluk-davalari\/","title":{"rendered":"D\u00dcNYADA VE T\u00dcRK\u0130YE\u2019DE GER\u00c7EK \u00d6TES\u0130(POST- TRUTH)YALANLAR VE CASUSLUK DAVALARI\u2026"},"content":{"rendered":"<p>Yerel se\u00e7imlerde , AKP aday\u0131n\u0131 \u00fc\u00e7 kez yenilgiye u\u011fratan ve CHP\u2019nin cumhurba\u015fkan\u0131 aday\u0131 Ekrem \u0130mamo\u011flu\u2019nun (E\u0130) ka\u00e7ma \u015f\u00fcphesi olmad\u0131\u011f\u0131 bilindi\u011fi halde yolsuzluk iddialar\u0131 ile iddianamesiz ve mahkemeye \u00e7\u0131kart\u0131l\u0131p savunma hakk\u0131 vermeden aylard\u0131r tutuklu kalmas\u0131 toplumda kar\u015f\u0131l\u0131\u011f\u0131n\u0131n olmad\u0131\u011f\u0131 yap\u0131lan anketlerde ortaya \u00e7\u0131kt\u0131. Bu sefer, ge\u00e7ti\u011fimiz hafta sonu E\u0130 casusluk iddias\u0131yla Sara\u00e7hane\u2018de jet h\u0131z\u0131yla hakim kar\u015f\u0131s\u0131na \u00e7\u0131kart\u0131ld\u0131. Ve bir tek ki\u015finin tan\u0131kl\u0131\u011f\u0131yla ve somut delil olmayan ifadeleriyle haz\u0131rlanan iddianamenin de alt\u0131 bo\u015f \u00e7\u0131kt\u0131.<\/p>\n<div dir=\"ltr\"><\/div>\n<p>Bu durum bir hukuk garabeti ve rezaletidir.<\/p>\n<div dir=\"ltr\"><\/div>\n<p>Arkas\u0131ndan Tele-1 y\u00f6neticisi Merdan Yanarda\u011f\u2019 da ayn\u0131 g\u00fcn casusluk \u00f6rg\u00fct\u00fcn su\u00e7lamas\u0131yla ayn\u0131 organizasyonda imi\u015f gibi g\u00f6zalt\u0131na al\u0131narak tutukland\u0131 .<\/p>\n<div dir=\"ltr\"><\/div>\n<p>Ayn\u0131 g\u00fcn ak\u015fam Tele-1&#8217;e mahkeme karar\u0131 olmadan (savc\u0131l\u0131k karar\u0131yla) tamamen hukuk d\u0131\u015f\u0131 olarak el konularak kayyum atand\u0131 ve Tele -1 ak\u015fam 18:00 da haberler verilirken susturuldu ve muhalif \u00fc\u00e7 TV kanaldan biri daha iktidar\u0131n kontrol\u00fcne ge\u00e7ti. \u015eimdi magazin haberleri yap\u0131yor.<\/p>\n<div dir=\"ltr\"><\/div>\n<div dir=\"ltr\"><\/div>\n<p>Tek kutuplu d\u00fcnya ve sava\u015f ve gerginlik isteyen Anglo Siyonist ve Reset\u00e7i derin merkezler, daha \u00f6nce g\u00fcndeme getirerek kabul ettirmeye \u00e7al\u0131\u015ft\u0131klar\u0131 kavram olan -ger\u00e7ek \u00f6tesi- kavram\u0131 ile toplumun ger\u00e7ekte olmayan sanal ve yalan alg\u0131larla d\u00fcnyay\u0131 y\u00f6netme \u00e7abas\u0131na devam ediyor.<\/p>\n<div dir=\"ltr\"><\/div>\n<div dir=\"ltr\"><\/div>\n<p>B\u0130TMEYEN \u0130FT\u0130RA: CASUSLUK<\/p>\n<div dir=\"ltr\"><\/div>\n<div dir=\"ltr\"><\/div>\n<p>Yalanlarla ve alg\u0131larla d\u00fcnyay\u0131 y\u00f6netme \u00e7abas\u0131n\u0131n D\u00fcnya\u2019daki son \u00f6rne\u011fi ABD de ba\u015fkan aday\u0131 ve MAGA( Amerikan Yurtseverli\u011fi) temsilcisi Trump\u2018a y\u00f6nelik toplumsal k\u0131\u015fk\u0131rtmalar ve Rusya lehine casusluk iddialar\u0131 ile a\u00e7\u0131lan soru\u015fturmalar ve toplumda yarat\u0131lmaya \u00e7al\u0131\u015f\u0131lan alg\u0131lard\u0131r.<\/p>\n<div dir=\"ltr\"><\/div>\n<div dir=\"ltr\"><\/div>\n<p>68, 78 ve 88 ku\u015fa\u011f\u0131 olarak<\/p>\n<div dir=\"ltr\"><\/div>\n<p>Y\u0131llarca \u00f6zellikle altm\u0131\u015fl\u0131 yetmi\u015fli ve Seksenli y\u0131llarda 007 James Bond sinema filmlerinde ve TV dizilerinde casusluk konusunun \u00e7ok pop\u00fcler oldu\u011funu ve toplumsal bilin\u00e7alt\u0131na i\u015flendi\u011fini biliyoruz. Bu nedenle casusluk \u00e7ok kolay su\u00e7lama ve kabul edilebilir bir alg\u0131lardan biri durumundad\u0131r.<\/p>\n<div dir=\"ltr\"><\/div>\n<div dir=\"ltr\"><\/div>\n<p>Yani \u00f6zetle T\u00fcrk\u00e7ede bizim -\u00c7amur at izi kals\u0131n- mant\u0131\u011f\u0131yla yap\u0131lan su\u00e7lama ve iddianamelerde toplum taraf\u0131ndan inand\u0131r\u0131c\u0131 bulunabilecek en kolay konu casusluk iddialar\u0131d\u0131r.<\/p>\n<div dir=\"ltr\"><\/div>\n<div dir=\"ltr\"><\/div>\n<p>Bunun ilk \u00f6rne\u011fi yurtsever Atat\u00fcrk\u00e7\u00fc komutanlara FET\u00d6 yarg\u0131\u00e7lar\u0131n\u0131n Ergenekon ve Balyoz Davalar\u0131 ile birlikte sonradan \u00e7\u0131kart\u0131lan casusluk davas\u0131-d\u0131r.<\/p>\n<div dir=\"ltr\"><\/div>\n<div dir=\"ltr\"><\/div>\n<div>CHP&#8217;nin Cumhurba\u015fkan\u0131 aday\u0131 ve anketlerde \u00f6nde \u00e7\u0131kan E\u0130&#8217;na yolsuzluk su\u00e7lamalar\u0131n\u0131n yap\u0131lan kamuoyu yoklama ve anketlerde toplumun ikna olmad\u0131\u011f\u0131 ortaya \u00e7\u0131k\u0131nca, aniden casusluk iddias\u0131 ortaya at\u0131ld\u0131. Ayn\u0131 casusluk iddianame kapsam\u0131nda ve e\u015fzamanl\u0131 olarak Tele-1 y\u00f6neticisi Merdan Yanarda\u011f (MY) jet h\u0131z\u0131yla ge\u00e7ti\u011fimiz 26 Ekim 2025 pazar g\u00fcn\u00fc, Silivri Cezaevinden, \u00c7a\u011flayan Adliyesine getirilerek mahkemeye \u00e7\u0131kart\u0131ld\u0131. 27 Ekim 2025 itibariyle ve E\u0130 ile 6 \u0130BB y\u00f6neticisi ile birlikte ayn\u0131 casusluk \u00f6rg\u00fct\u00fc su\u00e7lamas\u0131yla tutukland\u0131\u011f\u0131 haberi medya medyada yer ald\u0131.<\/div>\n<div dir=\"ltr\"><\/div>\n<div dir=\"ltr\"><\/div>\n<p>Bu alg\u0131 operasyonlar\u0131na ra\u011fmen, hem d\u00fcnyada hem \u00fclkemizde sosyal medyan\u0131n g\u00fcc\u00fc sayesinde, bu tip iddialar da beklendi\u011fi gibi inand\u0131r\u0131c\u0131 olmamaktad\u0131r.<\/p>\n<div dir=\"ltr\"><\/div>\n<div dir=\"ltr\"><\/div>\n<p>Bu nedenle ABD\u2019deki Trump\u2019a kar\u015f\u0131 casusluk davas\u0131 tutmam\u0131\u015f ve Trump ba\u015fkan se\u00e7ilmi\u015ftir.<\/p>\n<div dir=\"ltr\"><\/div>\n<div dir=\"ltr\"><\/div>\n<p>T\u00fcrkiye\u2019de de \u0130ngiliz \u0130stihbarat\u0131&#8217;n\u0131n da i\u00e7inde oldu\u011fu son casusluk iddianamesine tek bir tan\u0131\u011f\u0131n beyan\u0131n d\u0131\u015f\u0131nda -somut deliller- ortaya koyulmaz ise bu casusluk iddialar\u0131 da havada kalacakt\u0131r. Ancak E\u0130 hakk\u0131nda casusluk iddialar\u0131n\u0131n birdenbire \u00fclke g\u00fcndemine \u00fclke g\u00fcndemine sokulmas\u0131n\u0131n amac\u0131 farkl\u0131d\u0131r.<\/p>\n<div dir=\"ltr\"><\/div>\n<div dir=\"ltr\"><\/div>\n<p>CASUSLUK \u0130DD\u0130ALARI NEDEN AN\u0130DEN G\u00dcNDEME GELD\u0130?<\/p>\n<div dir=\"ltr\"><\/div>\n<div dir=\"ltr\"><\/div>\n<p>\u00d6zg\u00fcr \u00d6zel son mitinglerinde yurtta\u015flar\u0131m\u0131z\u0131n ve devlet kurumlar\u0131n\u0131n gizli kalmas\u0131 gereken yurtta\u015flar\u0131m\u0131za ait \u00f6zel bilgilerin bulundu\u011fu veri taban\u0131n\u0131n \u00e7al\u0131nd\u0131\u011f\u0131n\u0131 as\u0131l bunun b\u00fcy\u00fck bir casusluk oldu\u011funu ve ba\u015fta M\u0130T ba\u015fkan\u0131 olmak \u00fczere ilgili bakanl\u0131klar ve iktidar\u0131n ba\u015f\u0131n\u0131n sorumlu oldu\u011funu \u00e7ok net olarak ifade etti. Bu iddialara, bu sat\u0131rlar\u0131n yaz\u0131ld\u0131\u011f\u0131 saatlerde iktidardan hen\u00fcz bir yalanlama ve a\u00e7\u0131klama gelmedi.<\/p>\n<div dir=\"ltr\"><\/div>\n<div dir=\"ltr\"><\/div>\n<p>Do\u011fruysa bu durum genelkurmay ba\u015fkanl\u0131\u011f\u0131ndaki -Kozmik Oda-ya bilgilerinin FET\u00d6 yarg\u0131\u00e7lar\u0131 eliyle \u00e7al\u0131nmas\u0131ndan sonra, \u00fclkemizdeki -ikinci b\u00fcy\u00fck- casusluk skandald\u0131r.<\/p>\n<div dir=\"ltr\"><\/div>\n<div dir=\"ltr\"><\/div>\n<p>Art\u0131k sonu\u00e7ta devletimizin ve yurtta\u015flar\u0131m\u0131z\u0131n t\u00fcm milli g\u00fcvenlik ve mahrem bilgileri yabanc\u0131 casusluk \u00f6rg\u00fctlerinin eline ge\u00e7mi\u015ftir.<\/p>\n<div dir=\"ltr\"><\/div>\n<div dir=\"ltr\"><\/div>\n<p>Kanaatimce iktidar, bu defa bu son casuslu\u011fu \u00f6\u011frenir \u00f6\u011frenmez, aceleyle kamuoyundan gelecek tepkileri muhalefete kanalize etmek amac\u0131yla, en b\u00fcy\u00fck ikinci casusluk ve devlet skandal\u0131n\u0131 da zaten iddianamesiz aylarca tutuklayarak alg\u0131yla lin\u00e7 etmeye \u00e7al\u0131\u015ft\u0131\u011f\u0131 tutuklu E\u0130 ve arkada\u015flar\u0131n\u0131n \u00fczerine (sahip oldu\u011fu medya g\u00fcc\u00fc ile) atarak, bu konuda \u00f6n almaya, dikkatleri muhalefete y\u00f6nlendirmeye ve bu yans\u0131tma ile bu vebali \u00fczerinden savu\u015fturmaya \u00e7al\u0131\u015fmaktad\u0131r.<\/p>\n<div dir=\"ltr\"><\/div>\n<div dir=\"ltr\"><\/div>\n<p>\u00c7\u00fcnk\u00fc, AKP kendi iktidar\u0131nda, kozmik oda skandal\u0131ndan sonra, devletimize ve yurtta\u015flar\u0131m\u0131za ya\u015fatt\u0131\u011f\u0131 bu b\u00fcy\u00fck ikinci skandal\u0131nda alt\u0131nda kalmak istememektedir.<\/p>\n<div dir=\"ltr\"><\/div>\n<div dir=\"ltr\"><\/div>\n<p>B\u0130R TA\u015eLA \u0130K\u0130 KU\u015e MU?<\/p>\n<div dir=\"ltr\"><\/div>\n<div dir=\"ltr\"><\/div>\n<p>\u00d6te yandan, bu casusluk torba iddianame i\u00e7ine yurtseverli\u011fi ve Cumhuriyet devrimlerini savunan ki\u015fili\u011fi ile tan\u0131nan Merdan Yanarda\u011f\u2019\u0131n kat\u0131larak tutuklanmas\u0131 ve TELE-1&#8217;e kayyum atanarak bir muhalefet kanal\u0131n\u0131n daha susturulmas\u0131 da kan\u0131mca bir ta\u015fla iki ku\u015f vurulmak istenmesidir.<\/p>\n<div dir=\"ltr\"><\/div>\n<div dir=\"ltr\"><\/div>\n<p>Ancak, bu son casusluk iddialar\u0131n da, \u00f6ncekiler gibi hukuken temelsiz oldu\u011funu \u00e7e\u015fitli medya kanallar\u0131nda bir \u00e7ok sayg\u0131n hukuk\u00e7u ifade etmektedir. \u00c7\u00fcnk\u00fc \u00e7ok \u00f6nemli iddialar\u0131n, halen tek bir ki\u015finin kan\u0131ts\u0131z ifadelerine dayand\u0131rmas\u0131 da hukuken ve toplumsal inand\u0131r\u0131c\u0131l\u0131k a\u00e7\u0131s\u0131ndan yeterli de\u011fildir. Buda toplumsal tepkiyi tersine kabarmaktad\u0131r.<\/p>\n<div dir=\"ltr\"><\/div>\n<div dir=\"ltr\"><\/div>\n<p>Yaz\u0131m\u0131, Hitler\u2019in \u00fcnl\u00fc propaganda bakan\u0131 Goebbels\u2019in (1897-1945) s\u00f6zleri ile tamaml\u0131yorum. \u201cNe kadar \u00e7ok ve b\u00fcy\u00fck yalan s\u00f6ylerseniz o kadar inand\u0131r\u0131c\u0131 olur.\u201d<\/p>\n<div dir=\"ltr\"><\/div>\n<div dir=\"ltr\"><\/div>\n<p>Ancak, \u00e7ok be\u011fendi\u011fim ba\u015fka bir atas\u00f6z\u00fc de \u015f\u00f6yle demektedir: ger\u00e7ek ayakkab\u0131lar\u0131n\u0131 giyinceye kadar, yalan karanl\u0131kta d\u00fcnyan\u0131n yar\u0131s\u0131n\u0131 dola\u015f\u0131rm\u0131\u015f, ancak ger\u00e7e\u011fin \u015fa\u015fmaz ayd\u0131nlat\u0131c\u0131 g\u00fcne\u015fi do\u011fdu\u011funda, ger\u00e7e\u011fin \u0131\u015f\u0131\u011f\u0131 t\u00fcm d\u00fcnyay\u0131 kapsar, yalan bir anda kaybolur ve etkisiz olurmu\u015f.<\/p>\n<div dir=\"ltr\"><\/div>\n<p>Ger\u00e7eklerin ayd\u0131nlat\u0131c\u0131 \u0131\u015f\u0131\u011f\u0131na bir an \u00f6nce kavu\u015fmak dile\u011fiyle\u2026<\/p>\n","protected":false},"excerpt":{"rendered":"<p>Yerel se\u00e7imlerde , AKP aday\u0131n\u0131 \u00fc\u00e7 kez yenilgiye u\u011fratan ve CHP\u2019nin cumhurba\u015fkan\u0131 aday\u0131 Ekrem \u0130mamo\u011flu\u2019nun (E\u0130) ka\u00e7ma \u015f\u00fcphesi olmad\u0131\u011f\u0131 bilindi\u011fi halde yolsuzluk iddialar\u0131 ile iddianamesiz ve mahkemeye \u00e7\u0131kart\u0131l\u0131p savunma hakk\u0131 vermeden aylard\u0131r tutuklu kalmas\u0131 toplumda kar\u015f\u0131l\u0131\u011f\u0131n\u0131n olmad\u0131\u011f\u0131 yap\u0131lan anketlerde ortaya \u00e7\u0131kt\u0131. Bu sefer, ge\u00e7ti\u011fimiz hafta sonu E\u0130 casusluk iddias\u0131yla Sara\u00e7hane\u2018de jet h\u0131z\u0131yla hakim kar\u015f\u0131s\u0131na \u00e7\u0131kart\u0131ld\u0131. [&hellip;]<\/p>\n","protected":false},"author":13,"featured_media":113584,"comment_status":"open","ping_status":"open","sticky":false,"template":"","format":"standard","meta":{"footnotes":""},"categories":[28],"tags":[],"class_list":["post-113583","post","type-post","status-publish","format-standard","has-post-thumbnail","hentry","category-serdar-erkan"],"views":567,"_links":{"self":[{"href":"https:\/\/mersingazetesi.com\/index.php\/wp-json\/wp\/v2\/posts\/113583","targetHints":{"allow":["GET"]}}],"collection":[{"href":"https:\/\/mersingazetesi.com\/index.php\/wp-json\/wp\/v2\/posts"}],"about":[{"href":"https:\/\/mersingazetesi.com\/index.php\/wp-json\/wp\/v2\/types\/post"}],"author":[{"embeddable":true,"href":"https:\/\/mersingazetesi.com\/index.php\/wp-json\/wp\/v2\/users\/13"}],"replies":[{"embeddable":true,"href":"https:\/\/mersingazetesi.com\/index.php\/wp-json\/wp\/v2\/comments?post=113583"}],"version-history":[{"count":1,"href":"https:\/\/mersingazetesi.com\/index.php\/wp-json\/wp\/v2\/posts\/113583\/revisions"}],"predecessor-version":[{"id":113585,"href":"https:\/\/mersingazetesi.com\/index.php\/wp-json\/wp\/v2\/posts\/113583\/revisions\/113585"}],"wp:featuredmedia":[{"embeddable":true,"href":"https:\/\/mersingazetesi.com\/index.php\/wp-json\/wp\/v2\/media\/113584"}],"wp:attachment":[{"href":"https:\/\/mersingazetesi.com\/index.php\/wp-json\/wp\/v2\/media?parent=113583"}],"wp:term":[{"taxonomy":"category","embeddable":true,"href":"https:\/\/mersingazetesi.com\/index.php\/wp-json\/wp\/v2\/categories?post=113583"},{"taxonomy":"post_tag","embeddable":true,"href":"https:\/\/mersingazetesi.com\/index.php\/wp-json\/wp\/v2\/tags?post=113583"}],"curies":[{"name":"wp","href":"https:\/\/api.w.org\/{rel}","templated":true}]}}