{"id":113511,"date":"2025-10-28T10:58:04","date_gmt":"2025-10-28T07:58:04","guid":{"rendered":"https:\/\/mersingazetesi.com\/?p=113511"},"modified":"2025-10-28T10:58:04","modified_gmt":"2025-10-28T07:58:04","slug":"yasasin-ataturkun-aydinlik-yolu","status":"publish","type":"post","link":"https:\/\/mersingazetesi.com\/index.php\/2025\/10\/28\/yasasin-ataturkun-aydinlik-yolu\/","title":{"rendered":"YA\u015eASIN ATAT\u00dcRK&#8217;\u00dcN AYDINLIK YOLU!"},"content":{"rendered":"<div>Tarih, bazen bir milletin y\u0131k\u0131l\u0131\u015f\u0131n\u0131 de\u011fil, yeniden do\u011fu\u015f iradesini anlat\u0131r.<\/div>\n<div>6 A\u011fustos 1945\u2019te Hiro\u015fima\u2019ya, 9 A\u011fustos\u2019ta Nagazaki&#8217;ye at\u0131lan atom bombalar\u0131 Japonya\u2019n\u0131n yaln\u0131zca \u015fehirlerini de\u011fil, insanl\u0131\u011f\u0131n vicdan\u0131n\u0131 da yakm\u0131\u015ft\u0131. 15 A\u011fustos 1945\u2019te teslim bayra\u011f\u0131n\u0131 \u00e7eken Japonya, y\u0131k\u0131nt\u0131lar aras\u0131nda yeniden do\u011fmaya karar verdi. O g\u00fcn, sadece bir sava\u015f\u0131n sonu de\u011fil; bilim, disiplin ve \u00fcretimle yo\u011frulan yeni bir Japonya\u2019n\u0131n ba\u015flang\u0131c\u0131yd\u0131.<\/div>\n<div dir=\"ltr\"><\/div>\n<div>Ayn\u0131 y\u0131llarda, uzak bir co\u011frafyada biz \u00e7oktan kendi mucizemizi yazm\u0131\u015ft\u0131k.<\/div>\n<div>29 Ekim 1923\u2019te, Mustafa Kemal Atat\u00fcrk \u201cT\u00fcrk milletinin karakterine ve geleneklerine en uygun y\u00f6netim \u015fekli Cumhuriyettir\u201d diyerek yeni bir \u00e7a\u011f ba\u015flatm\u0131\u015ft\u0131.<\/div>\n<div>Hiro\u015fima\u2019dan tam 22 y\u0131l \u00f6nce, biz kendi k\u00fcllerimizden do\u011fmu\u015ftuk.<\/div>\n<div>Bir ulus, y\u0131k\u0131m\u0131n de\u011fil akl\u0131n yolunu se\u00e7ti\u011finde, tarih yeniden yaz\u0131labiliyordu.<\/div>\n<div dir=\"ltr\"><\/div>\n<div>Bilim, Emek ve Refah: Japonya\u2019n\u0131n Sessiz Devrimi<\/div>\n<div dir=\"ltr\"><\/div>\n<div>1950\u2019lerle birlikte Japonya, sava\u015f\u0131n enkaz\u0131n\u0131 kald\u0131rmakla yetinmedi; \u201cbilimle \u00fcretim\u201d felsefesiyle d\u00fcnyaya \u00f6rnek oldu.<\/div>\n<div>Bir zamanlar bombalanan Hiro\u015fima bug\u00fcn teknoloji merkezidir; Toyota, Sony, Panasonic gibi markalar o d\u00f6nemin \u00e7ocuklar\u0131n\u0131n hayallerinden do\u011fdu.<\/div>\n<div>Devlet, e\u011fitime, ara\u015ft\u0131rmaya ve halk\u0131n refah\u0131na yat\u0131r\u0131m yapt\u0131.<\/div>\n<div>Bug\u00fcn Japonya, ki\u015fi ba\u015f\u0131na d\u00fc\u015fen gelirde d\u00fcnyan\u0131n ilk s\u0131ralar\u0131nda, i\u015f disiplininde ise efsanevi bir \u00f6rnek.<\/div>\n<div dir=\"ltr\"><\/div>\n<div>Cumhuriyetin I\u015f\u0131\u011f\u0131: Atat\u00fcrk\u2019\u00fcn Kurdu\u011fu Yol<\/div>\n<div dir=\"ltr\"><\/div>\n<div>T\u00fcrkiye ise 1923\u20131938 aras\u0131nda bir milletin ak\u0131lla nas\u0131l y\u00fckselebilece\u011fini kan\u0131tlad\u0131.<\/div>\n<div>Atat\u00fcrk\u2019\u00fcn \u201cHayatta en hakiki m\u00fcr\u015fit ilimdir\u201d s\u00f6z\u00fcyle ba\u015flayan yolculukta;<\/div>\n<div>\u2002\u2002\u2002\u2002\u2002\u2002\u2022\u2002\u2002\u2002\u2002\u2002Harf devrimi (1928),<\/div>\n<div>\u2002\u2002\u2002\u2002\u2002\u2002\u2022\u2002\u2002\u2002\u2002\u2002Kad\u0131nlara se\u00e7me-se\u00e7ilme hakk\u0131 (1930\u20131934),<\/div>\n<div>\u2002\u2002\u2002\u2002\u2002\u2002\u2022\u2002\u2002\u2002\u2002\u2002Sanayi ve e\u011fitim reformlar\u0131,<\/div>\n<div>\u2002\u2002\u2002\u2002\u2002\u2002\u2022\u2002\u2002\u2002\u2002\u2002\u00dcniversite devrimleri (1933)<\/div>\n<div>gibi ad\u0131mlar, T\u00fcrkiye\u2019yi \u00e7a\u011fda\u015f d\u00fcnyan\u0131n kap\u0131s\u0131na ta\u015f\u0131d\u0131.<\/div>\n<div dir=\"ltr\"><\/div>\n<div>Fakat 102 y\u0131l sonra, Cumhuriyet\u2019in baz\u0131 alanlarda nefes almakta zorland\u0131\u011f\u0131 da bir ger\u00e7ektir.<\/div>\n<div>Bilim yerine ezberi, \u00fcretim yerine ithalat\u0131, liyakat yerine torpili konu\u015fur hale geldik.<\/div>\n<div>Oysa Atat\u00fcrk\u2019\u00fcn b\u0131rakt\u0131\u011f\u0131 emanet, sadece bir y\u00f6netim bi\u00e7imi de\u011fil, bir d\u00fc\u015f\u00fcnme bi\u00e7imiydi:<\/div>\n<div>Akla, bilime, adalete ve vicdana dayal\u0131 bir ya\u015fam anlay\u0131\u015f\u0131.<\/div>\n<div dir=\"ltr\"><\/div>\n<div>\u0130ki Yol, Tek Ger\u00e7ek: K\u00fcllerden Mucize Do\u011far<\/div>\n<div dir=\"ltr\"><\/div>\n<div>Japonya, 1945\u2019in k\u00fcllerinden do\u011fdu.<\/div>\n<div>Biz ise 1923\u2019te kendi karanl\u0131\u011f\u0131m\u0131z\u0131 ayd\u0131nl\u0131\u011fa \u00e7evirdik.<\/div>\n<div>Onlar bilimle, biz ba\u011f\u0131ms\u0131zl\u0131kla yola \u00e7\u0131kt\u0131k; ama hedef ayn\u0131yd\u0131: insan onuru, refah ve ilerleme.<\/div>\n<div dir=\"ltr\"><\/div>\n<div>Bug\u00fcn Cumhuriyet\u2019in 102. y\u0131l\u0131nda bize d\u00fc\u015fen, ge\u00e7mi\u015fi \u00f6vmek de\u011fil, gelece\u011fi in\u015fa etmektir.<\/div>\n<div>Atat\u00fcrk\u2019\u00fcn \u201cmuas\u0131r medeniyet\u201d hedefi h\u00e2l\u00e2 yolumuzu ayd\u0131nlat\u0131yor.<\/div>\n<div>Bu hedefe ula\u015fmak, sadece t\u00f6renlerle de\u011fil, laboratuvarlarda, fabrikalarda, s\u0131n\u0131flarda, fikirlerde m\u00fcmk\u00fcnd\u00fcr.<\/div>\n<div dir=\"ltr\"><\/div>\n<div>Cumhuriyet, 102 ya\u015f\u0131nda bir \u00e7\u0131nar; k\u00f6kleri sa\u011flam ama yeni filizlere muhta\u00e7.<\/div>\n<div>O filizler biziz.<\/div>\n<div>E\u011fer biz de Japonya gibi bilimi, \u00e7al\u0131\u015fmay\u0131, \u00fcretimi yeniden milli de\u011fer haline getirirsek,<\/div>\n<div>Hiro\u015fima\u2019n\u0131n k\u00fcllerinden de\u011fil, Anadolu\u2019nun \u00f6z\u00fcnden do\u011fan bir mucizeyi yeniden yazabiliriz.<\/div>\n<div dir=\"ltr\"><\/div>\n<div>Ya\u015fas\u0131n 102 y\u0131ll\u0131k Cumhuriyetimiz!<\/div>\n<div>Ya\u015fas\u0131n Atat\u00fcrk\u2019\u00fcn ayd\u0131nl\u0131k yolu!\u00a0<img decoding=\"async\" class=\"an1\" draggable=\"false\" src=\"https:\/\/fonts.gstatic.com\/s\/e\/notoemoji\/16.0\/1f1f9_1f1f7\/32.png\" alt=\"\ud83c\uddf9\ud83c\uddf7\" data-emoji=\"\ud83c\uddf9\ud83c\uddf7\" aria-label=\"\ud83c\uddf9\ud83c\uddf7\" \/><\/div>\n","protected":false},"excerpt":{"rendered":"<p>Tarih, bazen bir milletin y\u0131k\u0131l\u0131\u015f\u0131n\u0131 de\u011fil, yeniden do\u011fu\u015f iradesini anlat\u0131r. 6 A\u011fustos 1945\u2019te Hiro\u015fima\u2019ya, 9 A\u011fustos\u2019ta Nagazaki&#8217;ye at\u0131lan atom bombalar\u0131 Japonya\u2019n\u0131n yaln\u0131zca \u015fehirlerini de\u011fil, insanl\u0131\u011f\u0131n vicdan\u0131n\u0131 da yakm\u0131\u015ft\u0131. 15 A\u011fustos 1945\u2019te teslim bayra\u011f\u0131n\u0131 \u00e7eken Japonya, y\u0131k\u0131nt\u0131lar aras\u0131nda yeniden do\u011fmaya karar verdi. O g\u00fcn, sadece bir sava\u015f\u0131n sonu de\u011fil; bilim, disiplin ve \u00fcretimle yo\u011frulan yeni bir [&hellip;]<\/p>\n","protected":false},"author":23,"featured_media":113512,"comment_status":"open","ping_status":"open","sticky":false,"template":"","format":"standard","meta":{"footnotes":""},"categories":[122],"tags":[],"class_list":["post-113511","post","type-post","status-publish","format-standard","has-post-thumbnail","hentry","category-hatice-akarca"],"views":17986,"_links":{"self":[{"href":"https:\/\/mersingazetesi.com\/index.php\/wp-json\/wp\/v2\/posts\/113511","targetHints":{"allow":["GET"]}}],"collection":[{"href":"https:\/\/mersingazetesi.com\/index.php\/wp-json\/wp\/v2\/posts"}],"about":[{"href":"https:\/\/mersingazetesi.com\/index.php\/wp-json\/wp\/v2\/types\/post"}],"author":[{"embeddable":true,"href":"https:\/\/mersingazetesi.com\/index.php\/wp-json\/wp\/v2\/users\/23"}],"replies":[{"embeddable":true,"href":"https:\/\/mersingazetesi.com\/index.php\/wp-json\/wp\/v2\/comments?post=113511"}],"version-history":[{"count":1,"href":"https:\/\/mersingazetesi.com\/index.php\/wp-json\/wp\/v2\/posts\/113511\/revisions"}],"predecessor-version":[{"id":113513,"href":"https:\/\/mersingazetesi.com\/index.php\/wp-json\/wp\/v2\/posts\/113511\/revisions\/113513"}],"wp:featuredmedia":[{"embeddable":true,"href":"https:\/\/mersingazetesi.com\/index.php\/wp-json\/wp\/v2\/media\/113512"}],"wp:attachment":[{"href":"https:\/\/mersingazetesi.com\/index.php\/wp-json\/wp\/v2\/media?parent=113511"}],"wp:term":[{"taxonomy":"category","embeddable":true,"href":"https:\/\/mersingazetesi.com\/index.php\/wp-json\/wp\/v2\/categories?post=113511"},{"taxonomy":"post_tag","embeddable":true,"href":"https:\/\/mersingazetesi.com\/index.php\/wp-json\/wp\/v2\/tags?post=113511"}],"curies":[{"name":"wp","href":"https:\/\/api.w.org\/{rel}","templated":true}]}}