{"id":113415,"date":"2025-10-27T13:10:24","date_gmt":"2025-10-27T10:10:24","guid":{"rendered":"https:\/\/mersingazetesi.com\/?p=113415"},"modified":"2025-10-27T13:10:24","modified_gmt":"2025-10-27T10:10:24","slug":"suradan-buradan","status":"publish","type":"post","link":"https:\/\/mersingazetesi.com\/index.php\/2025\/10\/27\/suradan-buradan\/","title":{"rendered":"\u015eURADAN BURADAN"},"content":{"rendered":"<p>TRAF\u0130K MAGANDALARI<\/p>\n<p>*Yeni trafik kanununa g\u00f6re cezalar hat\u0131r\u0131 say\u0131l\u0131r \u00f6l\u00e7\u00fcde artmas\u0131na ra\u011fmen ne kazalar azald\u0131 ne de trafik magandal\u0131\u011f\u0131.<\/p>\n<p>*Hangi televizyon kanal\u0131n\u0131 a\u00e7arsan\u0131z a\u00e7\u0131n.<\/p>\n<p>*Trafik magandal\u0131\u011f\u0131 her kanalda var.<\/p>\n<p>*Demek ki bu cezalar yeterli olmam\u0131\u015f.<\/p>\n<p>*Trafik magandal\u0131\u011f\u0131n\u0131n cezas\u0131 art\u0131r\u0131lmal\u0131. Ayn\u0131 zamanda magandalar\u0131n ehliyetine el konulmal\u0131, hapis cezas\u0131 olmal\u0131 ayn\u0131 zamanda zorunlu e\u011fitime al\u0131nmal\u0131 magandalar.<\/p>\n<p>*E\u011fitim \u015fart\u0131n\u0131 da unutmamak laz\u0131m.<\/p>\n<p>DERNEK<\/p>\n<p>*Uzun y\u0131llar dernek \u00fcyeli\u011finde bulundum.<\/p>\n<p>*Uzun y\u0131llar dernek ba\u015fkanl\u0131\u011f\u0131 yapt\u0131m.(Mersin \u015eairler ve Yazarlar Derne\u011fi)<\/p>\n<p>*Gereken dernek kanunlar\u0131n\u0131 da bildi\u011fimi san\u0131yorum.<\/p>\n<p>*Gazete okurken bir haber dikkatimi \u00e7ekti. Haberin alt\u0131n\u0131 \u00e7izerek defalarca okudum(Nefes Gazetesi-16 Eyl\u00fcl 2025)<\/p>\n<p>*Ter\u00f6rs\u00fcz T\u00fcrkiye i\u00e7in TBMM&#8217;sinde kurulan \u201cMilli Dayan\u0131\u015fma, Karde\u015flik ve\u00a0 Demokrasi Komisyonu Per\u015fembe g\u00fcn\u00fc Do\u011fu ve G\u00fcneydo\u011fu\u2019da faaliyet g\u00f6steren federasyon ve dernekleri dinlemi\u015fler.<\/p>\n<p>*Buraya kadar normal.<\/p>\n<p>*Dernekler i\u00e7inde &#8220;Medrese \u00c2limleri Vakf\u0131&#8221;(MEDAV) dikkatimi \u00e7ekti.<\/p>\n<p>*Yahu bu Medreseler nerede?<\/p>\n<p>*\u00c7ok medrese olmal\u0131 ki medrese \u00e2limleri ad\u0131 da ge\u00e7iyor.<\/p>\n<p>SA\u00c7MALARDAN SE\u00c7MELER<\/p>\n<p>*\u00c7ok uzun y\u0131llar \u00f6nce Ankara \u00dcniversitesi Ziraat Fak\u00fcltesinde telefon santral memuru olarak \u00e7al\u0131\u015f\u0131yordum.<\/p>\n<p>*Telefon ve elektrik ar\u0131zalar\u0131na bakan bir \u015fefim vard\u0131. Hi\u00e7 \u00e7ocu\u011fu olmad\u0131\u011f\u0131 i\u00e7in evlatl\u0131k bir \u00e7ocuk alm\u0131\u015flard\u0131.<\/p>\n<p>*Zaman zaman yani okula gitmedi\u011fi. \u00f6devleri olmad\u0131\u011f\u0131 zaman yan\u0131ma gelirdi. \u015eark\u0131lar s\u00f6ylerdi, bende ona e\u015flik ederdim.\u00a0 \u015eark\u0131dan \u015fark\u0131ya \u00f6yle garip ge\u00e7i\u015flerimiz olurdu ki yapt\u0131\u011f\u0131m\u0131z i\u015fe, \u201cSa\u00e7malardan Se\u00e7meler\u201d ad\u0131n\u0131 koymu\u015ftuk.<\/p>\n<p>*Bir gazetede CHP\u2019nin eski Genel Ba\u015fkan\u0131 Hikmet \u00c7etin; CHP\u2019den izin alarak m\u0131 yoksa kendi ba\u015f\u0131na m\u0131 gitti bilinmiyor. MHP genel ba\u015fkan\u0131n\u0131 ve yard\u0131mc\u0131s\u0131n\u0131 ziyaret etti. Hikmet \u00c7etin, &#8220;Ben hala CHP-MHP koalisyonunun ba\u015far\u0131l\u0131 olaca\u011f\u0131na inan\u0131yorum.&#8221; demi\u015f.<\/p>\n<p>*Ayn\u0131 y\u0131llar \u00f6nce o \u00e7ocukla yapt\u0131\u011f\u0131m\u0131z sa\u00e7malardan se\u00e7meler gibi.<\/p>\n<p>*\u00c7ok k\u00fc\u00e7\u00fck bir olas\u0131l\u0131k olsa eh derim ama m\u00fcmk\u00fcnat\u0131 yoookkk.<\/p>\n<p>\u201c\u015eEREFS\u0130Z\u0130M<\/p>\n<p>*CHP \u0130stanbul il ba\u015fkanl\u0131\u011f\u0131na kayyum atand\u0131 ya\u2026<\/p>\n<p>*Kayyum CHP il binas\u0131na 5000 oldu\u011fu s\u00f6ylenen polis ile geldi ya&#8230;<\/p>\n<p>*Yapt\u0131\u011f\u0131 konu\u015fmada tepki g\u00f6steren kalabal\u0131\u011f\u0131 g\u00f6stererek mikrofonlara; \u00a0&#8220;\u015eerefsizim bu kalabal\u0131\u011f\u0131n i\u00e7inde bir ki\u015fi bile CHP\u2019li de\u011fil&#8221; demi\u015fti ya\u2026<\/p>\n<p>*D\u00fcn bir bas\u0131n mensubu CHP\u2019nin Ankara\u2019da 21.Ola\u011fan\u00fcst\u00fc Kurultay\u0131\u2019na ili\u015fkin davan\u0131n ertelenmesi hakk\u0131nda\u201d Partimiz i\u00e7in hay\u0131rl\u0131 olsun. Bir an \u00f6nce in\u015fallah bu mahkemelerden kurtulur. Yolumuza devam etmek i\u00e7in \u00e7al\u0131\u015f\u0131yoruz\u201d demi\u015f.<\/p>\n<p>*Bas\u0131n durur mu?<\/p>\n<p>*Yap\u0131\u015ft\u0131rm\u0131\u015f soruyu.<\/p>\n<p>*CHP y\u00f6netiminin hepsine hakk\u0131m\u0131 helal etmiyorum demi\u015ftiniz. Bu konuda ne diyeceksiniz?<\/p>\n<p>*\u201dOnu d\u00fcn s\u00f6yledim bitti. Rahmetli\u00a0 S\u00fcleyman Demirel\u2019in dedi\u011fi gibi d\u00fcn d\u00fcnde kald\u0131\u201d demi\u015f.<\/p>\n<p>*Bu da sa\u00e7malardan se\u00e7meler oldu mu?<\/p>\n","protected":false},"excerpt":{"rendered":"<p>TRAF\u0130K MAGANDALARI *Yeni trafik kanununa g\u00f6re cezalar hat\u0131r\u0131 say\u0131l\u0131r \u00f6l\u00e7\u00fcde artmas\u0131na ra\u011fmen ne kazalar azald\u0131 ne de trafik magandal\u0131\u011f\u0131. *Hangi televizyon kanal\u0131n\u0131 a\u00e7arsan\u0131z a\u00e7\u0131n. *Trafik magandal\u0131\u011f\u0131 her kanalda var. *Demek ki bu cezalar yeterli olmam\u0131\u015f. *Trafik magandal\u0131\u011f\u0131n\u0131n cezas\u0131 art\u0131r\u0131lmal\u0131. Ayn\u0131 zamanda magandalar\u0131n ehliyetine el konulmal\u0131, hapis cezas\u0131 olmal\u0131 ayn\u0131 zamanda zorunlu e\u011fitime al\u0131nmal\u0131 magandalar. *E\u011fitim [&hellip;]<\/p>\n","protected":false},"author":12,"featured_media":113416,"comment_status":"open","ping_status":"open","sticky":false,"template":"","format":"standard","meta":{"footnotes":""},"categories":[22],"tags":[],"class_list":["post-113415","post","type-post","status-publish","format-standard","has-post-thumbnail","hentry","category-abidin-guneyli"],"views":595,"_links":{"self":[{"href":"https:\/\/mersingazetesi.com\/index.php\/wp-json\/wp\/v2\/posts\/113415","targetHints":{"allow":["GET"]}}],"collection":[{"href":"https:\/\/mersingazetesi.com\/index.php\/wp-json\/wp\/v2\/posts"}],"about":[{"href":"https:\/\/mersingazetesi.com\/index.php\/wp-json\/wp\/v2\/types\/post"}],"author":[{"embeddable":true,"href":"https:\/\/mersingazetesi.com\/index.php\/wp-json\/wp\/v2\/users\/12"}],"replies":[{"embeddable":true,"href":"https:\/\/mersingazetesi.com\/index.php\/wp-json\/wp\/v2\/comments?post=113415"}],"version-history":[{"count":1,"href":"https:\/\/mersingazetesi.com\/index.php\/wp-json\/wp\/v2\/posts\/113415\/revisions"}],"predecessor-version":[{"id":113417,"href":"https:\/\/mersingazetesi.com\/index.php\/wp-json\/wp\/v2\/posts\/113415\/revisions\/113417"}],"wp:featuredmedia":[{"embeddable":true,"href":"https:\/\/mersingazetesi.com\/index.php\/wp-json\/wp\/v2\/media\/113416"}],"wp:attachment":[{"href":"https:\/\/mersingazetesi.com\/index.php\/wp-json\/wp\/v2\/media?parent=113415"}],"wp:term":[{"taxonomy":"category","embeddable":true,"href":"https:\/\/mersingazetesi.com\/index.php\/wp-json\/wp\/v2\/categories?post=113415"},{"taxonomy":"post_tag","embeddable":true,"href":"https:\/\/mersingazetesi.com\/index.php\/wp-json\/wp\/v2\/tags?post=113415"}],"curies":[{"name":"wp","href":"https:\/\/api.w.org\/{rel}","templated":true}]}}