{"id":113302,"date":"2025-10-26T13:56:49","date_gmt":"2025-10-26T10:56:49","guid":{"rendered":"https:\/\/mersingazetesi.com\/?p=113302"},"modified":"2025-10-26T13:56:49","modified_gmt":"2025-10-26T10:56:49","slug":"siyasette-esas-olan-is-ve-hizmet-uretmektir","status":"publish","type":"post","link":"https:\/\/mersingazetesi.com\/index.php\/2025\/10\/26\/siyasette-esas-olan-is-ve-hizmet-uretmektir\/","title":{"rendered":"S\u0130YASETTE ESAS OLAN \u0130\u015e VE H\u0130ZMET \u00dcRETMEKT\u0130R"},"content":{"rendered":"<p>Diplomas\u0131 sahte denildi, \u00e7o\u011funluk inanmad\u0131!<br \/>\nTer\u00f6rle i\u015fbirli\u011fi yapt\u0131 denildi, \u00e7o\u011funluk inanmad\u0131!<br \/>\n\u0130haleye fesat kar\u0131\u015ft\u0131rd\u0131 denildi, \u00e7o\u011funluk inanmad\u0131.<br \/>\nSu\u00e7 \u00f6rg\u00fct\u00fc kurdu denildi, \u00e7o\u011funluk inanmad\u0131.<br \/>\nBu dava asr\u0131n yolsuzlu\u011fu davas\u0131 denildi, \u00e7o\u011funluk gene inanmad\u0131.<br \/>\nKala kala bir casusluk su\u00e7lamas\u0131 kalm\u0131\u015ft\u0131, en sonunda o da yap\u0131ld\u0131.<br \/>\nNe yap\u0131l\u0131rsa yap\u0131ls\u0131n, Millet&#8217;in ezici \u00e7o\u011funlu\u011fu bu konuda ikna olmuyor. \u00d6yle ki, FET\u00d6&#8217;n\u00fcn alg\u0131 operasyonlar\u0131na inananlar bile, bu operasyonlar\u0131n Ekrem \u0130mamo\u011flu&#8217;nun adayl\u0131\u011f\u0131n\u0131 \u00f6nlemeye d\u00f6n\u00fck siyasi alg\u0131 operasyonlar\u0131 oldu\u011funa ve bunun da hukuk ara\u00e7salla\u015ft\u0131r\u0131larak yap\u0131ld\u0131\u011f\u0131na inan\u0131yor.<br \/>\nZorlamalar\u0131n ve dayatmalar\u0131n i\u015fe yaramad\u0131\u011f\u0131n\u0131 ve hatta ters tepti\u011fini, on \u00fc\u00e7 bin oy fark\u0131yla biten \u0130stanbul B\u00fcy\u00fck\u015fehir Belediye Ba\u015fkanl\u0131\u011f\u0131 se\u00e7iminde fark\u0131n sekiz y\u00fcz bine \u00e7\u0131kmas\u0131yla g\u00f6rd\u00fck. Sadece \u0130BB se\u00e7iminde g\u00f6rmedik, yak\u0131n ge\u00e7mi\u015fte yap\u0131lan KKTC Cumhurba\u015fkanl\u0131\u011f\u0131 se\u00e7iminde de g\u00f6rd\u00fck. Siyaset\u00e7isinden c\u00fcbbelisine, c\u00fcbbelisinden t\u00fcrk\u00fcc\u00fcs\u00fcne, t\u00fcrk\u00fcc\u00fcs\u00fcnden top\u00e7usuna, top\u00e7usundan anket\u00e7isine kadar, farkl\u0131 alanlarda faaliyet g\u00f6steren bir\u00e7ok renkli sima Ersin Tatar&#8217;\u0131 desteklemek \u00fczere sahaya s\u00fcr\u00fcld\u00fc amma, halk\u0131n de\u011fi\u015fim iradesinin \u00f6n\u00fcne ge\u00e7ilemedi. K\u0131br\u0131s Halk\u0131, ben kendi kaderimi kendim tayin ederim diyerek, tercihini Tufan Erh\u00fcrman&#8217;dan yana kulland\u0131. Hem de \u00f6yle bir kulland\u0131 ki, se\u00e7imi farkl\u0131 kazanaca\u011f\u0131 iddia edilen Ersin Tatar&#8217;\u0131 adeta sand\u0131\u011fa g\u00f6md\u00fc! Bu da bize g\u00f6sterdi ki, demokrasiden az bu\u00e7uk nasibini alm\u0131\u015f toplumlarda, se\u00e7menler y\u00f6nlendirmeleri ve zorlamalar\u0131 kabul etmiyor. Dayatmalar\u0131 zaten kabul etmiyor. Siyaset\u00e7ilerin bu ger\u00e7e\u011fi g\u00f6rmeleri ve se\u00e7menin g\u00f6nl\u00fcnde taht kurman\u0131n yolunun, y\u00f6nlendirmelerden, zorlamalardan ve dayatmalardan de\u011fil, i\u015f ve hizmet \u00fcretmekten ge\u00e7ti\u011fini bilmeleri laz\u0131m. Bu yal\u0131n ger\u00e7e\u011fi g\u00f6z ard\u0131 edenler, ne yaparlarsa yaps\u0131nlar, kaybetmeye mahkumdurlar.<br \/>\nDemokrasinin ve hukukun hayat\u0131n her alan\u0131nda egemen oldu\u011fu mutlu ve m\u00fcreffeh bir T\u00fcrkiye&#8217;de huzur ve g\u00fcven i\u00e7inde ya\u015famam\u0131z umut ve dile\u011fimle esen kal\u0131n!<\/p>\n<p>\u00d6ZL\u00dc S\u00d6ZLER\u0130M:<\/p>\n<p>&#8211; &#8220;Siyasal sistemi demokratik ve \u00f6zg\u00fcrl\u00fck\u00e7\u00fc olmayan, ekonomik ve sosyal sistemi \u00fcretime ve hak\u00e7a payla\u015f\u0131ma dayanmayan, e\u011fitim ve k\u00fclt\u00fcrel sistemi bilim, sanat ve edebiyat yaratmayan, hukuk sistemi adalet \u00fcretmeyen bir \u00fclke, medeni \u00fclke olma vasf\u0131ndan yoksun demektir.&#8221;<\/p>\n<p>-&#8220;Adaleti olmayan her y\u00f6netim zalimdir.&#8221;<\/p>\n","protected":false},"excerpt":{"rendered":"<p>Diplomas\u0131 sahte denildi, \u00e7o\u011funluk inanmad\u0131! Ter\u00f6rle i\u015fbirli\u011fi yapt\u0131 denildi, \u00e7o\u011funluk inanmad\u0131! \u0130haleye fesat kar\u0131\u015ft\u0131rd\u0131 denildi, \u00e7o\u011funluk inanmad\u0131. Su\u00e7 \u00f6rg\u00fct\u00fc kurdu denildi, \u00e7o\u011funluk inanmad\u0131. Bu dava asr\u0131n yolsuzlu\u011fu davas\u0131 denildi, \u00e7o\u011funluk gene inanmad\u0131. Kala kala bir casusluk su\u00e7lamas\u0131 kalm\u0131\u015ft\u0131, en sonunda o da yap\u0131ld\u0131. Ne yap\u0131l\u0131rsa yap\u0131ls\u0131n, Millet&#8217;in ezici \u00e7o\u011funlu\u011fu bu konuda ikna olmuyor. \u00d6yle ki, [&hellip;]<\/p>\n","protected":false},"author":14,"featured_media":112139,"comment_status":"open","ping_status":"open","sticky":false,"template":"","format":"standard","meta":{"footnotes":""},"categories":[47],"tags":[],"class_list":["post-113302","post","type-post","status-publish","format-standard","has-post-thumbnail","hentry","category-erdogan-serin"],"views":567,"_links":{"self":[{"href":"https:\/\/mersingazetesi.com\/index.php\/wp-json\/wp\/v2\/posts\/113302","targetHints":{"allow":["GET"]}}],"collection":[{"href":"https:\/\/mersingazetesi.com\/index.php\/wp-json\/wp\/v2\/posts"}],"about":[{"href":"https:\/\/mersingazetesi.com\/index.php\/wp-json\/wp\/v2\/types\/post"}],"author":[{"embeddable":true,"href":"https:\/\/mersingazetesi.com\/index.php\/wp-json\/wp\/v2\/users\/14"}],"replies":[{"embeddable":true,"href":"https:\/\/mersingazetesi.com\/index.php\/wp-json\/wp\/v2\/comments?post=113302"}],"version-history":[{"count":1,"href":"https:\/\/mersingazetesi.com\/index.php\/wp-json\/wp\/v2\/posts\/113302\/revisions"}],"predecessor-version":[{"id":113303,"href":"https:\/\/mersingazetesi.com\/index.php\/wp-json\/wp\/v2\/posts\/113302\/revisions\/113303"}],"wp:featuredmedia":[{"embeddable":true,"href":"https:\/\/mersingazetesi.com\/index.php\/wp-json\/wp\/v2\/media\/112139"}],"wp:attachment":[{"href":"https:\/\/mersingazetesi.com\/index.php\/wp-json\/wp\/v2\/media?parent=113302"}],"wp:term":[{"taxonomy":"category","embeddable":true,"href":"https:\/\/mersingazetesi.com\/index.php\/wp-json\/wp\/v2\/categories?post=113302"},{"taxonomy":"post_tag","embeddable":true,"href":"https:\/\/mersingazetesi.com\/index.php\/wp-json\/wp\/v2\/tags?post=113302"}],"curies":[{"name":"wp","href":"https:\/\/api.w.org\/{rel}","templated":true}]}}