{"id":112613,"date":"2025-10-20T14:30:13","date_gmt":"2025-10-20T11:30:13","guid":{"rendered":"https:\/\/mersingazetesi.com\/?p=112613"},"modified":"2025-10-20T14:30:13","modified_gmt":"2025-10-20T11:30:13","slug":"mersin-dunya-bedensel-engelliler-plaj-oyunlarina-ev-sahipligi-yapacak","status":"publish","type":"post","link":"https:\/\/mersingazetesi.com\/index.php\/2025\/10\/20\/mersin-dunya-bedensel-engelliler-plaj-oyunlarina-ev-sahipligi-yapacak\/","title":{"rendered":"Mersin, \u2018D\u00fcnya Bedensel Engelliler Plaj Oyunlar\u0131\u2019na ev sahipli\u011fi yapacak"},"content":{"rendered":"<p><strong class=\"searchword\">Mersin<\/strong>, 18-25 Ekim tarihleri aras\u0131nda 26 \u00fclkeden 400\u2019\u00fc sporcu olmak \u00fczere 600\u2019\u00fcn \u00fczerinde kat\u0131l\u0131mc\u0131n\u0131n yer alaca\u011f\u0131 \u2018D\u00fcnya Bedensel Engelliler Plaj Oyunlar\u0131\u2019na ev sahipli\u011fi yapacak. Oyunlar; su, a\u00e7\u0131k hava ve plaj bran\u015flar\u0131nda d\u00fczenlenecek m\u00fcsabakalarla\u00a0<strong class=\"searchword\">Mersin<\/strong>\u2019in uluslararas\u0131 spor k\u00fclt\u00fcr\u00fcn\u00fc \u00f6ne \u00e7\u0131karacak.<br \/>\nT\u00fcrkiye Milli Paralimpik Komitesi (TMPK) taraf\u0131ndan, D\u00fcnya Bedensel Engelliler Federasyonu i\u015f birli\u011fiyle 18-25 Ekim 2025 tarihleri aras\u0131nda d\u00fczenlenecek \u2018<strong class=\"searchword\">Mersin<\/strong>\u00a02025 D\u00fcnya Bedensel Engelliler Plaj Oyunlar\u0131\u2019n\u0131n bas\u0131n toplant\u0131s\u0131 kentteki bir otelde ger\u00e7ekle\u015ftirildi. Toplant\u0131ya\u00a0<strong class=\"searchword\">Mersin<\/strong>\u00a0Vali Yard\u0131mc\u0131s\u0131 Ahmet Gazi Kaya, T\u00fcrkiye Milli Paralimpik Komitesi Ba\u015fkan\u0131 Murat Aksu, D\u00fcnya Bedensel Engelliler Spor Federasyonu Ba\u015fkan\u0131 Rudi Van den Abbeele ve\u00a0<strong class=\"searchword\">Mersin<\/strong>\u00a0B\u00fcy\u00fck\u015fehir Belediye Ba\u015fkan Vekili Hamit Mert Avc\u0131 kat\u0131ld\u0131.<br \/>\nOrganizasyonda 5 k\u0131tadan 26 \u00fclke ve yakla\u015f\u0131k 400\u2019\u00fc sporcu olmak \u00fczere 600\u2019\u00fcn \u00fczerinde kat\u0131l\u0131mc\u0131\u00a0<strong class=\"searchword\">Mersin<\/strong>\u2019de bir araya gelecek. T\u00fcrkiye kafilesi ise 57 sporcu ile oyunlarda yer alacak. Bu sporculardan 31\u2019i, ilk kez milli formay\u0131 giyecek. Su, a\u00e7\u0131k hava ve plaj temelli bran\u015flar\u0131n yer ald\u0131\u011f\u0131 organizasyonda, Para Plaj Voleybolu ve Air Badminton m\u00fcsabakalar\u0131n\u0131n Pompei Plaj\u0131&#8217;nda, Sepak Takraw (Ayak Voleybolu) kar\u015f\u0131la\u015fmalar\u0131n\u0131n\u00a0<strong class=\"searchword\">Mersin<\/strong>\u00a0B\u00fcy\u00fck\u015fehir Belediyesi Babil Su Sporlar\u0131 Merkezi&#8217;nde, Para Halter ve G\u00f6rme Engelliler Halter m\u00fccadelelerinin\u00a0<strong class=\"searchword\">Mersin<\/strong>\u00a0B\u00fcy\u00fck\u015fehir Belediyesi K\u00fclt\u00fcr Park&#8217;ta, Para Yelken yar\u0131\u015flar\u0131n\u0131n\u00a0<strong class=\"searchword\">Mersin<\/strong>\u00a0Marina\u2019da ve Para Modern Pentatlon &#8211; Laser Run\u2019\u0131n ise Fenerbah\u00e7e Meydan\u0131&#8217;nda yap\u0131laca\u011f\u0131 bildirildi.<\/p>\n<p>Gazi Kaya:&#8221;<strong class=\"searchword\">Mersin<\/strong>, \u00fclkemizdeki en \u00f6ne \u00e7\u0131kan illerden bir tanesi&#8221;<br \/>\n<strong class=\"searchword\">Mersin<\/strong>\u00a0Vali Yard\u0131mc\u0131s\u0131 Gazi Kaya,\u00a0<strong class=\"searchword\">Mersin<\/strong>&#8216;in ticaretiyle, sanayisiyle, turizmiyle, ekonomisiyle ve ayn\u0131 zamanda sporuyla \u00e7ok b\u00fcy\u00fck ve \u00f6nemli bir il oldu\u011funu ifade ederek, &#8220;Devletimizin\u00a0<strong class=\"searchword\">Mersin<\/strong>\u2019de yapm\u0131\u015f oldu\u011fu spor tesisleriyle\u00a0<strong class=\"searchword\">Mersin<\/strong>, \u00fclkemizdeki en \u00f6ne \u00e7\u0131kan illerden bir tanesi halinde. Dolay\u0131s\u0131yla ulusal ve uluslararas\u0131 bir\u00e7ok spora da ev sahipli\u011fi yap\u0131yor. \u015eu anda bunun net bir \u00f6rne\u011fini g\u00f6r\u00fcyoruz. Bu yap\u0131lacak olan etkinlikle neredeyse e\u015f zamanl\u0131 BEACH Avrupa D\u00fcnya \u015eampiyonas\u0131 ba\u015flayacak, bir tarafta onun da haz\u0131rl\u0131klar\u0131 yap\u0131l\u0131yor. Yani ayn\u0131 zaman i\u00e7erisinde iki tane uluslararas\u0131 alanda \u00e7ok b\u00fcy\u00fck spor etkinli\u011fine ev sahipli\u011fi yap\u0131yor&#8221; dedi.<\/p>\n<p>&#8220;Elimizden gelen her \u015feyi sunduk&#8221;<br \/>\nKaya, sporlar\u0131n yap\u0131labilmesi i\u00e7in \u00f6nce spor alanlar\u0131n\u0131n olmas\u0131 gerekti\u011fini ve\u00a0<strong class=\"searchword\">Mersin<\/strong>\u2019in de bu konuda iyi oldu\u011funu belirterek, &#8220;Yap\u0131lacak olan yerin ikliminin, do\u011fal \u00f6zelliklerinin ve ayn\u0131 zamanda oradaki konaklama imkanlar\u0131yla birlikte gelecek misafirlere en iyi \u015fekilde hizmet sunmak laz\u0131m. Dolay\u0131s\u0131yla\u00a0<strong class=\"searchword\">Mersin<\/strong>\u00a0bu noktada ger\u00e7ekten en \u00f6ne \u00e7\u0131kan illerden bir tanesi. Valimizin talimatlar\u0131 do\u011frultusunda bu i\u015fe giri\u015fildi, ba\u015fland\u0131. Biz de koordinasyon ile bu organizasyona elimizden gelen her \u015feyi sunduk&#8221; diye konu\u015ftu.<\/p>\n<p>&#8220;D\u00f6rt tane b\u00fcy\u00fck kapsaml\u0131 toplant\u0131 yap\u0131ld\u0131&#8221;<br \/>\nOrganizasyon s\u00fcrecine ili\u015fkin olarak toplant\u0131lar yapt\u0131klar\u0131n\u0131 belirten Kaya, &#8220;Valimiz Atilla Toros\u2019un himayesinde d\u00f6rt tane b\u00fcy\u00fck kapsaml\u0131 toplant\u0131 yap\u0131ld\u0131. Bu toplant\u0131larda, g\u00fcvenlikten sa\u011fl\u0131\u011fa, sahil g\u00fcvenlikten jandarmaya, emniyetine, UMKE, AFAD, liman ba\u015fkan\u0131na, havaliman\u0131 m\u00fcd\u00fcr\u00fcm\u00fcze hepsine gerekli talimatlar iletildi. Bizim i\u00e7in \u00f6nemli olan \u015fey, bir b\u00fct\u00fcnl\u00fck ve koordinasyon i\u00e7erisinde t\u00fcm kurumlar\u0131m\u0131z\u0131n ekipmanlar\u0131n\u0131, ara\u00e7lar\u0131n\u0131, personelini en iyi \u015fekilde kullanmak. Ben bu etkinli\u011fin hem ilimize hem \u00fclkemize hem de daha sonradan engelli kalan t\u00fcm sporcular\u0131m\u0131za ba\u015far\u0131lar diliyorum&#8221; ifadelerini kulland\u0131.<br \/>\nT\u00fcrkiye Milli Paralimpik Komitesi Ba\u015fkan\u0131 Murat Aksu, m\u00fcsabakalar\u0131n yap\u0131laca\u011f\u0131 alanlar\u0131 a\u00e7\u0131klarken, D\u00fcnya Bedensel Engelliler Spor Federasyonu Ba\u015fkan\u0131 Rudi Van den Abbeele de\u00a0<strong class=\"searchword\">Mersin<\/strong>\u00a0Valili\u011fi&#8217;ne te\u015fekk\u00fcrlerini iletti. Bu oyunlar\u0131n ilk defa yap\u0131ld\u0131\u011f\u0131n\u0131 aktaran Abbeele, 2 y\u0131l \u00f6nce \u00e7ok gecikme ya\u015fand\u0131\u011f\u0131n\u0131 ancak T\u00fcrkiye Milli Paralimpik Komitesi Ba\u015fkan\u0131 Murat Aksu ile g\u00f6r\u00fc\u015ft\u00fckten sonra bu y\u0131l d\u00fczenlenmesine karar verdiklerini ve bu durumdan \u00e7ok mutlu oldu\u011funu s\u00f6yledi.<\/p>\n","protected":false},"excerpt":{"rendered":"<p>Mersin, 18-25 Ekim tarihleri aras\u0131nda 26 \u00fclkeden 400\u2019\u00fc sporcu olmak \u00fczere 600\u2019\u00fcn \u00fczerinde kat\u0131l\u0131mc\u0131n\u0131n yer alaca\u011f\u0131 \u2018D\u00fcnya Bedensel Engelliler Plaj Oyunlar\u0131\u2019na ev sahipli\u011fi yapacak. Oyunlar; su, a\u00e7\u0131k hava ve plaj bran\u015flar\u0131nda d\u00fczenlenecek m\u00fcsabakalarla\u00a0Mersin\u2019in uluslararas\u0131 spor k\u00fclt\u00fcr\u00fcn\u00fc \u00f6ne \u00e7\u0131karacak. T\u00fcrkiye Milli Paralimpik Komitesi (TMPK) taraf\u0131ndan, D\u00fcnya Bedensel Engelliler Federasyonu i\u015f birli\u011fiyle 18-25 Ekim 2025 tarihleri aras\u0131nda [&hellip;]<\/p>\n","protected":false},"author":2,"featured_media":112614,"comment_status":"open","ping_status":"open","sticky":false,"template":"","format":"standard","meta":{"footnotes":""},"categories":[6,3,8],"tags":[],"class_list":["post-112613","post","type-post","status-publish","format-standard","has-post-thumbnail","hentry","category-spor","category-dunya","category-mersin"],"views":259,"_links":{"self":[{"href":"https:\/\/mersingazetesi.com\/index.php\/wp-json\/wp\/v2\/posts\/112613","targetHints":{"allow":["GET"]}}],"collection":[{"href":"https:\/\/mersingazetesi.com\/index.php\/wp-json\/wp\/v2\/posts"}],"about":[{"href":"https:\/\/mersingazetesi.com\/index.php\/wp-json\/wp\/v2\/types\/post"}],"author":[{"embeddable":true,"href":"https:\/\/mersingazetesi.com\/index.php\/wp-json\/wp\/v2\/users\/2"}],"replies":[{"embeddable":true,"href":"https:\/\/mersingazetesi.com\/index.php\/wp-json\/wp\/v2\/comments?post=112613"}],"version-history":[{"count":1,"href":"https:\/\/mersingazetesi.com\/index.php\/wp-json\/wp\/v2\/posts\/112613\/revisions"}],"predecessor-version":[{"id":112615,"href":"https:\/\/mersingazetesi.com\/index.php\/wp-json\/wp\/v2\/posts\/112613\/revisions\/112615"}],"wp:featuredmedia":[{"embeddable":true,"href":"https:\/\/mersingazetesi.com\/index.php\/wp-json\/wp\/v2\/media\/112614"}],"wp:attachment":[{"href":"https:\/\/mersingazetesi.com\/index.php\/wp-json\/wp\/v2\/media?parent=112613"}],"wp:term":[{"taxonomy":"category","embeddable":true,"href":"https:\/\/mersingazetesi.com\/index.php\/wp-json\/wp\/v2\/categories?post=112613"},{"taxonomy":"post_tag","embeddable":true,"href":"https:\/\/mersingazetesi.com\/index.php\/wp-json\/wp\/v2\/tags?post=112613"}],"curies":[{"name":"wp","href":"https:\/\/api.w.org\/{rel}","templated":true}]}}