{"id":111654,"date":"2025-10-12T14:31:59","date_gmt":"2025-10-12T11:31:59","guid":{"rendered":"https:\/\/mersingazetesi.com\/?p=111654"},"modified":"2025-10-12T14:31:59","modified_gmt":"2025-10-12T11:31:59","slug":"mersinde-duzenlenen-2025-tyf-para-yelken-turkiye-sampiyonasi-ve-milli-takim-secmeleri-sona-erdi","status":"publish","type":"post","link":"https:\/\/mersingazetesi.com\/index.php\/2025\/10\/12\/mersinde-duzenlenen-2025-tyf-para-yelken-turkiye-sampiyonasi-ve-milli-takim-secmeleri-sona-erdi\/","title":{"rendered":"Mersin\u2019de d\u00fczenlenen &#8220;2025 TYF Para Yelken T\u00fcrkiye \u015eampiyonas\u0131 ve Milli Tak\u0131m Se\u00e7meleri&#8221; sona erdi"},"content":{"rendered":"<div class=\"x14z9mp xat24cr x1lziwak x1vvkbs xtlvy1s x126k92a\">\n<div dir=\"auto\">4 kul\u00fcpten gelen 17 yelkencinin kat\u0131l\u0131m\u0131yla Mersin&#8217;in ev sahipli\u011finde ger\u00e7ekle\u015ftirilen 2025 TYF Para Yelken T\u00fcrkiye \u015eampiyonas\u0131 ve Milli Tak\u0131m Se\u00e7meleri sonunda dereceye giren sporculara \u00f6d\u00fclleri Mersin Gen\u00e7lik ve Spor \u0130l M\u00fcd\u00fcr\u00fc G\u00f6ksun \u00d6z, Mersin B\u00fcy\u00fck\u015fehir Belediye Ba\u015fkan Vekili Emrullah Ta\u015fk\u0131n, Mersin Yeni\u015fehir Belediye Ba\u015fkan Vekili \u00c7a\u011fda\u015f Dutlu, Akdeniz Garnizon Komutan\u0131 Vekili Albay Deniz Kestel, Mersin Ticaret ve Sanayi Odas\u0131 Ba\u015fkan Vekili Fahrettin A\u015fut, Mersin Marina Genel M\u00fcd\u00fcr\u00fc Mehmet G\u00fcnaslan, taraf\u0131ndan verildi.<\/div>\n<\/div>\n<div class=\"x14z9mp xat24cr x1lziwak x1vvkbs xtlvy1s x126k92a\">\n<div dir=\"auto\">Birbirinden \u00e7eki\u015fmeli m\u00fccadelelere sahne olan organizasyon sonunda Milli tak\u0131ma se\u00e7ilen sporcular\u0131m\u0131z Miray Ula\u015f (Fenerbah\u00e7e Spor Kul\u00fcb\u00fc Do\u011fu\u015f Yelken \u015eubesi), B\u00fc\u015fra Nur \u00c7elik (Zonguldak Ferdi), Furkan Er\u00e7in (Zonguldak Ferdi), Ali Do\u011fan (Mersin Rota Yelken ve Su Sporlar\u0131 Kul\u00fcb\u00fc) 18-25 Ekim 2025 tarihleri aras\u0131nda yine Mersin Marina&#8217;da ger\u00e7ekle\u015fecek 2025 D\u00fcnya Bedensel Engelliler Plaj Oyunlar\u0131 (2025 World Ability Beach Games) Yar\u0131\u015flar\u0131nda \u00fclkemizi temsil edecek.<\/div>\n<\/div>\n<div class=\"x14z9mp xat24cr x1lziwak x1vvkbs xtlvy1s x126k92a\">\n<div dir=\"auto\">Sporcular\u0131m\u0131z\u0131, antren\u00f6rlerini, kul\u00fcplerini ve ailelerini tebrik eder; Uluslararas\u0131 Para Beach Games\u2019te ba\u015far\u0131lar dileriz.<\/div>\n<\/div>\n<div class=\"x14z9mp xat24cr x1lziwak x1vvkbs xtlvy1s x126k92a\">\n<div dir=\"auto\">Yar\u0131\u015f sonu\u00e7lar\u0131, Genel kategorisinde, Miray Ula\u015f (Fenerbah\u00e7e Spor Kul\u00fcb\u00fc Do\u011fu\u015f Yelken \u015eubesi) birinci, B\u00fc\u015fra Nur \u00c7elik (Zonguldak Ferdi) ikinci, Furkan Er\u00e7in (Zonguldak Ferdi) \u00fc\u00e7\u00fcnc\u00fc s\u0131rada yer ald\u0131.<\/div>\n<\/div>\n<div class=\"x14z9mp xat24cr x1lziwak x1vvkbs xtlvy1s x126k92a\">\n<div dir=\"auto\">K\u0131zlar kategorisinde, Miray Ula\u015f (Fenerbah\u00e7e Spor Kul\u00fcb\u00fc Do\u011fu\u015f Yelken \u015eubesi) birinci, B\u00fc\u015fra Nur \u00c7elik (Zonguldak Ferdi) ikinci s\u0131rada yer ald\u0131.<\/div>\n<\/div>\n<div class=\"x14z9mp xat24cr x1lziwak x1vvkbs xtlvy1s x126k92a\"><\/div>\n","protected":false},"excerpt":{"rendered":"<p>4 kul\u00fcpten gelen 17 yelkencinin kat\u0131l\u0131m\u0131yla Mersin&#8217;in ev sahipli\u011finde ger\u00e7ekle\u015ftirilen 2025 TYF Para Yelken T\u00fcrkiye \u015eampiyonas\u0131 ve Milli Tak\u0131m Se\u00e7meleri sonunda dereceye giren sporculara \u00f6d\u00fclleri Mersin Gen\u00e7lik ve Spor \u0130l M\u00fcd\u00fcr\u00fc G\u00f6ksun \u00d6z, Mersin B\u00fcy\u00fck\u015fehir Belediye Ba\u015fkan Vekili Emrullah Ta\u015fk\u0131n, Mersin Yeni\u015fehir Belediye Ba\u015fkan Vekili \u00c7a\u011fda\u015f Dutlu, Akdeniz Garnizon Komutan\u0131 Vekili Albay Deniz Kestel, Mersin [&hellip;]<\/p>\n","protected":false},"author":2,"featured_media":111655,"comment_status":"open","ping_status":"open","sticky":false,"template":"","format":"standard","meta":{"footnotes":""},"categories":[6],"tags":[],"class_list":["post-111654","post","type-post","status-publish","format-standard","has-post-thumbnail","hentry","category-spor"],"views":137,"_links":{"self":[{"href":"https:\/\/mersingazetesi.com\/index.php\/wp-json\/wp\/v2\/posts\/111654","targetHints":{"allow":["GET"]}}],"collection":[{"href":"https:\/\/mersingazetesi.com\/index.php\/wp-json\/wp\/v2\/posts"}],"about":[{"href":"https:\/\/mersingazetesi.com\/index.php\/wp-json\/wp\/v2\/types\/post"}],"author":[{"embeddable":true,"href":"https:\/\/mersingazetesi.com\/index.php\/wp-json\/wp\/v2\/users\/2"}],"replies":[{"embeddable":true,"href":"https:\/\/mersingazetesi.com\/index.php\/wp-json\/wp\/v2\/comments?post=111654"}],"version-history":[{"count":1,"href":"https:\/\/mersingazetesi.com\/index.php\/wp-json\/wp\/v2\/posts\/111654\/revisions"}],"predecessor-version":[{"id":111656,"href":"https:\/\/mersingazetesi.com\/index.php\/wp-json\/wp\/v2\/posts\/111654\/revisions\/111656"}],"wp:featuredmedia":[{"embeddable":true,"href":"https:\/\/mersingazetesi.com\/index.php\/wp-json\/wp\/v2\/media\/111655"}],"wp:attachment":[{"href":"https:\/\/mersingazetesi.com\/index.php\/wp-json\/wp\/v2\/media?parent=111654"}],"wp:term":[{"taxonomy":"category","embeddable":true,"href":"https:\/\/mersingazetesi.com\/index.php\/wp-json\/wp\/v2\/categories?post=111654"},{"taxonomy":"post_tag","embeddable":true,"href":"https:\/\/mersingazetesi.com\/index.php\/wp-json\/wp\/v2\/tags?post=111654"}],"curies":[{"name":"wp","href":"https:\/\/api.w.org\/{rel}","templated":true}]}}