{"id":111554,"date":"2025-10-11T11:55:07","date_gmt":"2025-10-11T08:55:07","guid":{"rendered":"https:\/\/mersingazetesi.com\/?p=111554"},"modified":"2025-10-11T11:55:07","modified_gmt":"2025-10-11T08:55:07","slug":"cihadist-katliam-siyonist-soykirim-kiskacindaki-dunya-barisi-ve-buyuk-insanlik","status":"publish","type":"post","link":"https:\/\/mersingazetesi.com\/index.php\/2025\/10\/11\/cihadist-katliam-siyonist-soykirim-kiskacindaki-dunya-barisi-ve-buyuk-insanlik\/","title":{"rendered":"C\u0130HAD\u0130ST KATL\u0130AM, S\u0130YON\u0130ST SOYKIRIM KISKACINDAK\u0130 D\u00dcNYA BARI\u015eI VE B\u00dcY\u00dcK \u0130NSANLIK.. !"},"content":{"rendered":"<div>I\u015eID&#8217;\u00e7\u0131 ter\u00f6ristlerin 10 Ekim 2015 Cumartesi g\u00fcn\u00fc Ankara gar\u0131 \u00f6n\u00fcnde I\u015eID\u2019\u0131 protesto i\u00e7in toplananlar aras\u0131nda ben de vard\u0131m.<\/div>\n<div>Kalabal\u0131k i\u00e7ine s\u0131zan Cihat\u00e7\u0131 canl\u0131 bomba patlamas\u0131yla 104 can\u0131m\u0131z\u0131 kaybettik\u2026<\/div>\n<div>Bomban\u0131n patlad\u0131\u011f\u0131 yerden yar\u0131m saat \u00f6nce ge\u00e7mi\u015ftim<\/div>\n<div>Bir anda ortal\u0131k ana baba g\u00fcn\u00fcne d\u00f6nd\u00fc.<\/div>\n<div>Patlama noktas\u0131ndan benim bulundu\u011fum TMMOB \u00a0pankart\u0131n\u0131n oldu\u011fu noktaya do\u011fru can haliyle ka\u00e7anlar vard\u0131. Olay\u0131n heyecan\u0131 ve \u015fa\u015fk\u0131nl\u0131\u011f\u0131 i\u00e7indeydiler. Beni en \u00e7ok etkileyen bunlardan birka\u00e7\u0131n\u0131n arkas\u0131nda g\u00f6mleklerini yap\u0131\u015fm\u0131\u015f olan et par\u00e7alar\u0131yd\u0131&#8230;<\/div>\n<div>Kendileri fark\u0131nda de\u011fillerdi .<\/div>\n<div>Bu foto\u011fraf hala g\u00f6z\u00fcm\u00fcn \u00f6n\u00fcnde unutamad\u0131\u011f\u0131m bir and\u0131r.<\/div>\n<div dir=\"ltr\"><\/div>\n<div>Bug\u00fcn d\u00fcnya tek kutuplu d\u00fcnya isteyen, bunun i\u00e7in sava\u015flar\u0131n ve vir\u00fcslerin \u00e7\u0131kmas\u0131na katk\u0131 ve destek veren reset\u00e7ilerin \u00fcretti\u011fi ve destekledi\u011fi -cihadist katliamc\u0131lar\u0131n ve siyonist soyk\u0131r\u0131mc\u0131lar\u0131n k\u0131skac\u0131nda-<\/div>\n<div>\u0130nsanl\u0131k bu nedenle tek kutuplu d\u00fcnyan\u0131n bu k\u0131skac\u0131n\u0131 ve zulm\u00fcn\u00fcn bitirilmesi i\u00e7in MAGA (Yurtseverlik ve ba\u011f\u0131ms\u0131zl\u0131k) \u00a0ve \u00a0\u00c7OK KUTUPLULUK (uzla\u015fma ve bar\u0131\u015f ) diyalekti\u011finin ba\u015far\u0131ya ula\u015fmas\u0131n\u0131 desteklemelidir. Alaska 2025 bulu\u015fmas\u0131ndan sonra \u00fc\u00e7\u00fcnc\u00fc D\u00fcnya Sava\u015f\u0131 olas\u0131l\u0131\u011f\u0131 azalm\u0131\u015f d\u00fcnyada bar\u0131\u015f yol kat edilmi\u015ftir. Ancak bu may\u0131nl\u0131 yolda, bu bar\u0131\u015f \u00e7abalar\u0131na t\u00fcm d\u00fcnya halklar\u0131 ve liderleri destek ve katk\u0131 vermek, \u00e7ok dikkatli olmak durumundad\u0131r&#8230;<\/div>\n","protected":false},"excerpt":{"rendered":"<p>I\u015eID&#8217;\u00e7\u0131 ter\u00f6ristlerin 10 Ekim 2015 Cumartesi g\u00fcn\u00fc Ankara gar\u0131 \u00f6n\u00fcnde I\u015eID\u2019\u0131 protesto i\u00e7in toplananlar aras\u0131nda ben de vard\u0131m. Kalabal\u0131k i\u00e7ine s\u0131zan Cihat\u00e7\u0131 canl\u0131 bomba patlamas\u0131yla 104 can\u0131m\u0131z\u0131 kaybettik\u2026 Bomban\u0131n patlad\u0131\u011f\u0131 yerden yar\u0131m saat \u00f6nce ge\u00e7mi\u015ftim Bir anda ortal\u0131k ana baba g\u00fcn\u00fcne d\u00f6nd\u00fc. Patlama noktas\u0131ndan benim bulundu\u011fum TMMOB \u00a0pankart\u0131n\u0131n oldu\u011fu noktaya do\u011fru can haliyle ka\u00e7anlar vard\u0131. [&hellip;]<\/p>\n","protected":false},"author":13,"featured_media":106552,"comment_status":"open","ping_status":"open","sticky":false,"template":"","format":"standard","meta":{"footnotes":""},"categories":[28],"tags":[],"class_list":["post-111554","post","type-post","status-publish","format-standard","has-post-thumbnail","hentry","category-serdar-erkan"],"views":638,"_links":{"self":[{"href":"https:\/\/mersingazetesi.com\/index.php\/wp-json\/wp\/v2\/posts\/111554","targetHints":{"allow":["GET"]}}],"collection":[{"href":"https:\/\/mersingazetesi.com\/index.php\/wp-json\/wp\/v2\/posts"}],"about":[{"href":"https:\/\/mersingazetesi.com\/index.php\/wp-json\/wp\/v2\/types\/post"}],"author":[{"embeddable":true,"href":"https:\/\/mersingazetesi.com\/index.php\/wp-json\/wp\/v2\/users\/13"}],"replies":[{"embeddable":true,"href":"https:\/\/mersingazetesi.com\/index.php\/wp-json\/wp\/v2\/comments?post=111554"}],"version-history":[{"count":1,"href":"https:\/\/mersingazetesi.com\/index.php\/wp-json\/wp\/v2\/posts\/111554\/revisions"}],"predecessor-version":[{"id":111555,"href":"https:\/\/mersingazetesi.com\/index.php\/wp-json\/wp\/v2\/posts\/111554\/revisions\/111555"}],"wp:featuredmedia":[{"embeddable":true,"href":"https:\/\/mersingazetesi.com\/index.php\/wp-json\/wp\/v2\/media\/106552"}],"wp:attachment":[{"href":"https:\/\/mersingazetesi.com\/index.php\/wp-json\/wp\/v2\/media?parent=111554"}],"wp:term":[{"taxonomy":"category","embeddable":true,"href":"https:\/\/mersingazetesi.com\/index.php\/wp-json\/wp\/v2\/categories?post=111554"},{"taxonomy":"post_tag","embeddable":true,"href":"https:\/\/mersingazetesi.com\/index.php\/wp-json\/wp\/v2\/tags?post=111554"}],"curies":[{"name":"wp","href":"https:\/\/api.w.org\/{rel}","templated":true}]}}