{"id":110822,"date":"2025-10-05T10:06:12","date_gmt":"2025-10-05T07:06:12","guid":{"rendered":"https:\/\/mersingazetesi.com\/?p=110822"},"modified":"2025-10-05T11:19:19","modified_gmt":"2025-10-05T08:19:19","slug":"insanlik-vicdani-harekete-gecmeden-filistin-ozgur-olmaz","status":"publish","type":"post","link":"https:\/\/mersingazetesi.com\/index.php\/2025\/10\/05\/insanlik-vicdani-harekete-gecmeden-filistin-ozgur-olmaz\/","title":{"rendered":"\u0130NSANLIK V\u0130CDANI HAREKETE GE\u00c7MEDEN F\u0130L\u0130ST\u0130N \u00d6ZG\u00dcR OLMAZ"},"content":{"rendered":"<div>Ku\u015fkusuz ki, Filistin Halk\u0131&#8217;n\u0131n kendi kaderini belirleme hakk\u0131 vard\u0131r! Bu hak da analar\u0131n\u0131n ak s\u00fct\u00fc kadar helaldir. Ancak, gerek Trump y\u00f6netimindeki emperyalist ABD&#8217;nin ve gerekse Onun Ortado\u011fu&#8217;da ko\u00e7 ba\u015f\u0131 olarak kulland\u0131\u011f\u0131 (soyk\u0131r\u0131mc\u0131) Netanyahu y\u00f6netimindeki \u0130srail&#8217;in, Filistin Halk\u0131&#8217;n\u0131n bu me\u015fru hakk\u0131n\u0131 tan\u0131ma gibi bir niyetleri yoktur. Filistin Halk\u0131&#8217;n\u0131n da kendi kaderini belirleyebilecek kadar g\u00fcc\u00fc ve takati yoktur. Kapasitesi zaten yoktur. Maalesef(!) insanl\u0131k vicdan\u0131 da Filistin Halk\u0131&#8217;n\u0131n arkas\u0131nda durabilecek kadar g\u00fc\u00e7l\u00fc de\u011fildir. En az\u0131ndan, an itibariyle durum b\u00f6yledir. Ba\u015flar\u0131nda bir\u00e7o\u011fu emperyalistlerin u\u015fa\u011f\u0131 olan M\u00fcsl\u00fcman \u00dclkeler&#8217;in hali de ortadad\u0131r. \u00c7o\u011funlu\u011fu kad\u0131n, \u00e7ocuk ve ya\u015fl\u0131 olmak \u00fczere, yetmi\u015f be\u015f binden fazla Filistinliyi katleden, y\u00fcz binlercesini sakat b\u0131rakan ve milyonlarcas\u0131n\u0131 da yerinden, yurdundan eden Netanyahu Y\u00f6netimi&#8217;ni cesaretlendiren de bu olmu\u015ftur.<\/div>\n<div>Gazze Halk\u0131&#8217;n\u0131n temsilcisi oldu\u011funu iddia eden Hamas da, \u0130srail&#8217;de d\u00fczenlenen bir festivale sald\u0131r\u0131p, de\u011fi\u015fik milletlere mensup y\u00fczlerce masum insan\u0131 katlederek ve bir k\u0131sm\u0131n\u0131 da rehin al\u0131p ka\u00e7\u0131rarak, Filistin Halk\u0131&#8217;na \u00e7ok b\u00fcy\u00fck k\u00f6t\u00fcl\u00fck yapm\u0131\u015ft\u0131r. Netanyahu da bu durumu f\u0131rsat bilip, soyk\u0131r\u0131m da dahil, Filistin Halk\u0131&#8217;na akla hayale gelmedik zulm\u00fc yapm\u0131\u015ft\u0131r. \u00d6yle ki, okul, hastane, ibadethane demeden, Gazze&#8217;de ta\u015f \u00fcst\u00fcnde ta\u015f, omuz \u00fcst\u00fcnde ba\u015f b\u0131rakmam\u0131\u015ft\u0131r. B\u00fct\u00fcn bunlar\u0131 da d\u00fcnyan\u0131n g\u00f6z\u00fcn\u00fcn i\u00e7ine bakarak yapm\u0131\u015ft\u0131r.<\/div>\n<div dir=\"ltr\"><\/div>\n<p>Bir halk\u0131n kendi kaderini tayin edebilmesi g\u00fc\u00e7le direni\u015fle olur. Filistin Halk\u0131, Birle\u015fmi\u015f Milletler&#8217;den ve ba\u015fka \u00fclkelerden yard\u0131m alarak k\u0131t kanaat ge\u00e7inen bir Halk&#8217;t\u0131r. Ger\u00e7ek bu iken, Hamas&#8217;\u0131n dronlarla \u0130srail&#8217;e sald\u0131r\u0131p, festival i\u00e7in toplanm\u0131\u015f olan insanlar\u0131 \u00f6ld\u00fcrmesi ve ka\u00e7\u0131rmas\u0131 aptall\u0131kt\u0131r. \u00c7\u00fcnk\u00fc Filistinlilerin, arkas\u0131nda emperyalist ABD&#8217;nin oldu\u011fu g\u00fc\u00e7l\u00fc bir \u0130srail&#8217;le ba\u015f etme \u015fans\u0131 yoktur. Bu demek de\u011fildir ki, Filistin Halk\u0131 direnmesin. Filistin Halk\u0131 can\u0131n\u0131, mal\u0131n\u0131, yerini, yurdunu korumak i\u00e7in elbette direnecek. Fakat Hamas&#8217;\u0131n yapt\u0131\u011f\u0131 gibi, direni\u015f ad\u0131 alt\u0131nda insanl\u0131k vicdan\u0131n\u0131n kabul etmedi\u011fi eylemlere giri\u015fmeyecek.<\/p>\n<div dir=\"ltr\"><\/div>\n<p>Peki, bu \u015fartlar alt\u0131nda \u0130srailliler&#8217;le Filistinliler&#8217;in bar\u0131\u015f i\u00e7inde kom\u015fu olarak ya\u015famalar\u0131 m\u00fcmk\u00fcn m\u00fc? G\u00f6r\u00fcnd\u00fc\u011f\u00fc kadar\u0131yla pek m\u00fcmk\u00fcn de\u011fil. \u00c7\u00fcnk\u00fc Netanyahu y\u00f6netimindeki \u0130srail, Filistin Devleti&#8217;nin varl\u0131\u011f\u0131n\u0131 kabul etmiyor. Bar\u0131\u015f\u0131n olmas\u0131 i\u00e7in, ya insanl\u0131k vicdan\u0131n\u0131n aya\u011fa kalk\u0131p Filistin Halk\u0131&#8217;n\u0131n arkas\u0131nda durmas\u0131 ya da \u0130srail&#8217;in Filistin Devleti&#8217;nin varl\u0131\u011f\u0131n\u0131 ve s\u0131n\u0131rlar\u0131n\u0131 kabul etmesi laz\u0131m. Bunlar ger\u00e7ekle\u015fmedi\u011fi s\u00fcrece bu co\u011frafyada kal\u0131c\u0131 bir bar\u0131\u015f\u0131n olmas\u0131 m\u00fcmk\u00fcn de\u011fildir.<\/p>\n<div dir=\"ltr\"><\/div>\n<p>Bar\u0131\u015f\u0131n ve karde\u015fli\u011fin egemen oldu\u011fu mutlu ve m\u00fcreffeh bir d\u00fcnyada huzur ve g\u00fcven i\u00e7inde ya\u015famam\u0131z umut ve dile\u011fimle esen kal\u0131n!<\/p>\n","protected":false},"excerpt":{"rendered":"<p>Ku\u015fkusuz ki, Filistin Halk\u0131&#8217;n\u0131n kendi kaderini belirleme hakk\u0131 vard\u0131r! Bu hak da analar\u0131n\u0131n ak s\u00fct\u00fc kadar helaldir. Ancak, gerek Trump y\u00f6netimindeki emperyalist ABD&#8217;nin ve gerekse Onun Ortado\u011fu&#8217;da ko\u00e7 ba\u015f\u0131 olarak kulland\u0131\u011f\u0131 (soyk\u0131r\u0131mc\u0131) Netanyahu y\u00f6netimindeki \u0130srail&#8217;in, Filistin Halk\u0131&#8217;n\u0131n bu me\u015fru hakk\u0131n\u0131 tan\u0131ma gibi bir niyetleri yoktur. Filistin Halk\u0131&#8217;n\u0131n da kendi kaderini belirleyebilecek kadar g\u00fcc\u00fc ve takati [&hellip;]<\/p>\n","protected":false},"author":14,"featured_media":109178,"comment_status":"open","ping_status":"open","sticky":false,"template":"","format":"standard","meta":{"footnotes":""},"categories":[47],"tags":[],"class_list":["post-110822","post","type-post","status-publish","format-standard","has-post-thumbnail","hentry","category-erdogan-serin"],"views":669,"_links":{"self":[{"href":"https:\/\/mersingazetesi.com\/index.php\/wp-json\/wp\/v2\/posts\/110822","targetHints":{"allow":["GET"]}}],"collection":[{"href":"https:\/\/mersingazetesi.com\/index.php\/wp-json\/wp\/v2\/posts"}],"about":[{"href":"https:\/\/mersingazetesi.com\/index.php\/wp-json\/wp\/v2\/types\/post"}],"author":[{"embeddable":true,"href":"https:\/\/mersingazetesi.com\/index.php\/wp-json\/wp\/v2\/users\/14"}],"replies":[{"embeddable":true,"href":"https:\/\/mersingazetesi.com\/index.php\/wp-json\/wp\/v2\/comments?post=110822"}],"version-history":[{"count":2,"href":"https:\/\/mersingazetesi.com\/index.php\/wp-json\/wp\/v2\/posts\/110822\/revisions"}],"predecessor-version":[{"id":110836,"href":"https:\/\/mersingazetesi.com\/index.php\/wp-json\/wp\/v2\/posts\/110822\/revisions\/110836"}],"wp:featuredmedia":[{"embeddable":true,"href":"https:\/\/mersingazetesi.com\/index.php\/wp-json\/wp\/v2\/media\/109178"}],"wp:attachment":[{"href":"https:\/\/mersingazetesi.com\/index.php\/wp-json\/wp\/v2\/media?parent=110822"}],"wp:term":[{"taxonomy":"category","embeddable":true,"href":"https:\/\/mersingazetesi.com\/index.php\/wp-json\/wp\/v2\/categories?post=110822"},{"taxonomy":"post_tag","embeddable":true,"href":"https:\/\/mersingazetesi.com\/index.php\/wp-json\/wp\/v2\/tags?post=110822"}],"curies":[{"name":"wp","href":"https:\/\/api.w.org\/{rel}","templated":true}]}}