{"id":110547,"date":"2025-10-02T12:23:08","date_gmt":"2025-10-02T09:23:08","guid":{"rendered":"https:\/\/mersingazetesi.com\/?p=110547"},"modified":"2025-10-02T12:23:08","modified_gmt":"2025-10-02T09:23:08","slug":"derbinin-hakemi-yasin-kol","status":"publish","type":"post","link":"https:\/\/mersingazetesi.com\/index.php\/2025\/10\/02\/derbinin-hakemi-yasin-kol\/","title":{"rendered":"DERB\u0130N\u0130N HAKEM\u0130 YAS\u0130N KOL"},"content":{"rendered":"<p>Trendyol S\u00fcper Lig&#8217;in 8. haftas\u0131nda oynanacak ma\u00e7lar\u0131 y\u00f6netecek hakemler belli oldu. Ligin 8. haftas\u0131ndaki Galatasaray-Be\u015fikta\u015f derbisinde hakem\u00a0<strong class=\"searchword\">Yasin<\/strong>\u00a0<strong class=\"searchword\">Kol<\/strong>\u00a0d\u00fcd\u00fck \u00e7alacak.<br \/>\nTrendyol S\u00fcper Lig&#8217;de 8. hafta heyecan\u0131 yar\u0131n, 4 Ekim Cumartesi ve 5 Ekim Pazar g\u00fcn\u00fc oynanacak m\u00fcsabakalarla ya\u015fanacak. T\u00fcrkiye Futbol Federasyonu da sitesinden yapt\u0131\u011f\u0131 a\u00e7\u0131klamayla, haftan\u0131n hakemlerini duyurdu. Buna g\u00f6re; 4 Ekim Cumartesi g\u00fcn\u00fc Galatasaray ile Be\u015fikta\u015f aras\u0131nda oynanacak derbi m\u00fccadelesinde hakem\u00a0<strong class=\"searchword\">Yasin<\/strong>\u00a0<strong class=\"searchword\">Kol<\/strong>\u00a0d\u00fcd\u00fck \u00e7alacak.<br \/>\nS\u00fcper Lig&#8217;de 8. haftan\u0131n program\u0131 ve hakemler \u015f\u00f6yle:<\/p>\n<p>Yar\u0131n<br \/>\n20.00 Antalyaspor &#8211; \u00c7aykur Rizespor: Ozan Erg\u00fcn<br \/>\n20.00 Trabzonspor &#8211; Kayserispor: Ali \u015eansalan<\/p>\n<p>4 Ekim Cumartesi<br \/>\n14.30 Gen\u00e7lerbirli\u011fi &#8211; Corendon Alanyaspor: Atilla Karao\u011flan<br \/>\n17.00 Kocaelispor &#8211; Ey\u00fcpspor: Adnan Deniz Kayatepe<br \/>\n20.00 Galatasaray &#8211; Be\u015fikta\u015f:\u00a0<strong class=\"searchword\">Yasin<\/strong>\u00a0<strong class=\"searchword\">Kol<\/strong><\/p>\n<p>5 Ekim Pazar<br \/>\n14.30 Kas\u0131mpa\u015fa &#8211; Konyaspor: Alper Akarsu<br \/>\n17.00 Fatih Karag\u00fcmr\u00fck &#8211; Gaziantep FK: O\u011fuzhan \u00c7ak\u0131r<br \/>\n20.00 G\u00f6ztepe &#8211; Ba\u015fak\u015fehir: Cihan Ayd\u0131n<br \/>\n20.00 Samsunspor &#8211; Fenerbah\u00e7e: Halil Umut Meler<\/p>\n","protected":false},"excerpt":{"rendered":"<p>Trendyol S\u00fcper Lig&#8217;in 8. haftas\u0131nda oynanacak ma\u00e7lar\u0131 y\u00f6netecek hakemler belli oldu. Ligin 8. haftas\u0131ndaki Galatasaray-Be\u015fikta\u015f derbisinde hakem\u00a0Yasin\u00a0Kol\u00a0d\u00fcd\u00fck \u00e7alacak. Trendyol S\u00fcper Lig&#8217;de 8. hafta heyecan\u0131 yar\u0131n, 4 Ekim Cumartesi ve 5 Ekim Pazar g\u00fcn\u00fc oynanacak m\u00fcsabakalarla ya\u015fanacak. T\u00fcrkiye Futbol Federasyonu da sitesinden yapt\u0131\u011f\u0131 a\u00e7\u0131klamayla, haftan\u0131n hakemlerini duyurdu. Buna g\u00f6re; 4 Ekim Cumartesi g\u00fcn\u00fc Galatasaray ile Be\u015fikta\u015f [&hellip;]<\/p>\n","protected":false},"author":2,"featured_media":110548,"comment_status":"open","ping_status":"open","sticky":false,"template":"","format":"standard","meta":{"footnotes":""},"categories":[6],"tags":[],"class_list":["post-110547","post","type-post","status-publish","format-standard","has-post-thumbnail","hentry","category-spor"],"views":103,"_links":{"self":[{"href":"https:\/\/mersingazetesi.com\/index.php\/wp-json\/wp\/v2\/posts\/110547","targetHints":{"allow":["GET"]}}],"collection":[{"href":"https:\/\/mersingazetesi.com\/index.php\/wp-json\/wp\/v2\/posts"}],"about":[{"href":"https:\/\/mersingazetesi.com\/index.php\/wp-json\/wp\/v2\/types\/post"}],"author":[{"embeddable":true,"href":"https:\/\/mersingazetesi.com\/index.php\/wp-json\/wp\/v2\/users\/2"}],"replies":[{"embeddable":true,"href":"https:\/\/mersingazetesi.com\/index.php\/wp-json\/wp\/v2\/comments?post=110547"}],"version-history":[{"count":1,"href":"https:\/\/mersingazetesi.com\/index.php\/wp-json\/wp\/v2\/posts\/110547\/revisions"}],"predecessor-version":[{"id":110549,"href":"https:\/\/mersingazetesi.com\/index.php\/wp-json\/wp\/v2\/posts\/110547\/revisions\/110549"}],"wp:featuredmedia":[{"embeddable":true,"href":"https:\/\/mersingazetesi.com\/index.php\/wp-json\/wp\/v2\/media\/110548"}],"wp:attachment":[{"href":"https:\/\/mersingazetesi.com\/index.php\/wp-json\/wp\/v2\/media?parent=110547"}],"wp:term":[{"taxonomy":"category","embeddable":true,"href":"https:\/\/mersingazetesi.com\/index.php\/wp-json\/wp\/v2\/categories?post=110547"},{"taxonomy":"post_tag","embeddable":true,"href":"https:\/\/mersingazetesi.com\/index.php\/wp-json\/wp\/v2\/tags?post=110547"}],"curies":[{"name":"wp","href":"https:\/\/api.w.org\/{rel}","templated":true}]}}