{"id":110537,"date":"2025-10-02T11:32:34","date_gmt":"2025-10-02T08:32:34","guid":{"rendered":"https:\/\/mersingazetesi.com\/?p=110537"},"modified":"2025-10-02T11:32:34","modified_gmt":"2025-10-02T08:32:34","slug":"2025-2026-egitim-ogretim-yili-oryantasyon-gunleri-etkinlikleri-basladi","status":"publish","type":"post","link":"https:\/\/mersingazetesi.com\/index.php\/2025\/10\/02\/2025-2026-egitim-ogretim-yili-oryantasyon-gunleri-etkinlikleri-basladi\/","title":{"rendered":"2025-2026 E\u011fitim \u00d6\u011fretim Y\u0131l\u0131 Oryantasyon G\u00fcnleri Etkinlikleri Ba\u015flad\u0131"},"content":{"rendered":"<p>Rehberlik ve Psikolojik Dan\u0131\u015fmanl\u0131k Uygulama ve Ara\u015ft\u0131rma Merkezimiz taraf\u0131ndan, 1-3 Ekim tarihleri aras\u0131nda Mersin \u00dcniversitesine bu y\u0131l kat\u0131lan \u00f6\u011frencilerin uyum s\u00fcrecini h\u0131zland\u0131rmak, aidiyetlerini artt\u0131rmak, sosyal, k\u00fclt\u00fcrel ve akademik olanaklar\u0131n\u0131 tan\u0131tmak amac\u0131 ile d\u00fczenlenen oryantasyon program\u0131, Mersin Valisi Atilla Toros\u2019un kat\u0131l\u0131mlar\u0131yla ba\u015flad\u0131.<\/p>\n<p>Oryantasyon G\u00fcnleri Program\u0131 kapsam\u0131nda ilk olarak &#8220;Ba\u015far\u0131 Yolculu\u011funuzda Mersin Valili\u011fi Yan\u0131n\u0131zda&#8221; adl\u0131 etkinlik d\u00fczenlendi.\u00a0 Prof. Dr. U\u011fur Oral K\u00fclt\u00fcr Merkezi\u2019nde ger\u00e7ekle\u015fen etkinli\u011fe Mersin Valisi Atilla Toros, \u00dcniversite Rekt\u00f6r\u00fc Prof. Dr. Erol Ya\u015far, Gen\u00e7lik ve Spor \u0130l M\u00fcd\u00fcr\u00fc G\u00f6ksun \u00d6z, \u0130\u015eKUR M\u00fcd\u00fcr\u00fc Ali Ko\u00e7, \u0130l K\u00fclt\u00fcr ve Turizm M\u00fcd\u00fcr\u00fc Hakan Do\u011fanay, Rekt\u00f6r Yard\u0131mc\u0131lar\u0131, Rekt\u00f6r Dan\u0131\u015fmanlar\u0131, dekanlar, m\u00fcd\u00fcrler, daire ba\u015fkanlar\u0131, akademik ve idari personel ile \u00f6\u011frenciler kat\u0131l\u0131m sa\u011flad\u0131.<\/p>\n<p>\u201cHayat\u0131n\u0131z\u0131n Yepyeni Sayfas\u0131n\u0131 A\u00e7arken, Sizlerle Ayn\u0131 Heyecan\u0131 Payla\u015fmak B\u00fcy\u00fck Bir Mutluluk\u201d<\/p>\n<p>\u00d6\u011frencilerin hayatlar\u0131ndaki en \u00f6nemli d\u00f6n\u00fcm noktalar\u0131ndan birisini ya\u015fad\u0131klar\u0131n\u0131 ifade ederek s\u00f6zlerine ba\u015flayan Mersin Valisi Atilla Toros, \u201cHepinizin y\u00fcre\u011finde farkl\u0131 bir heyecan var, biliyorum.\u00a0 \u00c7\u00fcnk\u00fc bu heyecan\u0131 ben de y\u0131llar \u00f6nce ya\u015fad\u0131m. Unutmay\u0131n: Her b\u00fcy\u00fck yolculuk, tek bir ad\u0131mla ba\u015flar.\u00a0 Bug\u00fcn att\u0131\u011f\u0131n\u0131z bu ad\u0131m, sadece sizi de\u011fil, yar\u0131n\u0131n T\u00fcrkiye\u2019sini de \u015fekillendirecek. \u00dcniversite y\u0131llar\u0131, insan hayat\u0131n\u0131n en canl\u0131, en \u00fcretken ve belki de en unutulmaz d\u00f6nemidir. \u00dcniversite, sadece derslerin i\u015flendi\u011fi, s\u0131navlar\u0131n yap\u0131ld\u0131\u011f\u0131 bir yer de\u011fildir. \u00dcniversite demek, yaln\u0131z mesle\u011finize de\u011fil; hayata da haz\u0131rl\u0131k demektir. Burada \u00f6\u011frenece\u011finiz bilgiler kadar, kuraca\u011f\u0131n\u0131z dostluklar ve edinece\u011finiz tecr\u00fcbeler de sizi gelece\u011fe haz\u0131rlar. Burada, hayaller filizlenir, ufkunuz geni\u015fler.\u201d dedi.<\/p>\n<p>\u201cAileniz, Milletimiz ve Devletimiz Yolunuzu A\u00e7mak \u0130\u00e7in Elinden Geleni Yap\u0131yor\u201d<\/p>\n<p>\u00d6\u011frencilere her zaman g\u00fcvendiklerini ve inand\u0131klar\u0131n\u0131 belirten Vali Toros, \u201cSizden beklentimiz tek kelimeyle \u00f6zetlenebilir: \u00e7al\u0131\u015fmak.\u00a0 Bilimde, sanatta, sporda bizleri gururland\u0131racak ba\u015far\u0131lar ortaya koyun. Sizlerin enerjisi, azmi ve yenilik\u00e7i fikirleri T\u00fcrkiye\u2019nin en b\u00fcy\u00fck g\u00fcc\u00fcd\u00fcr. Devletimiz, gen\u00e7lerimizin \u00fcniversite hayat\u0131n\u0131 en iyi ko\u015fullarda ge\u00e7irmesi i\u00e7in her t\u00fcrl\u00fc yat\u0131r\u0131m\u0131 yap\u0131yor. Say\u0131n Cumhurba\u015fkan\u0131m\u0131z\u0131n tevecc\u00fchleri, Say\u0131n Bakanlar\u0131m\u0131z\u0131n b\u00fcy\u00fck deste\u011fi ile \u00fclke genelinde yap\u0131lan bu yat\u0131r\u0131mlardan ilimiz de b\u00fcy\u00fck pay al\u0131yor. Bu yat\u0131r\u0131mlar neticesindedir ki \u00fcniversite \u00f6\u011frencilerimizin bar\u0131nma ve beslenme ihtiyac\u0131n\u0131 kar\u015f\u0131lamada \u00e7ok g\u00fc\u00e7l\u00fc bir altyap\u0131m\u0131z var. \u0130limizde 10 bin kapasiteli 3 k\u0131z yurdu, 6 bin kapasiteli 4 erkek yurdu ve 1.700 kapasiteli 3 karma yurt olmak \u00fczere kamuya ait 10 yurdumuzun toplam kapasitesi 17.700\u2019e ula\u015fm\u0131\u015ft\u0131r. B\u00fcy\u00fck bir memnuniyetle ifade etmek isterim ki; yurtta kalmay\u0131 talep eden her \u00f6\u011frencimizi yurtlar\u0131m\u0131zda misafir edecek kapasitemiz bulunuyor. Bu, devletimizin sizlere verdi\u011fi de\u011ferin en somut g\u00f6stergesidir.\u201d \u015feklinde konu\u015ftu.<\/p>\n<p>\u201cTeknolojik Geli\u015fmelerin Yaln\u0131zca T\u00fcketicisi Olmay\u0131n\u201d<\/p>\n<p>Teknolojinin d\u00fcnyay\u0131 her g\u00fcn yeniden \u015fekillendirdi\u011fini dile getiren Mersin Valisi Atilla Toros, \u201cYapay zek\u00e2, dijital d\u00f6n\u00fc\u015f\u00fcm, yenilenebilir enerji, biyoteknoloji. Bu alanlar sadece m\u00fchendislerin de\u011fil, her meslekten gencin ilgisini bekliyor. Sizlere tavsiyem; bu geli\u015fmelerin yaln\u0131zca t\u00fcketicisi olmay\u0131n. Bu geli\u015fimin bir par\u00e7as\u0131, hatta \u00f6nc\u00fcs\u00fc olun. Yeni teknolojileri \u00f6\u011frenin ve kendi alan\u0131n\u0131za uyarlamaya \u00e7al\u0131\u015f\u0131n. \u00c7\u00fcnk\u00fc, \u00fclkemizin rekabet g\u00fcc\u00fcn\u00fcn anahtar\u0131 sizin elinizde. Ama unutmay\u0131n, teknolojinin de \u00f6tesinde insani de\u011ferler \u00f6nemli. Bu nedenle kalbinizi beslemeyi unutmay\u0131n.\u00a0 Kitap okuyun, sanatla ilgilenin, spor yap\u0131n.\u201d ifadelerini kulland\u0131.<\/p>\n<p>\u201c\u00d6nemli Olan, Yapt\u0131\u011f\u0131n\u0131z \u0130\u015fi A\u015fkla Yapmak\u201d<\/p>\n<p>Her bir \u00f6\u011frencinin \u00fcniversite kap\u0131s\u0131ndan farkl\u0131 hayallerle girdi\u011fini aktaran Vali Toros, \u201cHepiniz farkl\u0131 hayallerle bu kap\u0131dan i\u00e7eri girdiniz. Kiminiz \u00f6\u011fretmen, kiminiz m\u00fchendis, kiminiz doktor, kiminiz sanat\u00e7\u0131 olmay\u0131 d\u00fc\u015fl\u00fcyorsunuz. Hangi meslek olursa olsun, \u00f6nemli olan yapt\u0131\u011f\u0131n\u0131z i\u015fi a\u015fkla yapmak. \u0130yi insan olmay\u0131, \u00fclkenize ve insanl\u0131\u011fa katk\u0131 sunmay\u0131 daima \u00f6nceli\u011finiz yap\u0131n. Kalbinizi diri tutan her erdem, sizi ger\u00e7ek ba\u015far\u0131ya g\u00f6t\u00fcr\u00fcr. Yolunuz uzun, sorumlulu\u011funuz b\u00fcy\u00fck.\u00a0 Ama unutmay\u0131n, bu yolda asla yaln\u0131z de\u011filsiniz.\u00a0 Aileniz, hocalar\u0131n\u0131z, devletiniz daima yan\u0131n\u0131zda. Bu \u00fclkenin gelece\u011fini in\u015fa edecek olan sizlersiniz. Sizlerin enerjisi ve \u00e7al\u0131\u015fkanl\u0131\u011f\u0131 yar\u0131nlar\u0131m\u0131z\u0131 daha g\u00fc\u00e7l\u00fc k\u0131lacakt\u0131r. Hepinize bu yolculukta ba\u015far\u0131lar diliyorum.\u00a0 Hayalleriniz b\u00fcy\u00fck, azminiz daim olsun. Ho\u015f geldiniz; iyi ki geldiniz.\u201d dedi.<\/p>\n<p>Vali Toros, konu\u015fmas\u0131n\u0131n ard\u0131ndan \u00f6\u011frencilerimizden gelen sorular\u0131 yan\u0131tlad\u0131.<\/p>\n<p>\u201cHepiniz, 50 Bini A\u015fk\u0131n Bireyden Olu\u015fan B\u00fcy\u00fck Bir Ailenin De\u011ferli \u00dcyesi Oldunuz\u201d<\/p>\n<p>\u00d6\u011frencilerin \u00dcniversitede ge\u00e7en y\u0131llar\u0131n\u0131n hem akademik hem de ki\u015fisel geli\u015fimleri a\u00e7\u0131s\u0131ndan hayatlar\u0131n\u0131n en \u00f6nemli d\u00f6n\u00fcm noktalar\u0131ndan biri olaca\u011f\u0131na inand\u0131\u011f\u0131n\u0131 ifade ederek s\u00f6zlerine ba\u015flayan Rekt\u00f6r Prof. Dr. Erol Ya\u015far, \u201cSizler, \u00fclkemizin gelece\u011fini \u015fekillendirecek; bilimin \u0131\u015f\u0131\u011f\u0131nda yol alacak, \u00e7al\u0131\u015fkan ve \u00fcretken bireylersiniz. \u00dcniversite s\u0131nav\u0131ndaki ba\u015far\u0131n\u0131zdan dolay\u0131 her birinizi y\u00fcrekten kutluyorum. \u00dcniversite yaln\u0131zca bilgi aktar\u0131m\u0131n\u0131n yap\u0131ld\u0131\u011f\u0131 bir yer de\u011fil; ayn\u0131 zamanda sosyal, k\u00fclt\u00fcrel, sanatsal ve sportif aktivitelerin de oldu\u011fu bir ya\u015fam merkezidir. Bu merkezden en iyi \u015fekilde faydalanmak, kendinizi sadece akademik olarak de\u011fil; sosyo-k\u00fclt\u00fcrel olarak da geli\u015ftirmek i\u00e7in say\u0131s\u0131 90\u2019a yakla\u015fan \u00f6\u011frenci topluluklar\u0131m\u0131za \u00fcye olun, d\u00fczenledi\u011fimiz \u00e7e\u015fitli aktivitelere kat\u0131l\u0131n ve deneyimler elde edin.\u201d ifadelerini kulland\u0131.<\/p>\n<p>\u201cSizlerin Potansiyelini Ortaya \u00c7\u0131karabilmeniz \u0130\u00e7in Her Zaman Yan\u0131n\u0131zday\u0131z\u201d<\/p>\n<p>Hayatta kar\u015f\u0131la\u015f\u0131lacak her zorlu\u011fun \u00f6\u011frencilere tecr\u00fcbe kazand\u0131r\u0131p, ba\u015far\u0131lar\u0131n ise \u00f6zg\u00fcven art\u0131raca\u011f\u0131n\u0131 dile getiren Prof. Dr. Erol Ya\u015far, \u201cBizler, sizlerin potansiyelinizi ortaya \u00e7\u0131karabilmeniz i\u00e7in her zaman yan\u0131n\u0131zday\u0131z. Ara\u015ft\u0131rmalar\u0131n\u0131z i\u00e7in kullanaca\u011f\u0131n\u0131z son teknolojiyle donat\u0131lm\u0131\u015f laboratuvarlar\u0131m\u0131z, Teknopark, Teknoloji Transfer Ofisi, Giri\u015fim Liman\u0131 ve Gen\u00e7lik Akademisi gibi merkezlerimiz sizlerin hizmetinde. T\u00dcB\u0130TAK, TEKNOFEST ve farkl\u0131 alanlardaki uluslararas\u0131 proje ba\u015fvurular\u0131n\u0131za sundu\u011fumuz maddi ve manevi desteklerle alan\u0131n\u0131zda en iyi yerlere gelmenizi i\u00e7in \u00e7al\u0131\u015f\u0131yoruz. Uygun fiyatl\u0131 yemek hizmetimiz, \u00fccretsiz ring seferlerimiz, kablosuz internet eri\u015fimimiz ve her ge\u00e7en g\u00fcn geli\u015fen sosyal olanaklar\u0131m\u0131zla, sizlerin huzurlu ve g\u00fcvenli bir e\u011fitim hayat\u0131 s\u00fcrd\u00fcrmenizi ama\u00e7l\u0131yoruz. \u00d6\u011frenci odakl\u0131 yakla\u015f\u0131m\u0131m\u0131zla sizleri her alanda desteklemeye, ihtiya\u00e7 duydu\u011funuz her an yan\u0131n\u0131zda olmaya devam edece\u011fiz.\u201d \u015feklinde konu\u015ftu.<\/p>\n<p>E\u011fitim hayatlar\u0131 boyunca \u00f6\u011frencilerden \u00dcniversitenin t\u00fcm imkanlar\u0131n\u0131 kullanarak kendilerini geli\u015ftirmelerini, fikirlerini \u00f6zg\u00fcrce ifade edebilmelerini ve \u00dcniversiteyi en iyi \u015fekilde temsil etmelerini bekledi\u011fini belirten Prof. Dr. Ya\u015far, s\u00f6zlerini programa te\u015friflerinden dolay\u0131 Vali Atilla Toros\u2019a te\u015fekk\u00fcrlerini sunarak tamamlad\u0131.<\/p>\n<p>Konu\u015fmalar\u0131n ard\u0131ndan Vali Toros\u2019a kat\u0131l\u0131m ve desteklerinden dolay\u0131 \u00f6\u011frenciler taraf\u0131ndan \u00e7i\u00e7ek takdim edildi ve etkinlik foto\u011fraf \u00e7ekimi ile sona erdi.<\/p>\n","protected":false},"excerpt":{"rendered":"<p>Rehberlik ve Psikolojik Dan\u0131\u015fmanl\u0131k Uygulama ve Ara\u015ft\u0131rma Merkezimiz taraf\u0131ndan, 1-3 Ekim tarihleri aras\u0131nda Mersin \u00dcniversitesine bu y\u0131l kat\u0131lan \u00f6\u011frencilerin uyum s\u00fcrecini h\u0131zland\u0131rmak, aidiyetlerini artt\u0131rmak, sosyal, k\u00fclt\u00fcrel ve akademik olanaklar\u0131n\u0131 tan\u0131tmak amac\u0131 ile d\u00fczenlenen oryantasyon program\u0131, Mersin Valisi Atilla Toros\u2019un kat\u0131l\u0131mlar\u0131yla ba\u015flad\u0131. Oryantasyon G\u00fcnleri Program\u0131 kapsam\u0131nda ilk olarak &#8220;Ba\u015far\u0131 Yolculu\u011funuzda Mersin Valili\u011fi Yan\u0131n\u0131zda&#8221; adl\u0131 etkinlik d\u00fczenlendi.\u00a0 [&hellip;]<\/p>\n","protected":false},"author":2,"featured_media":110538,"comment_status":"open","ping_status":"open","sticky":false,"template":"","format":"standard","meta":{"footnotes":""},"categories":[8],"tags":[],"class_list":["post-110537","post","type-post","status-publish","format-standard","has-post-thumbnail","hentry","category-mersin"],"views":151,"_links":{"self":[{"href":"https:\/\/mersingazetesi.com\/index.php\/wp-json\/wp\/v2\/posts\/110537","targetHints":{"allow":["GET"]}}],"collection":[{"href":"https:\/\/mersingazetesi.com\/index.php\/wp-json\/wp\/v2\/posts"}],"about":[{"href":"https:\/\/mersingazetesi.com\/index.php\/wp-json\/wp\/v2\/types\/post"}],"author":[{"embeddable":true,"href":"https:\/\/mersingazetesi.com\/index.php\/wp-json\/wp\/v2\/users\/2"}],"replies":[{"embeddable":true,"href":"https:\/\/mersingazetesi.com\/index.php\/wp-json\/wp\/v2\/comments?post=110537"}],"version-history":[{"count":1,"href":"https:\/\/mersingazetesi.com\/index.php\/wp-json\/wp\/v2\/posts\/110537\/revisions"}],"predecessor-version":[{"id":110539,"href":"https:\/\/mersingazetesi.com\/index.php\/wp-json\/wp\/v2\/posts\/110537\/revisions\/110539"}],"wp:featuredmedia":[{"embeddable":true,"href":"https:\/\/mersingazetesi.com\/index.php\/wp-json\/wp\/v2\/media\/110538"}],"wp:attachment":[{"href":"https:\/\/mersingazetesi.com\/index.php\/wp-json\/wp\/v2\/media?parent=110537"}],"wp:term":[{"taxonomy":"category","embeddable":true,"href":"https:\/\/mersingazetesi.com\/index.php\/wp-json\/wp\/v2\/categories?post=110537"},{"taxonomy":"post_tag","embeddable":true,"href":"https:\/\/mersingazetesi.com\/index.php\/wp-json\/wp\/v2\/tags?post=110537"}],"curies":[{"name":"wp","href":"https:\/\/api.w.org\/{rel}","templated":true}]}}