{"id":110202,"date":"2025-09-30T10:42:12","date_gmt":"2025-09-30T07:42:12","guid":{"rendered":"https:\/\/mersingazetesi.com\/?p=110202"},"modified":"2025-09-30T10:42:12","modified_gmt":"2025-09-30T07:42:12","slug":"zafer-havalimani-zafer-mi-zarar-mi","status":"publish","type":"post","link":"https:\/\/mersingazetesi.com\/index.php\/2025\/09\/30\/zafer-havalimani-zafer-mi-zarar-mi\/","title":{"rendered":"ZAFER HAVAL\u0130MANI: ZAFER M\u0130 ZARAR MI?"},"content":{"rendered":"<p>CHP Mersin Milletvekili ve TBMM Bay\u0131nd\u0131rl\u0131k, \u0130mar, Ula\u015ft\u0131rma ve Turizm Komisyonu \u00dcyesi\u00a0<strong>G\u00fclcan K\u0131\u015f<\/strong>, kamu kaynaklar\u0131n\u0131n yanda\u015f m\u00fcteahhitlere aktar\u0131lmas\u0131n\u0131n en \u00e7arp\u0131c\u0131 \u00f6rneklerinden biri olan\u00a0<strong>Zafer Havaliman\u0131<\/strong>\u00a0i\u00e7in sert s\u00f6zlerle iktidar\u0131 ele\u015ftirdi.<\/p>\n<p>2025 y\u0131l\u0131n\u0131n ilk 8 ay\u0131nda garanti edilen giden yolcu say\u0131s\u0131\u00a0<strong>878 bin 489<\/strong>\u00a0olarak belirlenmesine ra\u011fmen, fiilen ger\u00e7ekle\u015fen yolcu say\u0131s\u0131 yaln\u0131zca\u00a0<strong>25 bin 137<\/strong>\u00a0oldu. Bu b\u00fcy\u00fck fark nedeniyle Hazine\u2019nin i\u015fletmeci \u015firkete yapaca\u011f\u0131 garanti \u00f6demesi\u00a0<strong>4 milyon 502 bin 102 Euro<\/strong>. G\u00fcncel kurla yakla\u015f\u0131k\u00a0<strong>220 milyon TL<\/strong>.<\/p>\n<p>G\u00fclcan K\u0131\u015f, \u201cBir havaliman\u0131 yap\u0131yorsunuz, maliyeti 50 milyon Euro. Ama 2012\u2019den bug\u00fcne \u015firkete \u00f6denen garanti 80 milyon Euro\u2019ya ula\u015fm\u0131\u015f durumda. 2044 y\u0131l\u0131na kadar toplamda 208 milyon Euro \u00f6deme yap\u0131laca\u011f\u0131 \u00f6ng\u00f6r\u00fcl\u00fcyor. Bu tabloya \u2018kamu yat\u0131r\u0131m\u0131\u2019 diyebilir misiniz? Bunun ad\u0131 milletin s\u0131rt\u0131ndan yanda\u015f beslemektir, ba\u015fka hi\u00e7bir \u015fey de\u011fil\u201d dedi.<\/p>\n<h3>\u201cVATANDA\u015e A\u00c7LIKLA, \u0130\u015eS\u0130ZL\u0130KLE BO\u011eU\u015eURKEN&#8230;\u201d<\/h3>\n<p>CHP\u2019li G\u00fclcan K\u0131\u015f, vatanda\u015f\u0131n ya\u015fad\u0131\u011f\u0131 ekonomik s\u0131k\u0131nt\u0131lara dikkat \u00e7ekerek, \u201cBug\u00fcn milyonlarca emekli pazara \u00e7\u0131kam\u0131yor, \u00f6\u011frenciler bar\u0131nma sorunu ya\u015f\u0131yor, \u00e7ift\u00e7iler g\u00fcbre alam\u0131yor. Ama iktidar, milletin paras\u0131n\u0131 \u00e7uvallarla havaliman\u0131na d\u00f6k\u00fcyor. Nereye? Bo\u015f terminale, bo\u015f pistlere, u\u00e7mayan u\u00e7aklara! \u0130\u015fte AKP\u2019nin y\u00f6netim anlay\u0131\u015f\u0131 budur: vatanda\u015fa yokluk, yanda\u015fa servet\u201d diye konu\u015ftu.<\/p>\n<h3>\u201cBU SEVDANIZ NED\u0130R?\u201d<\/h3>\n<p>\u201cDevletin vatanda\u015f\u0131n paras\u0131n\u0131 yanda\u015flara pe\u015fke\u015f \u00e7ekme sevdan\u0131z nedir?\u201d diye soran G\u00fclcan K\u0131\u015f, s\u00f6zlerine \u015f\u00f6yle devam etti:<\/p>\n<p>\u201cAfyon ve K\u00fctahya\u2019n\u0131n toplam n\u00fcfusu 1 milyon 300 bin. Yani her birey y\u0131lda bir kez u\u00e7a\u011fa binse bile verilen garantiler tutmuyor. Bu kadar bariz matematik ortadayken yap\u0131lan i\u015f, planlama de\u011fil, bilerek ve isteyerek kamu kaynaklar\u0131n\u0131 hortumlamakt\u0131r. Bu milletin vergilerini, \u00e7ocuklar\u0131n gelece\u011fini, emeklilerin sofralar\u0131n\u0131, i\u015fsiz gen\u00e7lerin umutlar\u0131n\u0131 yanda\u015f m\u00fcteahhitlere pe\u015fke\u015f \u00e7ekiyorsunuz. Bu haramd\u0131r, bu vebaldir.\u201d<\/p>\n<h3>\u201cSAVCILAR DOSYAYI RAFTAN \u0130ND\u0130RMEL\u0130\u201d<\/h3>\n<p>Daha \u00f6nce Zafer Havaliman\u0131\u2019yla ilgili Ankara Cumhuriyet Ba\u015fsavc\u0131l\u0131\u011f\u0131\u2019na su\u00e7 duyurusu yap\u0131ld\u0131\u011f\u0131n\u0131 hat\u0131rlatan CHP Mersin Milletvekili G\u00fclcan K\u0131\u015f, \u201cSavc\u0131lar kamu zarar\u0131na yol a\u00e7an memurlar\u0131 tutuklarken, bu devasa soygunu g\u00f6rmezden gelemez. Zafer Havaliman\u0131 dosyas\u0131 raftan indirilmeli, imza atan herkes hesap vermelidir. Bu i\u015fin hesab\u0131 yaln\u0131zca siyaseten de\u011fil, hukuken de sorulmal\u0131d\u0131r\u201d dedi.<\/p>\n<h3>\u201cKOM\u0130SYON \u00dcYES\u0130 OLARAK SORUMLULUK\u201d<\/h3>\n<p>G\u00fclcan K\u0131\u015f, TBMM Bay\u0131nd\u0131rl\u0131k, \u0130mar, Ula\u015ft\u0131rma ve Turizm Komisyonu \u00fcyesi olarak bu konunun takip\u00e7isi olaca\u011f\u0131n\u0131 vurgulad\u0131:<\/p>\n<p>\u201cZafer Havaliman\u0131 bir \u00e7\u00fcr\u00fcmenin abidesidir. Bu modelin tekrar etmemesi i\u00e7in Meclis\u2019te sonuna kadar m\u00fccadele edece\u011fiz. Halk\u0131n cebinden \u00e7\u0131kan her kuru\u015fun hesab\u0131n\u0131 soraca\u011f\u0131z. Milletin al\u0131n teriyle toplanan vergiler, be\u015fli \u00e7eteye de\u011fil, halka hizmet olarak d\u00f6nmelidir.\u201d<\/p>\n<h3>SORU \u00d6NERGES\u0130 MECL\u0130S\u2019E SUNULDU<\/h3>\n<p>CHP\u2019li G\u00fclcan K\u0131\u015f, t\u00fcm bu tabloyu Meclis g\u00fcndemine ta\u015f\u0131mak \u00fczere Ula\u015ft\u0131rma ve Altyap\u0131 Bakan\u0131 Abdulkadir Uralo\u011flu\u2019nun yan\u0131tlamas\u0131 istemiyle yaz\u0131l\u0131\u00a0<strong>soru \u00f6nergesi<\/strong>\u00a0de verdi. K\u0131\u015f\u2019\u0131n \u00f6nergesinde; y\u0131llara g\u00f6re garanti edilen ve ger\u00e7ekle\u015fen yolcu say\u0131lar\u0131, Hazine\u2019den yap\u0131lan toplam \u00f6demeler, fizibilite raporlar\u0131, imza atan kamu g\u00f6revlileri hakk\u0131nda soru\u015fturma olup olmad\u0131\u011f\u0131 ve yap\u0131lan su\u00e7 duyurusunun ak\u0131beti soruldu.<\/p>\n<p class=\"v1MsoNormal\">\n","protected":false},"excerpt":{"rendered":"<p>CHP Mersin Milletvekili ve TBMM Bay\u0131nd\u0131rl\u0131k, \u0130mar, Ula\u015ft\u0131rma ve Turizm Komisyonu \u00dcyesi\u00a0G\u00fclcan K\u0131\u015f, kamu kaynaklar\u0131n\u0131n yanda\u015f m\u00fcteahhitlere aktar\u0131lmas\u0131n\u0131n en \u00e7arp\u0131c\u0131 \u00f6rneklerinden biri olan\u00a0Zafer Havaliman\u0131\u00a0i\u00e7in sert s\u00f6zlerle iktidar\u0131 ele\u015ftirdi. 2025 y\u0131l\u0131n\u0131n ilk 8 ay\u0131nda garanti edilen giden yolcu say\u0131s\u0131\u00a0878 bin 489\u00a0olarak belirlenmesine ra\u011fmen, fiilen ger\u00e7ekle\u015fen yolcu say\u0131s\u0131 yaln\u0131zca\u00a025 bin 137\u00a0oldu. Bu b\u00fcy\u00fck fark nedeniyle Hazine\u2019nin i\u015fletmeci [&hellip;]<\/p>\n","protected":false},"author":2,"featured_media":110203,"comment_status":"open","ping_status":"open","sticky":false,"template":"","format":"standard","meta":{"footnotes":""},"categories":[4,8,9],"tags":[],"class_list":["post-110202","post","type-post","status-publish","format-standard","has-post-thumbnail","hentry","category-ekonomi","category-mersin","category-siyaset"],"views":351,"_links":{"self":[{"href":"https:\/\/mersingazetesi.com\/index.php\/wp-json\/wp\/v2\/posts\/110202","targetHints":{"allow":["GET"]}}],"collection":[{"href":"https:\/\/mersingazetesi.com\/index.php\/wp-json\/wp\/v2\/posts"}],"about":[{"href":"https:\/\/mersingazetesi.com\/index.php\/wp-json\/wp\/v2\/types\/post"}],"author":[{"embeddable":true,"href":"https:\/\/mersingazetesi.com\/index.php\/wp-json\/wp\/v2\/users\/2"}],"replies":[{"embeddable":true,"href":"https:\/\/mersingazetesi.com\/index.php\/wp-json\/wp\/v2\/comments?post=110202"}],"version-history":[{"count":0,"href":"https:\/\/mersingazetesi.com\/index.php\/wp-json\/wp\/v2\/posts\/110202\/revisions"}],"wp:featuredmedia":[{"embeddable":true,"href":"https:\/\/mersingazetesi.com\/index.php\/wp-json\/wp\/v2\/media\/110203"}],"wp:attachment":[{"href":"https:\/\/mersingazetesi.com\/index.php\/wp-json\/wp\/v2\/media?parent=110202"}],"wp:term":[{"taxonomy":"category","embeddable":true,"href":"https:\/\/mersingazetesi.com\/index.php\/wp-json\/wp\/v2\/categories?post=110202"},{"taxonomy":"post_tag","embeddable":true,"href":"https:\/\/mersingazetesi.com\/index.php\/wp-json\/wp\/v2\/tags?post=110202"}],"curies":[{"name":"wp","href":"https:\/\/api.w.org\/{rel}","templated":true}]}}