{"id":109449,"date":"2025-09-25T12:19:56","date_gmt":"2025-09-25T09:19:56","guid":{"rendered":"https:\/\/mersingazetesi.com\/?p=109449"},"modified":"2025-09-25T17:27:26","modified_gmt":"2025-09-25T14:27:26","slug":"ulkemiz-insani-mutlu-degil","status":"publish","type":"post","link":"https:\/\/mersingazetesi.com\/index.php\/2025\/09\/25\/ulkemiz-insani-mutlu-degil\/","title":{"rendered":"\u00dcLKEM\u0130Z \u0130NSANI MUTLU DE\u011e\u0130L!"},"content":{"rendered":"<p>\u0130nsanlar siyasetin sermayesi olsunlar diye de\u011fil, mutlu ve huzurlu bir ya\u015fam s\u00fcrs\u00fcnler diye yarat\u0131lm\u0131\u015ft\u0131r. Peki, \u00dclkemiz insan\u0131 mutlu ve huzurlu mu?<\/p>\n<div dir=\"ltr\"><\/div>\n<p>De\u011fil!<\/p>\n<div dir=\"ltr\"><\/div>\n<p>Peki, niye de\u011fil?<\/p>\n<div dir=\"ltr\"><\/div>\n<div>\u00c7\u00fcnk\u00fc bu \u00dclke&#8217;de \u00fcretimden payla\u015f\u0131ma, e\u011fitimden sa\u011fl\u0131\u011fa kadar sorun olmayan hemen hi\u00e7bir \u015fey yok. \u00d6yle ki, nereye elinizi atsan\u0131z mutlaka bir sorunla kar\u015f\u0131la\u015f\u0131rs\u0131n\u0131z. \u00dcstelik de bu sorunlar\u0131n bir\u00e7o\u011fu, insanlar\u0131 usand\u0131ran ve hatta can\u0131ndan bezdiren yak\u0131c\u0131 ve y\u0131k\u0131c\u0131 sorunlard\u0131r. Hal b\u00f6yle iken, \u00dclke&#8217;yi y\u00f6netme mevki ve sorumlulu\u011funda olanlar\u0131n bu sorunlar\u0131 \u00e7\u00f6zme gibi bir dertleri yok. Hepsinin de\u011filse bile, siyaseti ge\u00e7im kap\u0131s\u0131 olarak g\u00f6renlerin yok. Siyaseti ge\u00e7im kap\u0131s\u0131 olarak g\u00f6renlerin say\u0131s\u0131 da halka hizmeti \u015fiar edinmi\u015flerden \u00e7ok. Oysa ki siyaset kurumu bu sorunlar\u0131 \u00e7\u00f6zmek i\u00e7in vard\u0131r! Siyaset\u00e7i bu y\u00fczden halk\u0131n oyuna talip olur.<\/div>\n<div>Gelin g\u00f6r\u00fcn ki, oylar\u0131 dev\u015firdikten sonra vaatlerinin hepsini unutup, tamamen siyasi ikbalinin derdine d\u00fc\u015fer. \u0130kbalini de halk\u0131 ayr\u0131\u015ft\u0131rmakta, \u00f6tekile\u015ftirmekte ve kampla\u015ft\u0131rmakta bulur. Yoksullu\u011fu ve cehaleti hamasetle y\u00f6netmeyi de marifet san\u0131r.<\/div>\n<div>Maalesef (!) halk\u0131m\u0131z da bu t\u00fcr oyunlara alet olur.<\/div>\n<div>Bu anlay\u0131\u015ftaki bir siyaset kurumu, birikmi\u015f ve ertelenmi\u015f sorunlar\u0131 \u00e7\u00f6z\u00fcp de halk\u0131 feraha \u00e7\u0131karabilir mi? \u00c7\u0131karamaz!<\/div>\n<div>\u00c7\u0131karamad\u0131\u011f\u0131 gibi, halk\u0131n ba\u015f\u0131na yeni dertler ve sorunlar a\u00e7ar.<\/div>\n<div>A\u00e7\u0131yor da zaten.<\/div>\n<div dir=\"ltr\"><\/div>\n<div>Vatanda\u015flar olarak akl\u0131m\u0131z\u0131 ba\u015f\u0131m\u0131za al\u0131p, kendi ikbalini milletin istikbaline tercih eden siyaset\u00e7ilere itibar etmememiz laz\u0131m.<\/div>\n<div>Aksi halde, k\u00f6t\u00fc bir y\u00f6netim alt\u0131nda ya\u015famak ve sorunlarla bo\u011fu\u015fmak kaderimiz olur. S\u00fcrekli sorunlarla bo\u011fu\u015fan insanlar\u0131n y\u00fcz\u00fc g\u00fcler mi?<\/div>\n<div dir=\"ltr\"><\/div>\n<p>G\u00fclmez!<\/p>\n<div dir=\"ltr\"><\/div>\n<p>Vars\u0131l\u0131n\u0131n da g\u00fclmez, yoksulunun da g\u00fclmez! E\u011fitimlisinin de g\u00fclmez, cahilinin de g\u00fclmez. Gencinin de g\u00fclmez, ya\u015fl\u0131s\u0131n\u0131n da g\u00fclmez. Erke\u011finin de g\u00fclmez, kad\u0131n\u0131n\u0131n da g\u00fclmez! Ayr\u0131\u015ft\u0131r\u0131lm\u0131\u015f, \u00f6tekile\u015ftirilmi\u015f ve kampla\u015ft\u0131r\u0131lm\u0131\u015f olanlar\u0131n zaten g\u00fclmez.<\/p>\n<div dir=\"ltr\"><\/div>\n<p>\u0130yiyi, do\u011fruyu, g\u00fczeli g\u00f6rebilen ve y\u00fcz\u00fc, y\u00fcre\u011fi g\u00fclebilen bir toplum olmam\u0131z umut ve dile\u011fimle esen kal\u0131n!<\/p>\n","protected":false},"excerpt":{"rendered":"<p>\u0130nsanlar siyasetin sermayesi olsunlar diye de\u011fil, mutlu ve huzurlu bir ya\u015fam s\u00fcrs\u00fcnler diye yarat\u0131lm\u0131\u015ft\u0131r. Peki, \u00dclkemiz insan\u0131 mutlu ve huzurlu mu? De\u011fil! Peki, niye de\u011fil? \u00c7\u00fcnk\u00fc bu \u00dclke&#8217;de \u00fcretimden payla\u015f\u0131ma, e\u011fitimden sa\u011fl\u0131\u011fa kadar sorun olmayan hemen hi\u00e7bir \u015fey yok. \u00d6yle ki, nereye elinizi atsan\u0131z mutlaka bir sorunla kar\u015f\u0131la\u015f\u0131rs\u0131n\u0131z. \u00dcstelik de bu sorunlar\u0131n bir\u00e7o\u011fu, insanlar\u0131 usand\u0131ran [&hellip;]<\/p>\n","protected":false},"author":14,"featured_media":109178,"comment_status":"open","ping_status":"open","sticky":false,"template":"","format":"standard","meta":{"footnotes":""},"categories":[47],"tags":[],"class_list":["post-109449","post","type-post","status-publish","format-standard","has-post-thumbnail","hentry","category-erdogan-serin"],"views":807,"_links":{"self":[{"href":"https:\/\/mersingazetesi.com\/index.php\/wp-json\/wp\/v2\/posts\/109449","targetHints":{"allow":["GET"]}}],"collection":[{"href":"https:\/\/mersingazetesi.com\/index.php\/wp-json\/wp\/v2\/posts"}],"about":[{"href":"https:\/\/mersingazetesi.com\/index.php\/wp-json\/wp\/v2\/types\/post"}],"author":[{"embeddable":true,"href":"https:\/\/mersingazetesi.com\/index.php\/wp-json\/wp\/v2\/users\/14"}],"replies":[{"embeddable":true,"href":"https:\/\/mersingazetesi.com\/index.php\/wp-json\/wp\/v2\/comments?post=109449"}],"version-history":[{"count":0,"href":"https:\/\/mersingazetesi.com\/index.php\/wp-json\/wp\/v2\/posts\/109449\/revisions"}],"wp:featuredmedia":[{"embeddable":true,"href":"https:\/\/mersingazetesi.com\/index.php\/wp-json\/wp\/v2\/media\/109178"}],"wp:attachment":[{"href":"https:\/\/mersingazetesi.com\/index.php\/wp-json\/wp\/v2\/media?parent=109449"}],"wp:term":[{"taxonomy":"category","embeddable":true,"href":"https:\/\/mersingazetesi.com\/index.php\/wp-json\/wp\/v2\/categories?post=109449"},{"taxonomy":"post_tag","embeddable":true,"href":"https:\/\/mersingazetesi.com\/index.php\/wp-json\/wp\/v2\/tags?post=109449"}],"curies":[{"name":"wp","href":"https:\/\/api.w.org\/{rel}","templated":true}]}}