{"id":109177,"date":"2025-09-23T11:53:56","date_gmt":"2025-09-23T08:53:56","guid":{"rendered":"https:\/\/mersingazetesi.com\/?p=109177"},"modified":"2025-09-23T13:01:41","modified_gmt":"2025-09-23T10:01:41","slug":"ulkemizin-sorunu-demokrasi-ve-hukuk-acigidir","status":"publish","type":"post","link":"https:\/\/mersingazetesi.com\/index.php\/2025\/09\/23\/ulkemizin-sorunu-demokrasi-ve-hukuk-acigidir\/","title":{"rendered":"\u00dcLKEM\u0130Z\u0130N SORUNU DEMOKRAS\u0130 VE HUKUK A\u00c7I\u011eIDIR"},"content":{"rendered":"<div>Demokrasi ve hukuk, sadece siyasetin teminat\u0131 de\u011fildir. Hayat\u0131n her alan\u0131ndaki hemen her konunun teminat\u0131d\u0131r.<\/div>\n<div>\u0130nsanca ya\u015faman\u0131n teminat\u0131d\u0131r.<\/div>\n<div>\u0130nsan hak ve \u00f6zg\u00fcrl\u00fcklerinin teminat\u0131d\u0131r.<\/div>\n<div>Can ve mal g\u00fcvenli\u011finin teminat\u0131d\u0131r.<\/div>\n<div>Sa\u011fl\u0131k hizmetlerinden yararlanma hakk\u0131n\u0131n teminat\u0131d\u0131r.<\/div>\n<div>E\u011fitim ve \u00f6\u011fretim hakk\u0131n\u0131n teminat\u0131d\u0131r.<\/div>\n<div>Se\u00e7me ve se\u00e7ilme hakk\u0131n\u0131n teminat\u0131d\u0131r.<\/div>\n<div>\u00d6rg\u00fctlenme ve sendikala\u015fma hakk\u0131n\u0131n teminat\u0131d\u0131r.<\/div>\n<div>Ele\u015ftirme ve protesto etme hakk\u0131n\u0131n teminat\u0131d\u0131r.<\/div>\n<div>Yerle\u015fme ve seyahat etme \u00f6zg\u00fcrl\u00fc\u011f\u00fcn\u00fcn teminat\u0131d\u0131r.<\/div>\n<div>Haberle\u015fme hakk\u0131n\u0131n teminat\u0131d\u0131r.<\/div>\n<div>\u00d6zel hayat\u0131n gizlili\u011finin ve korunmas\u0131n\u0131n teminat\u0131d\u0131r.<\/div>\n<div>Savunma ve lekelenmeme hakk\u0131n\u0131n teminat\u0131d\u0131r.<\/div>\n<div>Fikirlerini a\u00e7ma ve yayma hakk\u0131n\u0131n teminat\u0131d\u0131r.<\/div>\n<div>\u0130nan\u00e7 ve vicdan \u00f6zg\u00fcrl\u00fc\u011f\u00fcn\u00fcn teminat\u0131d\u0131r.<\/div>\n<div>Bilim ve sanat yapma hakk\u0131n\u0131n teminat\u0131d\u0131r.<\/div>\n<div>Fikir ve sanat eserlerinin teminat\u0131d\u0131r.<\/div>\n<div>\u00c7al\u0131\u015fma hayat\u0131n\u0131n teminat\u0131d\u0131r.<\/div>\n<div>E\u015fit i\u015fe e\u015fit \u00fccret hakk\u0131n\u0131n teminat\u0131d\u0131r.<\/div>\n<div>Krediye eri\u015fme hakk\u0131n\u0131n teminat\u0131d\u0131r.<\/div>\n<div>Bas\u0131n ve medya \u00f6zg\u00fcrl\u00fc\u011f\u00fcn\u00fcn teminat\u0131d\u0131r.<\/div>\n<div>Temiz ve g\u00fcvenli bir \u00e7evrenin teminat\u0131d\u0131r.<\/div>\n<div>K\u00fclt\u00fcr ve tabiat varl\u0131klar\u0131n\u0131n teminat\u0131d\u0131r.<\/div>\n<div>F\u0131rsat e\u015fitli\u011finin teminat\u0131d\u0131r.<\/div>\n<div>Liyakatin teminat\u0131d\u0131r.<\/div>\n<div>Adaletin teminat\u0131d\u0131r.<\/div>\n<div>Sosyal adaletin teminat\u0131d\u0131r.<\/div>\n<div>K\u0131sacas\u0131, insana, hayata ve do\u011faya dair korunmas\u0131 ve kollanmas\u0131 gereken ne varsa, hepsinin teminat\u0131d\u0131r.<\/div>\n<div>T\u00fcrkiye, demokrasiyi budayarak ve hukuku ara\u00e7salla\u015ft\u0131rarak bir yere varamaz. Var\u0131r da, vard\u0131\u011f\u0131 yer \u00e7a\u011fda\u015f uygarl\u0131k olmaz.<\/div>\n<div>Kan\u0131n ve g\u00f6z ya\u015f\u0131n\u0131n durmad\u0131\u011f\u0131 Ortado\u011fulu bir \u00dclke olmak istemiyorsak, Cumhuriyetimizin kurulu\u015f felsefesine ve ruhuna uygun davranmak durumunday\u0131z. Bunun da yolu, demokrasimizi ve hukukumuzu evrensel norm ve standartlara kavu\u015fturmaktan ge\u00e7er. Unutmayal\u0131m! Demokrasisi ve hukuku geli\u015fmi\u015f \u00fclkeler, d\u00fcnyan\u0131n en m\u00fcreffeh, en mutlu, en huzurlu ve en g\u00fcvenli \u00fclkeleridir.<\/div>\n<div><\/div>\n<div>\n<div dir=\"ltr\">\u00d6ZL\u00dc S\u00d6Z\u00dcM<\/div>\n<div dir=\"ltr\"><\/div>\n<div dir=\"ltr\">KONF\u0130\u00c7YUS<\/div>\n<div dir=\"ltr\"><\/div>\n<div dir=\"ltr\">Konfi\u00e7yus der ki!<br \/>\n-\u0130ktidar gemiye, halk da suya benzer! Gemiyi y\u00fczd\u00fcren sudur amma, bat\u0131ran da sudur.<\/div>\n<\/div>\n","protected":false},"excerpt":{"rendered":"<p>Demokrasi ve hukuk, sadece siyasetin teminat\u0131 de\u011fildir. Hayat\u0131n her alan\u0131ndaki hemen her konunun teminat\u0131d\u0131r. \u0130nsanca ya\u015faman\u0131n teminat\u0131d\u0131r. \u0130nsan hak ve \u00f6zg\u00fcrl\u00fcklerinin teminat\u0131d\u0131r. Can ve mal g\u00fcvenli\u011finin teminat\u0131d\u0131r. Sa\u011fl\u0131k hizmetlerinden yararlanma hakk\u0131n\u0131n teminat\u0131d\u0131r. E\u011fitim ve \u00f6\u011fretim hakk\u0131n\u0131n teminat\u0131d\u0131r. Se\u00e7me ve se\u00e7ilme hakk\u0131n\u0131n teminat\u0131d\u0131r. \u00d6rg\u00fctlenme ve sendikala\u015fma hakk\u0131n\u0131n teminat\u0131d\u0131r. Ele\u015ftirme ve protesto etme hakk\u0131n\u0131n teminat\u0131d\u0131r. Yerle\u015fme ve [&hellip;]<\/p>\n","protected":false},"author":14,"featured_media":109178,"comment_status":"open","ping_status":"open","sticky":false,"template":"","format":"standard","meta":{"footnotes":""},"categories":[47],"tags":[],"class_list":["post-109177","post","type-post","status-publish","format-standard","has-post-thumbnail","hentry","category-erdogan-serin"],"views":725,"_links":{"self":[{"href":"https:\/\/mersingazetesi.com\/index.php\/wp-json\/wp\/v2\/posts\/109177","targetHints":{"allow":["GET"]}}],"collection":[{"href":"https:\/\/mersingazetesi.com\/index.php\/wp-json\/wp\/v2\/posts"}],"about":[{"href":"https:\/\/mersingazetesi.com\/index.php\/wp-json\/wp\/v2\/types\/post"}],"author":[{"embeddable":true,"href":"https:\/\/mersingazetesi.com\/index.php\/wp-json\/wp\/v2\/users\/14"}],"replies":[{"embeddable":true,"href":"https:\/\/mersingazetesi.com\/index.php\/wp-json\/wp\/v2\/comments?post=109177"}],"version-history":[{"count":0,"href":"https:\/\/mersingazetesi.com\/index.php\/wp-json\/wp\/v2\/posts\/109177\/revisions"}],"wp:featuredmedia":[{"embeddable":true,"href":"https:\/\/mersingazetesi.com\/index.php\/wp-json\/wp\/v2\/media\/109178"}],"wp:attachment":[{"href":"https:\/\/mersingazetesi.com\/index.php\/wp-json\/wp\/v2\/media?parent=109177"}],"wp:term":[{"taxonomy":"category","embeddable":true,"href":"https:\/\/mersingazetesi.com\/index.php\/wp-json\/wp\/v2\/categories?post=109177"},{"taxonomy":"post_tag","embeddable":true,"href":"https:\/\/mersingazetesi.com\/index.php\/wp-json\/wp\/v2\/tags?post=109177"}],"curies":[{"name":"wp","href":"https:\/\/api.w.org\/{rel}","templated":true}]}}