{"id":108272,"date":"2025-09-17T10:50:49","date_gmt":"2025-09-17T07:50:49","guid":{"rendered":"https:\/\/mersingazetesi.com\/?p=108272"},"modified":"2025-09-17T10:50:49","modified_gmt":"2025-09-17T07:50:49","slug":"galatasaray-devler-sahnesinde","status":"publish","type":"post","link":"https:\/\/mersingazetesi.com\/index.php\/2025\/09\/17\/galatasaray-devler-sahnesinde\/","title":{"rendered":"Galatasaray Devler Sahnesinde"},"content":{"rendered":"<p><strong class=\"searchword\">Galatasaray<\/strong>, UEFA \u015eampiyonlar Ligi ilk ma\u00e7\u0131nda yar\u0131n deplasmanda Alman temsilcisi Eintracht Frankfurt ile m\u00fccadele edecek.<br \/>\nUEFA \u015eampiyonlar Ligi ilk ma\u00e7\u0131nda\u00a0<strong class=\"searchword\">Galatasaray<\/strong>\u00a0yar\u0131n TS\u0130 22.00&#8217;de Frankfurt Stadyumu&#8217;nda Alman ekibi Eintracht Frankfurt ile kar\u015f\u0131 kar\u015f\u0131ya gelecek. Ge\u00e7ti\u011fimiz sezonu Trendyol S\u00fcper Lig&#8217;de \u015fampiyon olarak tamamlayan sar\u0131-k\u0131rm\u0131z\u0131l\u0131lar, \u015eampiyonlar Ligi&#8217;ne direkt gitmeye hak kazanm\u0131\u015ft\u0131. Aslan, ge\u00e7ti\u011fimiz sezon ba\u015flayan \u015eampiyonlar Ligi&#8217;nin yeni format\u0131nda ilk defa m\u00fccadele edecek.<\/p>\n<p>18. kez \u015eampiyonlar Ligi&#8217;nde<br \/>\n<strong class=\"searchword\">Galatasaray<\/strong>, 18. kez UEFA \u015eampiyonlar Ligi&#8217;nde m\u00fccadele edecek. Sar\u0131-k\u0131rm\u0131z\u0131l\u0131lar, 8 kez direkt kat\u0131l\u0131m sa\u011flarken, 10 kez de elemelerden geldi. Cimbom, \u015eampiyonlar Ligi&#8217;nde ilk olarak 1993-1994 sezonunda yer al\u0131rken, son kez de 2023-2024 sezonunda oynad\u0131.<\/p>\n<p>Avrupa kupalar\u0131nda 328 kez oynad\u0131<br \/>\n<strong class=\"searchword\">Galatasaray<\/strong>, Avrupa kupalar\u0131nda bug\u00fcne kadar 328 kez oynad\u0131. Bu ma\u00e7larda Cimbom, 116 defa sahadan galip ayr\u0131l\u0131rken, 123 kez de rakiplerine ma\u011flup oldu. 89 kar\u015f\u0131la\u015fmada ise berabere kald\u0131. Geride kalan m\u00fcsabakalarda sar\u0131-k\u0131rm\u0131z\u0131l\u0131lar rakip fileleri 451 kez havaland\u0131r\u0131rken, kalesinde 498 gol g\u00f6rd\u00fc.<\/p>\n<p>UEFA \u015eampiyonlar Ligi&#8217;nde 123. m\u00fcsabaka<br \/>\n<strong class=\"searchword\">Galatasaray<\/strong>, UEFA \u015eampiyonlar Ligi&#8217;nde bug\u00fcne kadar 122 kez sahaya \u00e7\u0131kt\u0131. Sar\u0131-k\u0131rm\u0131z\u0131l\u0131lar, bu m\u00fccadelelerin 29&#8217;undan galibiyetle ayr\u0131l\u0131rken, 62 kez de kaybetti. 31 ma\u00e7 ise berabere sona erdi.\u00a0<strong class=\"searchword\">Galatasaray<\/strong>\u00a0att\u0131\u011f\u0131 122 gole kar\u015f\u0131n, kalesinde 210 gole engel olamad\u0131.<\/p>\n<p>Eintracht Frankfurt ile 3. randevu<br \/>\n<strong class=\"searchword\">Galatasaray<\/strong>\u00a0ile Eintracht Frankfurt bug\u00fcne kadar 2 kez kar\u015f\u0131 kar\u015f\u0131ya geldi. Bu ma\u00e7larda sar\u0131-k\u0131rm\u0131z\u0131l\u0131lar yenilmezken, 1 galibiyet, 1 beraberlik ald\u0131. \u0130ki tak\u0131m aras\u0131nda 4 Kas\u0131m 1992 tarihinde UEFA Avrupa Ligi&#8217;nde \u0130stanbul&#8217;da oynanan m\u00fcsabakay\u0131\u00a0<strong class=\"searchword\">Galatasaray<\/strong>, 1-0&#8217;l\u0131k skorla kazand\u0131. O m\u00fccadelede sar\u0131-k\u0131rm\u0131z\u0131l\u0131larda \u015fu an teknik direkt\u00f6rl\u00fck yapan Okan Buruk da forma giydi.<\/p>\n<p>Okan Buruk&#8217;un Avrupa karnesi<br \/>\nOkan Buruk,\u00a0<strong class=\"searchword\">Galatasaray<\/strong>&#8216;daki teknik direkt\u00f6rl\u00fck kariyerinde Avrupa kupalar\u0131nda 26 ma\u00e7 oynad\u0131. Buruk, \u015eampiyonlar Ligi grup ve elemelerinde 14, Avrupa Ligi&#8217;nde de 12 olmak \u00fczere oynad\u0131\u011f\u0131 kar\u015f\u0131la\u015fmalar\u0131n 10&#8217;unu kazan\u0131rken, 8&#8217;ini ise kaybetti. 8 m\u00fcsabaka da berabere tamamland\u0131.<\/p>\n<p>Avrupa&#8217;da son galibiyet Tottenham kar\u015f\u0131s\u0131nda<br \/>\n<strong class=\"searchword\">Galatasaray<\/strong>, Avrupa kupalar\u0131nda 6 ma\u00e7t\u0131r kazanam\u0131yor. Son olarak ge\u00e7ti\u011fimiz sezon UEFA Avrupa Ligi&#8217;nde \u0130ngiliz ekibi Tottenham&#8217;\u0131 3-2&#8217;lik skorla ma\u011flup eden sar\u0131-k\u0131rm\u0131z\u0131l\u0131lar daha sonraki m\u00fcsabakalarda 4 beraberlik, 2 ma\u011flubiyet ald\u0131.<\/p>\n<p>Alman tak\u0131mlar\u0131yla 32 kar\u015f\u0131la\u015fmaya \u00e7\u0131kt\u0131<br \/>\n<strong class=\"searchword\">Galatasaray<\/strong>, Avrupa kupalar\u0131nda Alman temsilcileri ile 32 resmi ma\u00e7a \u00e7\u0131kt\u0131. sar\u0131-k\u0131rm\u0131z\u0131l\u0131lar; Magdeburg, Bayern M\u00fcnih, Uerdingen, Stahl, Werder Bremen, Eintracht Frankfurt, Borussia Dortmund, Hertha Berlin, Bayer Leverkusen, Hamburg ve Schalke 04 ile oynad\u0131\u011f\u0131 31 m\u00fcsabakada 9 galibiyet, 12 ma\u011flubiyet ve 11 beraberlik ald\u0131.<\/p>\n<p><strong class=\"searchword\">Galatasaray<\/strong>\u00a0son 16 ma\u00e7\u0131n\u0131 kazand\u0131<br \/>\nResmi ma\u00e7larda en son S\u00fcper Lig&#8217;de ge\u00e7ti\u011fimiz sezon Be\u015fikta\u015f&#8217;a deplasmanda kaybeden\u00a0<strong class=\"searchword\">Galatasaray<\/strong>, daha sonra oynad\u0131\u011f\u0131 m\u00fcsabakalar\u0131 kaybetmedi. Aslan, bu s\u00fcre\u00e7te S\u00fcper Lig&#8217;de 13, Ziraat T\u00fcrkiye Kupas\u0131&#8217;nda da 3 olmak \u00fczere toplam 16 m\u00fccadeleden galip ayr\u0131ld\u0131.<br \/>\nSar\u0131-k\u0131rm\u0131z\u0131l\u0131larda, Frankfurt ma\u00e7\u0131 \u00f6ncesinde sakatl\u0131\u011f\u0131 bulunan Nijeryal\u0131 futbolcu Victor Osimhen&#8217;in durumu son antrenmandan sonra belli olacak.<\/p>\n<p>Bundesliga&#8217;da 3 ma\u00e7ta 2 galibiyet ald\u0131<br \/>\nBundesliga&#8217;ya iyi ba\u015flang\u0131\u00e7 yapan Eintracht Frankfurt, bu sezon oynad\u0131\u011f\u0131 3 kar\u015f\u0131la\u015fmada 2 galibiyet, 1 ma\u011flubiyet ald\u0131 ve averajla 5. s\u0131rada yer al\u0131yor. Alman ekibi tek yenilgisini son hafta Bayer Leverkusen kar\u015f\u0131s\u0131nda ya\u015fad\u0131. Frankfurt, Avrupa kupalar\u0131nda ise\u00a0<strong class=\"searchword\">Galatasaray<\/strong>, Fenerbah\u00e7e, Be\u015fikta\u015f ve Sakaryaspor ile oynad\u0131. S\u00f6z konusu ma\u00e7larda 3 galibiyet, 4 beraberlik ve 1 yenilgi ald\u0131. Frankfurt son olarak ge\u00e7ti\u011fimiz sezon \u0130stanbul&#8217;da Be\u015fikta\u015f ile m\u00fccadele etti ve 3-1 yendi.<br \/>\n\u00d6te yandan Alman temsilcisinin kadrosunda milli futbolcu Can Uzun da bulunuyor.<\/p>\n<p>Marco Guida d\u00fcd\u00fck \u00e7alacak<br \/>\nFrankfurt ile\u00a0<strong class=\"searchword\">Galatasaray<\/strong>\u00a0aras\u0131nda oynanacak ma\u00e7\u0131 \u0130talya Futbol Federasyonu&#8217;ndan hakem Marco Guida y\u00f6netecek. Guida&#8217;n\u0131n yard\u0131mc\u0131l\u0131klar\u0131n\u0131 Giorgio Peretti ile Giuseppe Perrotti yapacak. Ma\u00e7\u0131n 4. hakemi de Daniele Chiffi olacak. M\u00fcsabakada VAR&#8217;da Marco Di Bello, AVAR&#8217;da da Dennis Higler g\u00f6rev yapacak.<\/p>\n","protected":false},"excerpt":{"rendered":"<p>Galatasaray, UEFA \u015eampiyonlar Ligi ilk ma\u00e7\u0131nda yar\u0131n deplasmanda Alman temsilcisi Eintracht Frankfurt ile m\u00fccadele edecek. UEFA \u015eampiyonlar Ligi ilk ma\u00e7\u0131nda\u00a0Galatasaray\u00a0yar\u0131n TS\u0130 22.00&#8217;de Frankfurt Stadyumu&#8217;nda Alman ekibi Eintracht Frankfurt ile kar\u015f\u0131 kar\u015f\u0131ya gelecek. Ge\u00e7ti\u011fimiz sezonu Trendyol S\u00fcper Lig&#8217;de \u015fampiyon olarak tamamlayan sar\u0131-k\u0131rm\u0131z\u0131l\u0131lar, \u015eampiyonlar Ligi&#8217;ne direkt gitmeye hak kazanm\u0131\u015ft\u0131. Aslan, ge\u00e7ti\u011fimiz sezon ba\u015flayan \u015eampiyonlar Ligi&#8217;nin yeni format\u0131nda [&hellip;]<\/p>\n","protected":false},"author":2,"featured_media":108273,"comment_status":"open","ping_status":"open","sticky":false,"template":"","format":"standard","meta":{"footnotes":""},"categories":[6],"tags":[130,131],"class_list":["post-108272","post","type-post","status-publish","format-standard","has-post-thumbnail","hentry","category-spor","tag-dunya","tag-spor"],"views":156,"_links":{"self":[{"href":"https:\/\/mersingazetesi.com\/index.php\/wp-json\/wp\/v2\/posts\/108272","targetHints":{"allow":["GET"]}}],"collection":[{"href":"https:\/\/mersingazetesi.com\/index.php\/wp-json\/wp\/v2\/posts"}],"about":[{"href":"https:\/\/mersingazetesi.com\/index.php\/wp-json\/wp\/v2\/types\/post"}],"author":[{"embeddable":true,"href":"https:\/\/mersingazetesi.com\/index.php\/wp-json\/wp\/v2\/users\/2"}],"replies":[{"embeddable":true,"href":"https:\/\/mersingazetesi.com\/index.php\/wp-json\/wp\/v2\/comments?post=108272"}],"version-history":[{"count":0,"href":"https:\/\/mersingazetesi.com\/index.php\/wp-json\/wp\/v2\/posts\/108272\/revisions"}],"wp:featuredmedia":[{"embeddable":true,"href":"https:\/\/mersingazetesi.com\/index.php\/wp-json\/wp\/v2\/media\/108273"}],"wp:attachment":[{"href":"https:\/\/mersingazetesi.com\/index.php\/wp-json\/wp\/v2\/media?parent=108272"}],"wp:term":[{"taxonomy":"category","embeddable":true,"href":"https:\/\/mersingazetesi.com\/index.php\/wp-json\/wp\/v2\/categories?post=108272"},{"taxonomy":"post_tag","embeddable":true,"href":"https:\/\/mersingazetesi.com\/index.php\/wp-json\/wp\/v2\/tags?post=108272"}],"curies":[{"name":"wp","href":"https:\/\/api.w.org\/{rel}","templated":true}]}}