{"id":108080,"date":"2025-09-16T09:10:04","date_gmt":"2025-09-16T06:10:04","guid":{"rendered":"https:\/\/mersingazetesi.com\/?p=108080"},"modified":"2025-09-16T09:10:04","modified_gmt":"2025-09-16T06:10:04","slug":"mersinde-73-yasindaki-adam-intihar-etti","status":"publish","type":"post","link":"https:\/\/mersingazetesi.com\/index.php\/2025\/09\/16\/mersinde-73-yasindaki-adam-intihar-etti\/","title":{"rendered":"Mersin&#8217;de 73 ya\u015f\u0131ndaki adam intihar etti"},"content":{"rendered":"<p>Mersin&#8217;de psikolojik sorunlar\u0131 oldu\u011fu \u00f6\u011frenilen 73 ya\u015f\u0131ndaki \u015fah\u0131s, 7 katl\u0131 apartman\u0131n \u00e7at\u0131s\u0131ndan atlad\u0131. Hayat\u0131n\u0131 kaybeden \u015fahs\u0131n bir g\u00fcn \u00f6nce de intihar giri\u015fiminde bulundu\u011fu \u00f6\u011frenildi.<br \/>\nOlay, Merkez Akdeniz il\u00e7esi \u00c7ankaya Mahallesi 4706. Sokak \u0130stiklal Caddesi \u00fczerindeki bir binada meydana geldi. \u0130ddiaya g\u00f6re, 7 katl\u0131 apartman\u0131n \u00e7at\u0131s\u0131na \u00e7\u0131kan Feridun \u015eanra (73), a\u015fa\u011f\u0131 sarkarak daha sonra kendini bo\u015flu\u011fa b\u0131rakt\u0131. \u0130hbar \u00fczerine olay yerine polis ve sa\u011fl\u0131k ekipleri sevk edildi. Sa\u011fl\u0131k ekipleri, \u015fahs\u0131n hayat\u0131n\u0131 kaybetti\u011fini belirledi. \u015eanra&#8217;n\u0131n cenazesi hastaneye kald\u0131r\u0131l\u0131rken, intihar an\u0131 ise kameraya saniye saniye yans\u0131d\u0131.<br \/>\nPsikolojik sorunlar\u0131 oldu\u011fu belirtilen \u015fahs\u0131n bir g\u00fcn \u00f6nce de ayn\u0131 binada intihar giri\u015fiminde bulundu\u011fu ve polis ekiplerince ikna edilerek a\u015fa\u011f\u0131 indirildi\u011fi \u00f6\u011frenildi. Olayla ilgili inceleme s\u00fcr\u00fcyor.<\/p>\n","protected":false},"excerpt":{"rendered":"<p>Mersin&#8217;de psikolojik sorunlar\u0131 oldu\u011fu \u00f6\u011frenilen 73 ya\u015f\u0131ndaki \u015fah\u0131s, 7 katl\u0131 apartman\u0131n \u00e7at\u0131s\u0131ndan atlad\u0131. Hayat\u0131n\u0131 kaybeden \u015fahs\u0131n bir g\u00fcn \u00f6nce de intihar giri\u015fiminde bulundu\u011fu \u00f6\u011frenildi. Olay, Merkez Akdeniz il\u00e7esi \u00c7ankaya Mahallesi 4706. Sokak \u0130stiklal Caddesi \u00fczerindeki bir binada meydana geldi. \u0130ddiaya g\u00f6re, 7 katl\u0131 apartman\u0131n \u00e7at\u0131s\u0131na \u00e7\u0131kan Feridun \u015eanra (73), a\u015fa\u011f\u0131 sarkarak daha sonra kendini bo\u015flu\u011fa [&hellip;]<\/p>\n","protected":false},"author":2,"featured_media":108081,"comment_status":"open","ping_status":"open","sticky":false,"template":"","format":"standard","meta":{"footnotes":""},"categories":[1],"tags":[126],"class_list":["post-108080","post","type-post","status-publish","format-standard","has-post-thumbnail","hentry","category-gundem","tag-mersin"],"views":147,"_links":{"self":[{"href":"https:\/\/mersingazetesi.com\/index.php\/wp-json\/wp\/v2\/posts\/108080","targetHints":{"allow":["GET"]}}],"collection":[{"href":"https:\/\/mersingazetesi.com\/index.php\/wp-json\/wp\/v2\/posts"}],"about":[{"href":"https:\/\/mersingazetesi.com\/index.php\/wp-json\/wp\/v2\/types\/post"}],"author":[{"embeddable":true,"href":"https:\/\/mersingazetesi.com\/index.php\/wp-json\/wp\/v2\/users\/2"}],"replies":[{"embeddable":true,"href":"https:\/\/mersingazetesi.com\/index.php\/wp-json\/wp\/v2\/comments?post=108080"}],"version-history":[{"count":0,"href":"https:\/\/mersingazetesi.com\/index.php\/wp-json\/wp\/v2\/posts\/108080\/revisions"}],"wp:featuredmedia":[{"embeddable":true,"href":"https:\/\/mersingazetesi.com\/index.php\/wp-json\/wp\/v2\/media\/108081"}],"wp:attachment":[{"href":"https:\/\/mersingazetesi.com\/index.php\/wp-json\/wp\/v2\/media?parent=108080"}],"wp:term":[{"taxonomy":"category","embeddable":true,"href":"https:\/\/mersingazetesi.com\/index.php\/wp-json\/wp\/v2\/categories?post=108080"},{"taxonomy":"post_tag","embeddable":true,"href":"https:\/\/mersingazetesi.com\/index.php\/wp-json\/wp\/v2\/tags?post=108080"}],"curies":[{"name":"wp","href":"https:\/\/api.w.org\/{rel}","templated":true}]}}