{"id":107966,"date":"2025-09-15T10:55:20","date_gmt":"2025-09-15T07:55:20","guid":{"rendered":"https:\/\/mersingazetesi.com\/?p=107966"},"modified":"2025-09-15T10:57:24","modified_gmt":"2025-09-15T07:57:24","slug":"mersinin-aci-kaybi","status":"publish","type":"post","link":"https:\/\/mersingazetesi.com\/index.php\/2025\/09\/15\/mersinin-aci-kaybi\/","title":{"rendered":"MERS\u0130N&#8217;\u0130N ACI KAYBI!"},"content":{"rendered":"<div class=\"container\">\n<p class=\"lead text-lg-start text-dark my-2 description\">Mersin siyasetinin \u00f6nemli isimlerinden, CHP Silifke \u0130l\u00e7e Ba\u015fkanl\u0131\u011f\u0131 ve Mersin B\u00fcy\u00fck\u015fehir Belediye Meclisi \u00fcyeli\u011fi g\u00f6revlerinde bulunmu\u015f Cemil Sungur, ge\u00e7irdi\u011fi ani kalp krizi sonucu hayat\u0131n\u0131 kaybetti<\/p>\n<div class=\"news-tags\"><\/div>\n<\/div>\n<div class=\"bg-light py-1\">\n<div class=\"container d-flex justify-content-between align-items-center\">\n<div class=\"meta-author\">\n<div class=\"box\">\n<p>Mersin B\u00fcy\u00fck\u015fehir Belediye Ba\u015fkan\u0131 Vahap Se\u00e7er, ac\u0131 haberi sosyal medya hesab\u0131ndan payla\u015ft\u0131. Se\u00e7er mesaj\u0131nda \u015fu ifadeleri kulland\u0131:<\/p>\n<p>\u201cMersin B\u00fcy\u00fck\u015fehir Belediye Meclis \u00dcyemiz, ge\u00e7mi\u015f d\u00f6nem Silifke \u0130l\u00e7e Ba\u015fkan\u0131m\u0131z, k\u0131ymetli arkada\u015f\u0131m\u0131z Cemil Sungur\u2019u ani bir kalp krizi sonucu kaybetmenin derin \u00fcz\u00fcnt\u00fcs\u00fcn\u00fc ya\u015f\u0131yorum. Kendisine Allah\u2019tan rahmet; ba\u015fta ailesi olmak \u00fczere, t\u00fcm sevenlerine sab\u0131r diliyorum. Ba\u015f\u0131m\u0131z sa\u011f olsun.\u201d<\/p>\n<p>Ba\u015fkan Se\u00e7er, Sungur\u2019un hem Silifke\u2019de hem de B\u00fcy\u00fck\u015fehir Belediye Meclisi\u2019nde y\u00fcr\u00fctt\u00fc\u011f\u00fc \u00e7al\u0131\u015fmalarla kente \u00f6nemli katk\u0131lar sundu\u011funu da hat\u0131rlatt\u0131.<\/p>\n<\/div>\n<\/div>\n<\/div>\n<\/div>\n<p>&nbsp;<\/p>\n<p>BA\u015eARIR&#8217;DAN BA\u015eSA\u011eLI\u011eI<\/p>\n<p>&nbsp;<\/p>\n<p>CHP Mersin Milletvekili Ali Mahir Ba\u015far\u0131r da sosyal medya hesab\u0131ndan yapt\u0131p\u0131 a\u00e7\u0131klamada, &#8221;Mersin B\u00fcy\u00fck\u015fehir Belediye Meclis \u00dcyemiz, ge\u00e7mi\u015f d\u00f6nem Silifke il\u00e7e ba\u015fkan\u0131m\u0131z Cemil Sungur\u2019un ani kayb\u0131n\u0131 derin bir \u00fcz\u00fcnt\u00fcyle \u00f6\u011frendim. Kendisine Allah\u2019tan rahmet, ailesine ve sevenlerine ba\u015fsa\u011fl\u0131\u011f\u0131 diliyorum. Mekan\u0131 cennet olsun.&#8221; dedi.<\/p>\n","protected":false},"excerpt":{"rendered":"<p>Mersin siyasetinin \u00f6nemli isimlerinden, CHP Silifke \u0130l\u00e7e Ba\u015fkanl\u0131\u011f\u0131 ve Mersin B\u00fcy\u00fck\u015fehir Belediye Meclisi \u00fcyeli\u011fi g\u00f6revlerinde bulunmu\u015f Cemil Sungur, ge\u00e7irdi\u011fi ani kalp krizi sonucu hayat\u0131n\u0131 kaybetti Mersin B\u00fcy\u00fck\u015fehir Belediye Ba\u015fkan\u0131 Vahap Se\u00e7er, ac\u0131 haberi sosyal medya hesab\u0131ndan payla\u015ft\u0131. Se\u00e7er mesaj\u0131nda \u015fu ifadeleri kulland\u0131: \u201cMersin B\u00fcy\u00fck\u015fehir Belediye Meclis \u00dcyemiz, ge\u00e7mi\u015f d\u00f6nem Silifke \u0130l\u00e7e Ba\u015fkan\u0131m\u0131z, k\u0131ymetli arkada\u015f\u0131m\u0131z Cemil [&hellip;]<\/p>\n","protected":false},"author":2,"featured_media":107967,"comment_status":"open","ping_status":"open","sticky":false,"template":"","format":"standard","meta":{"footnotes":""},"categories":[8],"tags":[],"class_list":["post-107966","post","type-post","status-publish","format-standard","has-post-thumbnail","hentry","category-mersin"],"views":380,"_links":{"self":[{"href":"https:\/\/mersingazetesi.com\/index.php\/wp-json\/wp\/v2\/posts\/107966","targetHints":{"allow":["GET"]}}],"collection":[{"href":"https:\/\/mersingazetesi.com\/index.php\/wp-json\/wp\/v2\/posts"}],"about":[{"href":"https:\/\/mersingazetesi.com\/index.php\/wp-json\/wp\/v2\/types\/post"}],"author":[{"embeddable":true,"href":"https:\/\/mersingazetesi.com\/index.php\/wp-json\/wp\/v2\/users\/2"}],"replies":[{"embeddable":true,"href":"https:\/\/mersingazetesi.com\/index.php\/wp-json\/wp\/v2\/comments?post=107966"}],"version-history":[{"count":0,"href":"https:\/\/mersingazetesi.com\/index.php\/wp-json\/wp\/v2\/posts\/107966\/revisions"}],"wp:featuredmedia":[{"embeddable":true,"href":"https:\/\/mersingazetesi.com\/index.php\/wp-json\/wp\/v2\/media\/107967"}],"wp:attachment":[{"href":"https:\/\/mersingazetesi.com\/index.php\/wp-json\/wp\/v2\/media?parent=107966"}],"wp:term":[{"taxonomy":"category","embeddable":true,"href":"https:\/\/mersingazetesi.com\/index.php\/wp-json\/wp\/v2\/categories?post=107966"},{"taxonomy":"post_tag","embeddable":true,"href":"https:\/\/mersingazetesi.com\/index.php\/wp-json\/wp\/v2\/tags?post=107966"}],"curies":[{"name":"wp","href":"https:\/\/api.w.org\/{rel}","templated":true}]}}