{"id":107718,"date":"2025-09-12T15:39:31","date_gmt":"2025-09-12T12:39:31","guid":{"rendered":"https:\/\/mersingazetesi.com\/?p=107718"},"modified":"2025-09-12T15:39:31","modified_gmt":"2025-09-12T12:39:31","slug":"15-temmuz-ve-fsm-kopruleri-satiliyor-mu","status":"publish","type":"post","link":"https:\/\/mersingazetesi.com\/index.php\/2025\/09\/12\/15-temmuz-ve-fsm-kopruleri-satiliyor-mu\/","title":{"rendered":"15 Temmuz ve FSM k\u00f6pr\u00fcleri sat\u0131l\u0131yor mu?"},"content":{"rendered":"<div class=\"article__block\" data-type=\"text\">\n<p class=\"article__text\">Son g\u00fcnlerde baz\u0131 bas\u0131n organlar\u0131 ve sosyal medya hesaplar\u0131nda,\u00a0Karayollar\u0131 Genel M\u00fcd\u00fcrl\u00fc\u011f\u00fc\u00a0i\u015fletmesindeki k\u00f6pr\u00fc ve otoyollar\u0131n \u00f6zelle\u015ftirilece\u011fi \u00f6ne s\u00fcr\u00fcld\u00fc. \u0130ddialara g\u00f6re,\u00a015 Temmuz \u015eehitler K\u00f6pr\u00fcs\u00fc\u00a0ve\u00a0Fatih Sultan Mehmet K\u00f6pr\u00fcs\u00fc ba\u015fta olmak \u00fczere en az 9 paral\u0131 yolun \u00f6zelle\u015ftirilece\u011fi iddia edildi.<\/p>\n<\/div>\n<div class=\"article__text\">\u0130ddialar \u00fczerine\u00a0Dezenformasyonla M\u00fccadele Merkezi\u2019nden yaz\u0131l\u0131 a\u00e7\u0131klama geldi. A\u00e7\u0131klamada \u015fu ifadelere yer verildi:<\/div>\n<div class=\"article__text\">\u201cSon g\u00fcnlerde baz\u0131 bas\u0131n organlar\u0131 ve sosyal medya hesaplar\u0131nda \u201815 Temmuz \u015eehitler K\u00f6pr\u00fcs\u00fc, Fatih Sultan Mehmet K\u00f6pr\u00fcs\u00fc ve \u00fclke genelinde otoyollar sat\u0131l\u0131yor\u2019 iddias\u0131 dola\u015f\u0131ma sokulmu\u015f, bu iddialar kamuoyunu yan\u0131ltmaya y\u00f6nelik bir dezenformasyon kampanyas\u0131n\u0131n par\u00e7as\u0131 olmu\u015ftur.<\/div>\n<div class=\"article__block\" data-type=\"text\">\n<p class=\"article__text\">Do\u011frusu; otoyol ve k\u00f6pr\u00fclerin \u2018sat\u0131\u015f\u0131\u2019 hukuken m\u00fcmk\u00fcn de\u011fildir. M\u00fclkiyet devlette kalmakta olup, yaln\u0131zca belirli s\u00fcreyle i\u015fletme ve bak\u0131m hakk\u0131n\u0131n \u00f6zel sekt\u00f6re devri s\u00f6z konusu olabilmektedir. Bu uygulama da mevcut h\u00fck\u00fcmet d\u00f6nemine \u00f6zg\u00fc de\u011fildir.\u201d<\/p>\n<\/div>\n","protected":false},"excerpt":{"rendered":"<p>Son g\u00fcnlerde baz\u0131 bas\u0131n organlar\u0131 ve sosyal medya hesaplar\u0131nda,\u00a0Karayollar\u0131 Genel M\u00fcd\u00fcrl\u00fc\u011f\u00fc\u00a0i\u015fletmesindeki k\u00f6pr\u00fc ve otoyollar\u0131n \u00f6zelle\u015ftirilece\u011fi \u00f6ne s\u00fcr\u00fcld\u00fc. \u0130ddialara g\u00f6re,\u00a015 Temmuz \u015eehitler K\u00f6pr\u00fcs\u00fc\u00a0ve\u00a0Fatih Sultan Mehmet K\u00f6pr\u00fcs\u00fc ba\u015fta olmak \u00fczere en az 9 paral\u0131 yolun \u00f6zelle\u015ftirilece\u011fi iddia edildi. \u0130ddialar \u00fczerine\u00a0Dezenformasyonla M\u00fccadele Merkezi\u2019nden yaz\u0131l\u0131 a\u00e7\u0131klama geldi. A\u00e7\u0131klamada \u015fu ifadelere yer verildi: \u201cSon g\u00fcnlerde baz\u0131 bas\u0131n organlar\u0131 ve sosyal [&hellip;]<\/p>\n","protected":false},"author":2,"featured_media":107442,"comment_status":"open","ping_status":"open","sticky":false,"template":"","format":"standard","meta":{"footnotes":""},"categories":[1],"tags":[],"class_list":["post-107718","post","type-post","status-publish","format-standard","has-post-thumbnail","hentry","category-gundem"],"views":188,"_links":{"self":[{"href":"https:\/\/mersingazetesi.com\/index.php\/wp-json\/wp\/v2\/posts\/107718","targetHints":{"allow":["GET"]}}],"collection":[{"href":"https:\/\/mersingazetesi.com\/index.php\/wp-json\/wp\/v2\/posts"}],"about":[{"href":"https:\/\/mersingazetesi.com\/index.php\/wp-json\/wp\/v2\/types\/post"}],"author":[{"embeddable":true,"href":"https:\/\/mersingazetesi.com\/index.php\/wp-json\/wp\/v2\/users\/2"}],"replies":[{"embeddable":true,"href":"https:\/\/mersingazetesi.com\/index.php\/wp-json\/wp\/v2\/comments?post=107718"}],"version-history":[{"count":0,"href":"https:\/\/mersingazetesi.com\/index.php\/wp-json\/wp\/v2\/posts\/107718\/revisions"}],"wp:featuredmedia":[{"embeddable":true,"href":"https:\/\/mersingazetesi.com\/index.php\/wp-json\/wp\/v2\/media\/107442"}],"wp:attachment":[{"href":"https:\/\/mersingazetesi.com\/index.php\/wp-json\/wp\/v2\/media?parent=107718"}],"wp:term":[{"taxonomy":"category","embeddable":true,"href":"https:\/\/mersingazetesi.com\/index.php\/wp-json\/wp\/v2\/categories?post=107718"},{"taxonomy":"post_tag","embeddable":true,"href":"https:\/\/mersingazetesi.com\/index.php\/wp-json\/wp\/v2\/tags?post=107718"}],"curies":[{"name":"wp","href":"https:\/\/api.w.org\/{rel}","templated":true}]}}