{"id":107314,"date":"2025-09-10T09:42:59","date_gmt":"2025-09-10T06:42:59","guid":{"rendered":"https:\/\/mersingazetesi.com\/?p=107314"},"modified":"2025-09-10T09:42:59","modified_gmt":"2025-09-10T06:42:59","slug":"miy-her-zaman-taraftariyla-gucludur","status":"publish","type":"post","link":"https:\/\/mersingazetesi.com\/index.php\/2025\/09\/10\/miy-her-zaman-taraftariyla-gucludur\/","title":{"rendered":"&#8216;M\u0130Y HER ZAMAN TARAFTARIYLA G\u00dc\u00c7L\u00dcD\u00dcR&#8217;"},"content":{"rendered":"<div dir=\"ltr\">Yeni Mersin \u0130dman Yurdu\u00a0Teknik Direkt\u00f6r\u00fc Bayram Toysal a\u00e7\u0131klamalarda bulundu.\u00a0Yeni Mersin \u0130dman Yurdu\u00a0Kul\u00fcp Ba\u015fkan\u0131&#8217;n\u0131n daveti \u00fczerine g\u00f6revi devrald\u0131\u011f\u0131n\u0131 s\u00f6yleyen Toysal, &#8220;Yeni Mersin \u0130dman Yurdu&#8217;nun i\u00e7inde bulundu\u011fu s\u00fcreci d\u0131\u015far\u0131dan yak\u0131ndan takip ediyordum. Ba\u015fkan\u0131m\u0131z\u0131n ve y\u00f6netim kurulumuzun samimiyeti ve kul\u00fcb\u00fcm\u00fcze olan ba\u011fl\u0131l\u0131\u011f\u0131, bu g\u00f6revi kabul etmemde en \u00f6nemli etkenlerden biri oldu. Burada \u00e7al\u0131\u015fman\u0131n yaln\u0131zca \u015fahs\u0131ma de\u011fil, tak\u0131m\u0131m\u0131za da b\u00fcy\u00fck de\u011fer kataca\u011f\u0131na inand\u0131\u011f\u0131m i\u00e7in teklifi memnuniyetle kabul ettim.&#8221; dedi.<\/div>\n<div dir=\"ltr\"><\/div>\n<div dir=\"ltr\"><\/div>\n<div dir=\"ltr\">&#8220;Kul\u00fcb\u00fcn mevcut \u015fartlar\u0131n\u0131 biliyorum&#8221;<\/div>\n<div dir=\"ltr\"><\/div>\n<div dir=\"ltr\"><\/div>\n<div dir=\"ltr\">\n<div>Kul\u00fcb\u00fcn mevcut \u015fartlar\u0131n\u0131 bilerek kat\u0131lan futbolcular gibi, kendisinin de tek amac\u0131n\u0131n Yeni Mersin \u0130dman Yurdu&#8217;na en iyi \u015fekilde hizmet etmek oldu\u011funu belirten Toysal, &#8220;K\u0131sa bir haz\u0131rl\u0131k s\u00fcrecinin ard\u0131ndan \u00e7\u0131kt\u0131\u011f\u0131m\u0131z ilk ma\u00e7\u0131m\u0131zda Bursaspor kar\u015f\u0131s\u0131nda oyuncular\u0131m\u0131n g\u00f6sterdi\u011fi \u00f6zveri ve m\u00fccadele, herkes gibi beni de \u00e7ok memnun etmi\u015ftir. Elbette arzumuz, bu m\u00fccadeleyi puan ya da puanlarla ta\u00e7land\u0131rmakt\u0131.\u00a0\u00d6n\u00fcm\u00fczdeki d\u00f6nemde hem fizyolojik hem de teknik-taktik a\u00e7\u0131dan daha iyi bir seviyeye gelmek i\u00e7in \u00e7al\u0131\u015fmalar\u0131m\u0131z\u0131 kararl\u0131l\u0131kla s\u00fcrd\u00fcrece\u011fiz. Bir yandan performans\u0131m\u0131z\u0131 y\u00fckseltmeye odaklan\u0131rken, di\u011fer yandan kadro kalitemizi art\u0131racak ve \u015fartlar\u0131m\u0131za uygun oyuncular\u0131 da tak\u0131m\u0131m\u0131za kazand\u0131rma \u00e7al\u0131\u015fmalar\u0131m\u0131z devam etmektedir.&#8221; \u015feklinde konu\u015ftu.<\/div>\n<div><\/div>\n<div><\/div>\n<div>&#8220;Taraftara g\u00fc\u00e7l\u00fc destek i\u00e7in \u015f\u00fckranlar\u0131m\u0131 sunar\u0131m&#8221;<\/div>\n<div><\/div>\n<div>\nBu s\u00fcre\u00e7te yan\u0131m\u0131zda olan ve deste\u011fini esirgemeyen Ba\u015fkan\u0131m\u0131za ve Y\u00f6netim Kurulumuza te\u015fekk\u00fcr ederim.\u00a0Son olarak, b\u00fcy\u00fck Yeni Mersin \u0130dman Yurdu taraftar\u0131na seslenmek istiyorum: \u0130lk ma\u00e7\u0131mda bana ve oyuncular\u0131ma g\u00f6stermi\u015f oldu\u011funuz g\u00fc\u00e7l\u00fc destek i\u00e7in \u015f\u00fckranlar\u0131m\u0131 sunar\u0131m. Tak\u0131m\u0131m\u0131z tam anlam\u0131yla haz\u0131r oldu\u011funda, hep birlikte istedi\u011fimiz Yeni Mersin \u0130dman Yurdu&#8217;nu ve kazan\u0131lm\u0131\u015f ma\u00e7lar\u0131n co\u015fkusunu ya\u015fayaca\u011f\u0131m\u0131za y\u00fcrekten inan\u0131yorum. Sizlerden ricam; \u015fartlar ne olursa olsun her zamanki gibi yan\u0131m\u0131zda olman\u0131zd\u0131r. \u00c7\u00fcnk\u00fc Yeni Mersin \u0130dman Yurdu, taraftar\u0131yla her zaman \u00e7ok daha g\u00fc\u00e7l\u00fc olmu\u015ftur.&#8221;<\/div>\n<\/div>\n","protected":false},"excerpt":{"rendered":"<p>Yeni Mersin \u0130dman Yurdu\u00a0Teknik Direkt\u00f6r\u00fc Bayram Toysal a\u00e7\u0131klamalarda bulundu.\u00a0Yeni Mersin \u0130dman Yurdu\u00a0Kul\u00fcp Ba\u015fkan\u0131&#8217;n\u0131n daveti \u00fczerine g\u00f6revi devrald\u0131\u011f\u0131n\u0131 s\u00f6yleyen Toysal, &#8220;Yeni Mersin \u0130dman Yurdu&#8217;nun i\u00e7inde bulundu\u011fu s\u00fcreci d\u0131\u015far\u0131dan yak\u0131ndan takip ediyordum. Ba\u015fkan\u0131m\u0131z\u0131n ve y\u00f6netim kurulumuzun samimiyeti ve kul\u00fcb\u00fcm\u00fcze olan ba\u011fl\u0131l\u0131\u011f\u0131, bu g\u00f6revi kabul etmemde en \u00f6nemli etkenlerden biri oldu. Burada \u00e7al\u0131\u015fman\u0131n yaln\u0131zca \u015fahs\u0131ma de\u011fil, tak\u0131m\u0131m\u0131za da [&hellip;]<\/p>\n","protected":false},"author":2,"featured_media":107315,"comment_status":"open","ping_status":"open","sticky":false,"template":"","format":"standard","meta":{"footnotes":""},"categories":[8,6],"tags":[126,131],"class_list":["post-107314","post","type-post","status-publish","format-standard","has-post-thumbnail","hentry","category-mersin","category-spor","tag-mersin","tag-spor"],"views":984,"_links":{"self":[{"href":"https:\/\/mersingazetesi.com\/index.php\/wp-json\/wp\/v2\/posts\/107314","targetHints":{"allow":["GET"]}}],"collection":[{"href":"https:\/\/mersingazetesi.com\/index.php\/wp-json\/wp\/v2\/posts"}],"about":[{"href":"https:\/\/mersingazetesi.com\/index.php\/wp-json\/wp\/v2\/types\/post"}],"author":[{"embeddable":true,"href":"https:\/\/mersingazetesi.com\/index.php\/wp-json\/wp\/v2\/users\/2"}],"replies":[{"embeddable":true,"href":"https:\/\/mersingazetesi.com\/index.php\/wp-json\/wp\/v2\/comments?post=107314"}],"version-history":[{"count":0,"href":"https:\/\/mersingazetesi.com\/index.php\/wp-json\/wp\/v2\/posts\/107314\/revisions"}],"wp:featuredmedia":[{"embeddable":true,"href":"https:\/\/mersingazetesi.com\/index.php\/wp-json\/wp\/v2\/media\/107315"}],"wp:attachment":[{"href":"https:\/\/mersingazetesi.com\/index.php\/wp-json\/wp\/v2\/media?parent=107314"}],"wp:term":[{"taxonomy":"category","embeddable":true,"href":"https:\/\/mersingazetesi.com\/index.php\/wp-json\/wp\/v2\/categories?post=107314"},{"taxonomy":"post_tag","embeddable":true,"href":"https:\/\/mersingazetesi.com\/index.php\/wp-json\/wp\/v2\/tags?post=107314"}],"curies":[{"name":"wp","href":"https:\/\/api.w.org\/{rel}","templated":true}]}}