{"id":107268,"date":"2025-09-09T17:26:16","date_gmt":"2025-09-09T14:26:16","guid":{"rendered":"https:\/\/mersingazetesi.com\/?p=107268"},"modified":"2025-09-09T17:26:16","modified_gmt":"2025-09-09T14:26:16","slug":"mersinli-taksicilerin-gozunden-isler-kazanc-var-ama-yetismiyor","status":"publish","type":"post","link":"https:\/\/mersingazetesi.com\/index.php\/2025\/09\/09\/mersinli-taksicilerin-gozunden-isler-kazanc-var-ama-yetismiyor\/","title":{"rendered":"Mersinli Taksicilerin G\u00f6z\u00fcnden \u0130\u015fler: KAZAN\u00c7 VAR AMA YET\u0130\u015eM\u0130YOR!"},"content":{"rendered":"<p>Mersinli taksiler g\u00fcn boyu yolcu ta\u015f\u0131yor ama kazan\u00e7lar\u0131n\u0131n masraflar\u0131 kar\u015f\u0131lamad\u0131\u011f\u0131n\u0131 s\u00f6yl\u00fcyor. Direksiyon ba\u015f\u0131ndaki \u015fof\u00f6rlere g\u00f6re g\u00f6r\u00fcnenden \u00e7ok daha farkl\u0131 bir tablo var. Kimi masraflardan \u015fik\u00e2yet\u00e7i, kimi m\u00fc\u015fteri profilinden\u2026<\/p>\n<div>\u0130\u015fte merkezde rastlad\u0131\u011f\u0131m\u0131z \u00fc\u00e7 taksicinin g\u00f6r\u00fc\u015fleri:<\/div>\n<p><b>Mersin:<\/b><\/p>\n<div>\u0130\u015fler nas\u0131l gidiyor?<br \/>\n<b>Taksici 1:<\/b><\/div>\n<div>\u201cEskiden yaz aylar\u0131nda i\u015flerimiz \u00e7ok iyi olurdu, \u015fimdi o da kalmad\u0131. Akaryak\u0131t fiyatlar\u0131 artt\u0131, lastik, bak\u0131m derken cebimizde kalan para \u00e7ok az. M\u00fc\u015fteri var ama kazan\u00e7 bize yetmiyor.\u201d<\/div>\n<p><b>Mersin:<\/b><\/p>\n<div>Peki g\u00fcn\u00fcn\u00fcz\u00fcn nas\u0131l ge\u00e7ti\u011fini anlat\u0131r m\u0131s\u0131n\u0131z?<br \/>\n<b>Taksici 2:<\/b><\/div>\n<div>\u00a0\u201cSabahlar\u0131 i\u015fe gidi\u015f saatinde biraz yo\u011funluk oluyor. \u00d6\u011flen ve \u00f6\u011fleden sonra beklemekle ge\u00e7iyor. \u00c7ar\u015f\u0131da genelde k\u0131sa mesafe isteyen \u00e7ok oluyor. 50 lira yaz\u0131yor mesela, m\u00fc\u015fteri \u2018\u00e7ok oldu\u2019 diye tart\u0131\u015fmaya ba\u015fl\u0131yor. Bizim de kazanc\u0131m\u0131z belli, ama insanlar hakl\u0131, onlar\u0131n da al\u0131m g\u00fcc\u00fc d\u00fc\u015ft\u00fc.\u201d<\/div>\n<p><b>Mersin:<\/b><\/p>\n<div>\u00c7ar\u015f\u0131da taksicilik yapman\u0131n en b\u00fcy\u00fck zorlu\u011fu nedir sizce?<br \/>\n<b>Taksici 3:<\/b><\/div>\n<div>\u201cTrafik \u00e7ok yo\u011fun. M\u00fc\u015fteriler de aceleci oluyor. Bir yandan trafi\u011fe yeti\u015fmeye \u00e7al\u0131\u015f\u0131yoruz, bir yandan da arabay\u0131 idare ediyoruz. Akaryak\u0131t fiyat\u0131 biraz d\u00fc\u015fse belki i\u015fimiz kolayla\u015f\u0131r ama \u015fu an masraflar kazanc\u0131m\u0131z\u0131n \u00f6n\u00fcnde.\u201d<\/div>\n<p><b>Mersin:<\/b><\/p>\n<div>Peki gelece\u011fe dair ne d\u00fc\u015f\u00fcn\u00fcyorsunuz?<br \/>\n<b>Taksici 4:<\/b><\/div>\n<div>&#8220;Bizim i\u015fimiz umuda ba\u011fl\u0131. Direksiyona oturdu\u011fumuzda \u2018bug\u00fcn daha iyi olacak\u2019 diye d\u00fc\u015f\u00fcn\u00fcyoruz. Belki biraz daha i\u015fler a\u00e7\u0131l\u0131r. Tek temennimiz masraflar\u0131n biraz azalmas\u0131.\u201d<\/div>\n<p><b>Taksici 5:<\/b><\/p>\n<div>&#8220;Bizim ekmek kap\u0131m\u0131z bu. Zor olsa da devam ediyoruz. \u00d6nemli olan i\u015fimizin ba\u015f\u0131nda durmak, bir g\u00fcn d\u00fczelir diye bekliyoruz.\u201d<\/div>\n<div>\n<div class=\"adm\">\n<div id=\"q_70\" class=\"ajR h4\"><\/div>\n<\/div>\n<\/div>\n","protected":false},"excerpt":{"rendered":"<p>Mersinli taksiler g\u00fcn boyu yolcu ta\u015f\u0131yor ama kazan\u00e7lar\u0131n\u0131n masraflar\u0131 kar\u015f\u0131lamad\u0131\u011f\u0131n\u0131 s\u00f6yl\u00fcyor. Direksiyon ba\u015f\u0131ndaki \u015fof\u00f6rlere g\u00f6re g\u00f6r\u00fcnenden \u00e7ok daha farkl\u0131 bir tablo var. Kimi masraflardan \u015fik\u00e2yet\u00e7i, kimi m\u00fc\u015fteri profilinden\u2026 \u0130\u015fte merkezde rastlad\u0131\u011f\u0131m\u0131z \u00fc\u00e7 taksicinin g\u00f6r\u00fc\u015fleri: Mersin: \u0130\u015fler nas\u0131l gidiyor? Taksici 1: \u201cEskiden yaz aylar\u0131nda i\u015flerimiz \u00e7ok iyi olurdu, \u015fimdi o da kalmad\u0131. Akaryak\u0131t fiyatlar\u0131 artt\u0131, lastik, [&hellip;]<\/p>\n","protected":false},"author":2,"featured_media":107269,"comment_status":"open","ping_status":"open","sticky":false,"template":"","format":"standard","meta":{"footnotes":""},"categories":[4,1,8],"tags":[],"class_list":["post-107268","post","type-post","status-publish","format-standard","has-post-thumbnail","hentry","category-ekonomi","category-gundem","category-mersin"],"views":1138,"_links":{"self":[{"href":"https:\/\/mersingazetesi.com\/index.php\/wp-json\/wp\/v2\/posts\/107268","targetHints":{"allow":["GET"]}}],"collection":[{"href":"https:\/\/mersingazetesi.com\/index.php\/wp-json\/wp\/v2\/posts"}],"about":[{"href":"https:\/\/mersingazetesi.com\/index.php\/wp-json\/wp\/v2\/types\/post"}],"author":[{"embeddable":true,"href":"https:\/\/mersingazetesi.com\/index.php\/wp-json\/wp\/v2\/users\/2"}],"replies":[{"embeddable":true,"href":"https:\/\/mersingazetesi.com\/index.php\/wp-json\/wp\/v2\/comments?post=107268"}],"version-history":[{"count":0,"href":"https:\/\/mersingazetesi.com\/index.php\/wp-json\/wp\/v2\/posts\/107268\/revisions"}],"wp:featuredmedia":[{"embeddable":true,"href":"https:\/\/mersingazetesi.com\/index.php\/wp-json\/wp\/v2\/media\/107269"}],"wp:attachment":[{"href":"https:\/\/mersingazetesi.com\/index.php\/wp-json\/wp\/v2\/media?parent=107268"}],"wp:term":[{"taxonomy":"category","embeddable":true,"href":"https:\/\/mersingazetesi.com\/index.php\/wp-json\/wp\/v2\/categories?post=107268"},{"taxonomy":"post_tag","embeddable":true,"href":"https:\/\/mersingazetesi.com\/index.php\/wp-json\/wp\/v2\/tags?post=107268"}],"curies":[{"name":"wp","href":"https:\/\/api.w.org\/{rel}","templated":true}]}}