{"id":107181,"date":"2025-09-09T09:36:13","date_gmt":"2025-09-09T06:36:13","guid":{"rendered":"https:\/\/mersingazetesi.com\/?p=107181"},"modified":"2025-09-09T09:36:13","modified_gmt":"2025-09-09T06:36:13","slug":"10-bin-lira-olan-kira-simdi-50-bin-lira","status":"publish","type":"post","link":"https:\/\/mersingazetesi.com\/index.php\/2025\/09\/09\/10-bin-lira-olan-kira-simdi-50-bin-lira\/","title":{"rendered":"10 B\u0130N L\u0130RA OLAN K\u0130RA \u015e\u0130MD\u0130 50 B\u0130N L\u0130RA!"},"content":{"rendered":"<div><b>Arslank\u00f6y\u2019de Yayla Turizmi: \u201cGelenler sayesinde yaz\u0131n k\u00f6y\u00a0canlan\u0131yor\u201d\u00a0<\/b><\/div>\n<div dir=\"ltr\"><b>Arslank\u00f6y \/ Mersin<\/b><\/div>\n<div dir=\"ltr\">Mersin\u2019in serin yaylalar\u0131ndan Arslank\u00f6y, yaz aylar\u0131nda sadece k\u00f6yl\u00fcler i\u00e7in de\u011fil \u015fehirden gelen\u00a0vatanda\u015flar i\u00e7in de cazibe merkezi haline gelmeye devam ediyor. Peki, yaylaya gelenler k\u00f6y ekonomisine nas\u0131l\u00a0katk\u0131 sa\u011fl\u0131yor? Biz de mikrofonumuzu Arslank\u00f6y sokaklar\u0131nda vatanda\u015fa uzatt\u0131k.<\/div>\n<div dir=\"ltr\"><b>Mersin:<\/b>\u00a0Yaylaya gelenler k\u00f6y ekonomisine katk\u0131 sa\u011fl\u0131yor mu sizce?<br \/>\n<b>Bakkal esnaf\u0131:<\/b>\u00a0Elbette sa\u011fl\u0131yor. Yaz aylar\u0131nda k\u00f6y kalabal\u0131kla\u015f\u0131yor, bizim i\u015flerimiz neredeyse\u00a0iki kat\u0131na \u00e7\u0131k\u0131yor. K\u0131\u015f\u0131n g\u00fcnl\u00fck 500 lira ciro yaparken, yaz\u0131n bu rakam 2-3 bin liray\u0131 buluyor.\u00a0\u0130nsanlar bakkaldan al\u0131\u015fveri\u015f yap\u0131yor, \u00e7ocuklara dondurma, eve ekmek al\u0131yor.<\/div>\n<div dir=\"ltr\"><b>Mersin:<\/b>\u00a0Peki, bu katk\u0131 sadece esnafa m\u0131 oluyor?<br \/>\n<b>\u00c7ift\u00e7i:<\/b>\u00a0Hay\u0131r, sadece esnafa de\u011fil. Sebze yeti\u015ftirenler, s\u00fct \u00fcr\u00fcnleri yapanlar da faydalan\u0131yor.\u00a0\u015eehirden gelenler do\u011fal \u00fcr\u00fcn ar\u0131yor. Yo\u011furt, peynir, tereya\u011f\u0131 sat\u0131yoruz. K\u00f6y ekonomisine\u00a0canl\u0131l\u0131k getiriyor ama k\u0131\u015f\u0131n i\u015fler yine duruyor. Bu durum da biz \u00e7ift\u00e7ilere destek sa\u011fl\u0131yor.<\/div>\n<div dir=\"ltr\"><b>Mersin:<\/b>\u00a0Gelenlerin k\u00f6y hayat\u0131na etkisi nedir sizce?<br \/>\n<b>Emekli k\u00f6yl\u00fc:<\/b>\u00a0Ben hem olumlu hem olumsuz g\u00f6r\u00fcyorum. Olumlu taraf\u0131 i\u015flerimiz a\u00e7\u0131l\u0131yor, k\u00f6t\u00fc\u00a0taraf\u0131 ise kalabal\u0131kla birlikte fiyatlar art\u0131yor. Ev kiralar\u0131 u\u00e7mu\u015f durumda. Eskiden 10 bin liraya\u00a0kiraya verilen ev, \u015fimdi yaz\u0131n 50 bin lira oluyor. K\u00f6yl\u00fc i\u00e7in zor.<\/div>\n<div dir=\"ltr\"><b>Mersin:<\/b>\u00a0Gen\u00e7ler a\u00e7\u0131s\u0131ndan nas\u0131l bir durum var?<br \/>\n<b>\u00dcniversite \u00f6\u011frencisi:<\/b>\u00a0Yaz\u0131n burada kafeler, \u00e7ay bah\u00e7eleri doluyor. Gen\u00e7ler i\u00e7in i\u015f imkan\u0131\u00a0\u00e7\u0131k\u0131yor, garsonluk, sat\u0131\u015f i\u015fleri oluyor. Ama bunlar ge\u00e7ici. Yayla bitti\u011finde yine i\u015fsizlik ba\u015fl\u0131yor.<\/div>\n<div dir=\"ltr\"><b>Mersin:<\/b>\u00a0Sizce yayla turizmi k\u00f6y ekonomisinin gelece\u011fini kurtar\u0131r m\u0131?<br \/>\n<b>Lokanta sahibi:<\/b>\u00a0E\u011fer planl\u0131 yap\u0131l\u0131rsa evet. Gelenler sadece al\u0131\u015fveri\u015f yapm\u0131yor, yemek yiyor,\u00a0konakl\u0131yor. Daha fazla tesis olsa k\u00f6y\u00fcn kazanc\u0131 artar. Ama do\u011fay\u0131 da korumak laz\u0131m, yoksa\u00a0yayla k\u00fclt\u00fcr\u00fcn\u00fc kaybederiz.<\/div>\n<div dir=\"ltr\"><\/div>\n","protected":false},"excerpt":{"rendered":"<p>Arslank\u00f6y\u2019de Yayla Turizmi: \u201cGelenler sayesinde yaz\u0131n k\u00f6y\u00a0canlan\u0131yor\u201d\u00a0 Arslank\u00f6y \/ Mersin Mersin\u2019in serin yaylalar\u0131ndan Arslank\u00f6y, yaz aylar\u0131nda sadece k\u00f6yl\u00fcler i\u00e7in de\u011fil \u015fehirden gelen\u00a0vatanda\u015flar i\u00e7in de cazibe merkezi haline gelmeye devam ediyor. Peki, yaylaya gelenler k\u00f6y ekonomisine nas\u0131l\u00a0katk\u0131 sa\u011fl\u0131yor? Biz de mikrofonumuzu Arslank\u00f6y sokaklar\u0131nda vatanda\u015fa uzatt\u0131k. Mersin:\u00a0Yaylaya gelenler k\u00f6y ekonomisine katk\u0131 sa\u011fl\u0131yor mu sizce? Bakkal esnaf\u0131:\u00a0Elbette sa\u011fl\u0131yor. [&hellip;]<\/p>\n","protected":false},"author":2,"featured_media":107182,"comment_status":"open","ping_status":"open","sticky":false,"template":"","format":"standard","meta":{"footnotes":""},"categories":[4,1,8],"tags":[129,126],"class_list":["post-107181","post","type-post","status-publish","format-standard","has-post-thumbnail","hentry","category-ekonomi","category-gundem","category-mersin","tag-ekonomi","tag-mersin"],"views":895,"_links":{"self":[{"href":"https:\/\/mersingazetesi.com\/index.php\/wp-json\/wp\/v2\/posts\/107181","targetHints":{"allow":["GET"]}}],"collection":[{"href":"https:\/\/mersingazetesi.com\/index.php\/wp-json\/wp\/v2\/posts"}],"about":[{"href":"https:\/\/mersingazetesi.com\/index.php\/wp-json\/wp\/v2\/types\/post"}],"author":[{"embeddable":true,"href":"https:\/\/mersingazetesi.com\/index.php\/wp-json\/wp\/v2\/users\/2"}],"replies":[{"embeddable":true,"href":"https:\/\/mersingazetesi.com\/index.php\/wp-json\/wp\/v2\/comments?post=107181"}],"version-history":[{"count":0,"href":"https:\/\/mersingazetesi.com\/index.php\/wp-json\/wp\/v2\/posts\/107181\/revisions"}],"wp:featuredmedia":[{"embeddable":true,"href":"https:\/\/mersingazetesi.com\/index.php\/wp-json\/wp\/v2\/media\/107182"}],"wp:attachment":[{"href":"https:\/\/mersingazetesi.com\/index.php\/wp-json\/wp\/v2\/media?parent=107181"}],"wp:term":[{"taxonomy":"category","embeddable":true,"href":"https:\/\/mersingazetesi.com\/index.php\/wp-json\/wp\/v2\/categories?post=107181"},{"taxonomy":"post_tag","embeddable":true,"href":"https:\/\/mersingazetesi.com\/index.php\/wp-json\/wp\/v2\/tags?post=107181"}],"curies":[{"name":"wp","href":"https:\/\/api.w.org\/{rel}","templated":true}]}}