{"id":107093,"date":"2025-09-08T12:01:07","date_gmt":"2025-09-08T09:01:07","guid":{"rendered":"https:\/\/mersingazetesi.com\/?p=107093"},"modified":"2025-09-08T12:01:07","modified_gmt":"2025-09-08T09:01:07","slug":"suclarda-dikkat-cekici-dusus","status":"publish","type":"post","link":"https:\/\/mersingazetesi.com\/index.php\/2025\/09\/08\/suclarda-dikkat-cekici-dusus\/","title":{"rendered":"Su\u00e7larda dikkat \u00e7ekici d\u00fc\u015f\u00fc\u015f"},"content":{"rendered":"<p><strong class=\"searchword\">Mersin<\/strong>\u00a0Valisi Atilla Toros, 2025 y\u0131l\u0131n\u0131n ilk 8 ay\u0131na ait asayi\u015f verilerini a\u00e7\u0131klad\u0131. Ki\u015filere kar\u015f\u0131 ve mal varl\u0131\u011f\u0131na y\u00f6nelik i\u015flenen su\u00e7larda ciddi d\u00fc\u015f\u00fc\u015fler kaydedildi\u011fini belirten Vali Toros, &#8220;Su\u00e7 ve su\u00e7luyla m\u00fccadelemiz kararl\u0131l\u0131kla s\u00fcr\u00fcyor&#8221; dedi.<br \/>\nVali Toros, beraberinde Vali Yard\u0131mc\u0131s\u0131 Mehmet Yavuz, \u0130l Emniyet M\u00fcd\u00fcr\u00fc Kamil Karab\u00f6rk, \u0130l Jandarma Komutan\u0131 Tu\u011famiral Ercan Atasoy ve Sahil G\u00fcvenlik Akdeniz B\u00f6lge Komutan\u0131 Kd. Albay G\u00f6kmen G\u00fcc\u00fcyen ile birlikte K\u00fclt\u00fcr ve Turizm M\u00fcd\u00fcrl\u00fc\u011f\u00fc binas\u0131nda d\u00fczenledi\u011fi toplant\u0131da, y\u0131l\u0131n ilk 8 ay\u0131ndaki asayi\u015f verilerini payla\u015ft\u0131. Vali Toros, 2025 y\u0131l\u0131n\u0131n ilk 8 ay\u0131nda ge\u00e7en y\u0131l\u0131n ayn\u0131 d\u00f6nemine g\u00f6re asayi\u015f olaylar\u0131nda \u00f6nemli azalmalar sa\u011fland\u0131\u011f\u0131n\u0131 s\u00f6yledi.<\/p>\n<p>Su\u00e7larda dikkat \u00e7ekici d\u00fc\u015f\u00fc\u015f<br \/>\nKi\u015filere kar\u015f\u0131 i\u015flenen 10 \u00f6nemli su\u00e7un tamam\u0131nda azalma kaydedildi\u011fini ifade eden Toros, bu su\u00e7larda toplam y\u00fczde 13 d\u00fc\u015f\u00fc\u015f ya\u015fand\u0131\u011f\u0131n\u0131 belirtti. Konut dokunulmazl\u0131\u011f\u0131n\u0131n ihlalinde y\u00fczde 40, ki\u015fiyi h\u00fcrriyetinden yoksun k\u0131lma su\u00e7unda ise y\u00fczde 26 oran\u0131nda azalma oldu\u011funa dikkat \u00e7eken Vali Toros, mal varl\u0131\u011f\u0131na kar\u015f\u0131 i\u015flenen su\u00e7larda da y\u00fczde 29\u2019luk d\u00fc\u015f\u00fc\u015f sa\u011flan\u0131rken, oto h\u0131rs\u0131zl\u0131\u011f\u0131nda y\u00fczde 52, motosiklet h\u0131rs\u0131zl\u0131\u011f\u0131nda y\u00fczde 42 oran\u0131nda azalma kaydedildi\u011fini ifade etti.<\/p>\n<p>Binlerce silah ele ge\u00e7irildi<br \/>\nRuhsats\u0131z silahlarla m\u00fccadele kapsam\u0131nda 846 tabanca, 145 kurus\u0131k\u0131 tabanca, 506 av t\u00fcfe\u011fi ve 1 uzun namlulu silah olmak \u00fczere toplam bin 498 silah\u0131n ele ge\u00e7irildi\u011fini belirten Toros, bu kapsamda 2 bin 5 ki\u015fi hakk\u0131nda i\u015flem yap\u0131ld\u0131\u011f\u0131n\u0131 aktard\u0131.<br \/>\nOrganize su\u00e7 ve ka\u00e7ak\u00e7\u0131l\u0131kla m\u00fccadele<br \/>\nOrganize su\u00e7 \u00f6rg\u00fctlerine y\u00f6nelik 50 operasyonda 197 ki\u015finin g\u00f6zalt\u0131na al\u0131nd\u0131\u011f\u0131n\u0131 a\u00e7\u0131klayan Vali Toros, bunlardan 79\u2019unun tutukland\u0131\u011f\u0131n\u0131 kaydetti. Ka\u00e7ak\u00e7\u0131l\u0131kla m\u00fccadelede d\u00fczenlenen 643 operasyonda ise 806 ki\u015fi hakk\u0131nda i\u015flem yap\u0131ld\u0131\u011f\u0131n\u0131, bu operasyonlarda 525 bin litre akaryak\u0131t, 42 bin litre alkoll\u00fc i\u00e7ki, 145 bin paket sigara, 67,7 milyon makaron ve 12 bin kilogram t\u00fct\u00fcn ele ge\u00e7irildi\u011fini s\u00f6yledi.<\/p>\n<p>Uyu\u015fturucuda rekor art\u0131\u015f<br \/>\nUyu\u015fturucuyla m\u00fccadelede de \u00f6nemli ba\u015far\u0131lar elde edildi\u011fini vurgulayan Toros, y\u0131l\u0131n ilk 8 ay\u0131nda 895 operasyon yap\u0131ld\u0131\u011f\u0131n\u0131, bin 340 \u015f\u00fcpheliden 723\u2019\u00fcn\u00fcn tutukland\u0131\u011f\u0131n\u0131 belirtti. Bu operasyonlarda bin 628 kilogram uyu\u015fturucu madde, 6,9 milyon uyu\u015fturucu hap ve 5 bin 157 k\u00f6k kenevir ele ge\u00e7irildi\u011fi bilgisini veren Vali Toros, ge\u00e7en y\u0131l\u0131n ayn\u0131 d\u00f6nemine g\u00f6re uyu\u015fturucu madde yakalamalar\u0131nda y\u00fczde 317 art\u0131\u015f ya\u015fand\u0131\u011f\u0131n\u0131 ifade etti.<\/p>\n<p>Trafik ve okul g\u00fcvenli\u011fi<br \/>\nTrafikte s\u0131f\u0131r can kayb\u0131 hedefiyle denetimlerin art\u0131r\u0131ld\u0131\u011f\u0131n\u0131 kaydeden Toros, bu y\u0131l\u0131n ilk 8 ay\u0131nda 3 milyon 773 bin 865 arac\u0131n denetlendi\u011fini s\u00f6yledi. Okul servislerine y\u00f6nelik denetimlerin ise y\u00fczde 79 artarak 12 bin 894\u2019e ula\u015ft\u0131\u011f\u0131n\u0131 belirtti. \u0130lk 8 ayda meydana gelen 54\u2019\u00fc \u00f6l\u00fcml\u00fc, 5 bin 654\u2019\u00fc yaralanmal\u0131 kazada 104 ki\u015finin hayat\u0131n\u0131 kaybetti\u011fini, 7 bin 797 ki\u015finin de yaraland\u0131\u011f\u0131n\u0131 s\u00f6yledi<\/p>\n<p>G\u00f6\u00e7men ka\u00e7ak\u00e7\u0131l\u0131\u011f\u0131na operasyon<br \/>\n<strong class=\"searchword\">Mersin<\/strong>\u2019de 199 bin 366 yabanc\u0131 bulundu\u011funu a\u00e7\u0131klayan Vali Toros, d\u00fczensiz g\u00f6\u00e7men oldu\u011fu tespit edilen bin 31 ki\u015fiden 549\u2019unun s\u0131n\u0131r d\u0131\u015f\u0131 edildi\u011fini, g\u00f6\u00e7men ka\u00e7ak\u00e7\u0131lar\u0131na y\u00f6nelik 41 operasyonda 63 \u015fahs\u0131n yakaland\u0131\u011f\u0131n\u0131 kaydetti.<br \/>\nVali Toros, yasa d\u0131\u015f\u0131 bahis ve bili\u015fim yoluyla i\u015flenen doland\u0131r\u0131c\u0131l\u0131k su\u00e7lar\u0131na kar\u015f\u0131 m\u00fccadelenin aral\u0131ks\u0131z devam etti\u011fini belirterek, 2025 y\u0131l\u0131n\u0131n ilk 8 ay\u0131nda siber devriyeler taraf\u0131ndan 2 bin 938 \u015fah\u0131s veya hesapta su\u00e7 unsuru tespit edildi\u011fini, bunlardan bin 355\u2019inin ter\u00f6rle ba\u011flant\u0131l\u0131 oldu\u011funun ortaya \u00e7\u0131kar\u0131ld\u0131\u011f\u0131n\u0131 a\u00e7\u0131klad\u0131. Toros, d\u00fczenlenen operasyonlara ili\u015fkin yapt\u0131\u011f\u0131 de\u011ferlendirmede, &#8220;Bili\u015fim, \u00f6deme ve yasa d\u0131\u015f\u0131 bahis su\u00e7lar\u0131na y\u00f6nelik y\u00fcr\u00fct\u00fclen 57 operasyonda, g\u00f6zalt\u0131na al\u0131nan 520 \u015fah\u0131stan 301\u2019i tutuklanm\u0131\u015ft\u0131r. Bu alandaki m\u00fccadelemizi kesintisiz s\u00fcrd\u00fcr\u00fcyoruz&#8221; ifadelerini kulland\u0131.<\/p>\n<p>&#8220;Kararl\u0131 m\u00fccadelemiz s\u00fcrecek&#8221;<br \/>\n<strong class=\"searchword\">Mersin<\/strong>\u00a0Valisi Atilla Toros, a\u00e7\u0131klamalar\u0131n\u0131n sonunda \u015fu ifadeleri kulland\u0131: &#8220;Burada payla\u015ft\u0131\u011f\u0131m\u0131z her veri;\u00a0<strong class=\"searchword\">Mersin<\/strong>\u2019in g\u00fcvenli\u011fi i\u00e7in verilen m\u00fccadelenin, cesaretin ve iradenin rakamlara yans\u0131yan ifadesidir. Devletimizin bize verdi\u011fi yetki, milletimizin y\u00fckledi\u011fi sorumlulukla su\u00e7 ve su\u00e7lularla m\u00fccadelemizi en kararl\u0131 ve etkin y\u00f6ntemlerle, hukuk ve insan haklar\u0131 \u00e7er\u00e7evesinde s\u00fcrd\u00fcr\u00fcyoruz. Devletimizin g\u00fcc\u00fc ve milletimizin deste\u011fiyle, \u015fehrimizin huzurunu ve g\u00fcvenli\u011fini bozmay\u0131 hedefleyen hi\u00e7bir ki\u015fi ya da yap\u0131ya asla ge\u00e7it vermeyece\u011fiz. Bu m\u00fccadelede gece g\u00fcnd\u00fcz demeden g\u00f6rev yapan t\u00fcm g\u00fcvenlik g\u00fc\u00e7lerimizi y\u00fcrekten kutluyor,\u00a0<strong class=\"searchword\">Mersin<\/strong>li hem\u015ferilerime destekleri ve dualar\u0131 i\u00e7in te\u015fekk\u00fcr ediyorum. Vatanda\u015flar\u0131m\u0131z ve kolluk kuvvetlerimizin uyum i\u00e7inde hareket etmesi, su\u00e7 ve su\u00e7 odaklar\u0131na kar\u015f\u0131 y\u00fcr\u00fct\u00fclen m\u00fccadeleyi daha g\u00fc\u00e7l\u00fc, etkili ve cayd\u0131r\u0131c\u0131 hale getirmektedir. Bu nedenle herhangi bir tehlike veya \u015f\u00fcpheli durum kar\u015f\u0131s\u0131nda &#8216;112 Acil \u00c7a\u011fr\u0131 Merkezi&#8217;ni aramak, hem kendi g\u00fcvenli\u011fimiz hem de toplumumuzun huzuru i\u00e7in en h\u0131zl\u0131 ve g\u00fcvenilir yoldur. \u00c7ocuklar\u0131m\u0131z\u0131n, ailelerimizin ve toplumumuzun huzurunu bozmaya yeltenen herkes, g\u00fcvenlik g\u00fc\u00e7lerimizin \u00e7elikten iradesiyle kar\u015f\u0131la\u015facakt\u0131r.&#8221;<\/p>\n","protected":false},"excerpt":{"rendered":"<p>Mersin\u00a0Valisi Atilla Toros, 2025 y\u0131l\u0131n\u0131n ilk 8 ay\u0131na ait asayi\u015f verilerini a\u00e7\u0131klad\u0131. Ki\u015filere kar\u015f\u0131 ve mal varl\u0131\u011f\u0131na y\u00f6nelik i\u015flenen su\u00e7larda ciddi d\u00fc\u015f\u00fc\u015fler kaydedildi\u011fini belirten Vali Toros, &#8220;Su\u00e7 ve su\u00e7luyla m\u00fccadelemiz kararl\u0131l\u0131kla s\u00fcr\u00fcyor&#8221; dedi. Vali Toros, beraberinde Vali Yard\u0131mc\u0131s\u0131 Mehmet Yavuz, \u0130l Emniyet M\u00fcd\u00fcr\u00fc Kamil Karab\u00f6rk, \u0130l Jandarma Komutan\u0131 Tu\u011famiral Ercan Atasoy ve Sahil G\u00fcvenlik Akdeniz [&hellip;]<\/p>\n","protected":false},"author":2,"featured_media":107094,"comment_status":"open","ping_status":"open","sticky":false,"template":"","format":"standard","meta":{"footnotes":""},"categories":[8],"tags":[126],"class_list":["post-107093","post","type-post","status-publish","format-standard","has-post-thumbnail","hentry","category-mersin","tag-mersin"],"views":459,"_links":{"self":[{"href":"https:\/\/mersingazetesi.com\/index.php\/wp-json\/wp\/v2\/posts\/107093","targetHints":{"allow":["GET"]}}],"collection":[{"href":"https:\/\/mersingazetesi.com\/index.php\/wp-json\/wp\/v2\/posts"}],"about":[{"href":"https:\/\/mersingazetesi.com\/index.php\/wp-json\/wp\/v2\/types\/post"}],"author":[{"embeddable":true,"href":"https:\/\/mersingazetesi.com\/index.php\/wp-json\/wp\/v2\/users\/2"}],"replies":[{"embeddable":true,"href":"https:\/\/mersingazetesi.com\/index.php\/wp-json\/wp\/v2\/comments?post=107093"}],"version-history":[{"count":0,"href":"https:\/\/mersingazetesi.com\/index.php\/wp-json\/wp\/v2\/posts\/107093\/revisions"}],"wp:featuredmedia":[{"embeddable":true,"href":"https:\/\/mersingazetesi.com\/index.php\/wp-json\/wp\/v2\/media\/107094"}],"wp:attachment":[{"href":"https:\/\/mersingazetesi.com\/index.php\/wp-json\/wp\/v2\/media?parent=107093"}],"wp:term":[{"taxonomy":"category","embeddable":true,"href":"https:\/\/mersingazetesi.com\/index.php\/wp-json\/wp\/v2\/categories?post=107093"},{"taxonomy":"post_tag","embeddable":true,"href":"https:\/\/mersingazetesi.com\/index.php\/wp-json\/wp\/v2\/tags?post=107093"}],"curies":[{"name":"wp","href":"https:\/\/api.w.org\/{rel}","templated":true}]}}