{"id":107082,"date":"2025-09-08T11:51:48","date_gmt":"2025-09-08T08:51:48","guid":{"rendered":"https:\/\/mersingazetesi.com\/?p=107082"},"modified":"2025-09-08T11:51:48","modified_gmt":"2025-09-08T08:51:48","slug":"cengiz-under-resmen-besiktasta","status":"publish","type":"post","link":"https:\/\/mersingazetesi.com\/index.php\/2025\/09\/08\/cengiz-under-resmen-besiktasta\/","title":{"rendered":"Cengiz \u00dcnder resmen Be\u015fikta\u015f&#8217;ta"},"content":{"rendered":"<p>Fenerbah\u00e7e,\u00a0Cengiz \u00dcnder&#8217;in sat\u0131n alma opsiyonuyla birlikte sezon sonuna kadar\u00a0Be\u015fikta\u015f&#8217;a kiraland\u0131\u011f\u0131n\u0131 a\u00e7\u0131klad\u0131.<\/p>\n<p><strong>Sar\u0131 lacivertli kul\u00fcpten yap\u0131lan a\u00e7\u0131klamada;\u00a0Kul\u00fcb\u00fcm\u00fcz, oyuncumuz Cengiz \u00dcnder&#8217;in sat\u0131n alma opsiyonu ile birlikte kiral\u0131k transferi konusunda Be\u015fikta\u015f kul\u00fcb\u00fc ile sezon sonuna kadar anla\u015fmaya varm\u0131\u015ft\u0131r. Futbolcumuza sakatl\u0131ktan uzak bir sezon dileriz.\u00a0<\/strong>ifadeleri yer ald\u0131.<\/p>\n","protected":false},"excerpt":{"rendered":"<p>Fenerbah\u00e7e,\u00a0Cengiz \u00dcnder&#8217;in sat\u0131n alma opsiyonuyla birlikte sezon sonuna kadar\u00a0Be\u015fikta\u015f&#8217;a kiraland\u0131\u011f\u0131n\u0131 a\u00e7\u0131klad\u0131. Sar\u0131 lacivertli kul\u00fcpten yap\u0131lan a\u00e7\u0131klamada;\u00a0Kul\u00fcb\u00fcm\u00fcz, oyuncumuz Cengiz \u00dcnder&#8217;in sat\u0131n alma opsiyonu ile birlikte kiral\u0131k transferi konusunda Be\u015fikta\u015f kul\u00fcb\u00fc ile sezon sonuna kadar anla\u015fmaya varm\u0131\u015ft\u0131r. Futbolcumuza sakatl\u0131ktan uzak bir sezon dileriz.\u00a0ifadeleri yer ald\u0131.<\/p>\n","protected":false},"author":2,"featured_media":107083,"comment_status":"open","ping_status":"open","sticky":false,"template":"","format":"standard","meta":{"footnotes":""},"categories":[6],"tags":[131],"class_list":["post-107082","post","type-post","status-publish","format-standard","has-post-thumbnail","hentry","category-spor","tag-spor"],"views":223,"_links":{"self":[{"href":"https:\/\/mersingazetesi.com\/index.php\/wp-json\/wp\/v2\/posts\/107082","targetHints":{"allow":["GET"]}}],"collection":[{"href":"https:\/\/mersingazetesi.com\/index.php\/wp-json\/wp\/v2\/posts"}],"about":[{"href":"https:\/\/mersingazetesi.com\/index.php\/wp-json\/wp\/v2\/types\/post"}],"author":[{"embeddable":true,"href":"https:\/\/mersingazetesi.com\/index.php\/wp-json\/wp\/v2\/users\/2"}],"replies":[{"embeddable":true,"href":"https:\/\/mersingazetesi.com\/index.php\/wp-json\/wp\/v2\/comments?post=107082"}],"version-history":[{"count":0,"href":"https:\/\/mersingazetesi.com\/index.php\/wp-json\/wp\/v2\/posts\/107082\/revisions"}],"wp:featuredmedia":[{"embeddable":true,"href":"https:\/\/mersingazetesi.com\/index.php\/wp-json\/wp\/v2\/media\/107083"}],"wp:attachment":[{"href":"https:\/\/mersingazetesi.com\/index.php\/wp-json\/wp\/v2\/media?parent=107082"}],"wp:term":[{"taxonomy":"category","embeddable":true,"href":"https:\/\/mersingazetesi.com\/index.php\/wp-json\/wp\/v2\/categories?post=107082"},{"taxonomy":"post_tag","embeddable":true,"href":"https:\/\/mersingazetesi.com\/index.php\/wp-json\/wp\/v2\/tags?post=107082"}],"curies":[{"name":"wp","href":"https:\/\/api.w.org\/{rel}","templated":true}]}}