{"id":107068,"date":"2025-09-08T11:43:38","date_gmt":"2025-09-08T08:43:38","guid":{"rendered":"https:\/\/mersingazetesi.com\/?p=107068"},"modified":"2025-09-08T11:43:38","modified_gmt":"2025-09-08T08:43:38","slug":"bu-ulkenin-sorunu-chp-degil-ki","status":"publish","type":"post","link":"https:\/\/mersingazetesi.com\/index.php\/2025\/09\/08\/bu-ulkenin-sorunu-chp-degil-ki\/","title":{"rendered":"BU \u00dcLKE&#8217;N\u0130N SORUNU CHP DE\u011e\u0130L K\u0130!"},"content":{"rendered":"<div>Bu \u00dclke&#8217;nin sorunu yok mu? Var!<\/div>\n<div>Hem de ziyadesiyle var!<\/div>\n<div>Fakat \u0130ktidara g\u00f6re bu \u00dclke&#8217;nin yegane sorunu Ana Muhalefet Partisi konumundaki CHP&#8217;dir. O y\u00fczden de s\u00fcrekli CHP&#8217;yle u\u011fra\u015f\u0131yor.<\/div>\n<div>Bunu da, elindeki iktidar g\u00fcc\u00fcn\u00fc kullanarak ve hukuku ara\u00e7salla\u015ft\u0131rarak yap\u0131yor.<\/div>\n<div>Bu \u00dclke&#8217;nin sorunu CHP de\u011fil ki!<\/div>\n<div>Bu \u00dclke&#8217;nin sorunu, iyi y\u00f6netilememe sorunudur.<\/div>\n<div>\u0130yi y\u00f6netilememekten kaynaklanan sorunlard\u0131r yani. Hal b\u00f6yle iken, \u00dclke&#8217;yi y\u00f6netme mevki ve sorumlulu\u011funda olan \u0130ktidar, i\u015fi g\u00fcc\u00fc b\u0131rakm\u0131\u015f, CHP&#8217;yi siyaset sahnesinden silmenin hesaplar\u0131n\u0131 yap\u0131yor.<\/div>\n<div>CHP Cumhuriyetimizle ya\u015f\u0131t as\u0131rl\u0131k bir Parti&#8217;dir. CHP&#8217;yi siyaset sahnesinden silmek, \u00f6yle san\u0131ld\u0131\u011f\u0131 kadar kolay bir i\u015f de\u011fildir.<\/div>\n<div>Ayr\u0131ca, CHP siyaset sahnesinden silinse bile (ki b\u00f6yle bir ihtimal s\u0131f\u0131rd\u0131r) CHP&#8217;ye oy veren se\u00e7menin AK Parti&#8217;ye y\u00f6nelmesi m\u00fcmk\u00fcn de\u011fildir.<\/div>\n<div>\u0130ktidar\u0131n bu ger\u00e7e\u011fi g\u00f6r\u00fcp, \u00dclke meselelerinin \u00e7\u00f6z\u00fcm\u00fcne odaklanmas\u0131 laz\u0131m. \u00c7\u00fcnk\u00fc bu \u00dclke&#8217;nin birikmi\u015f ve ertelenmi\u015f y\u0131\u011f\u0131nla sorunu var!<\/div>\n<div>\u00dcstelik de bu sorunlar\u0131n bir\u00e7o\u011fu, bizzat bu \u0130ktidar d\u00f6neminde olu\u015fmu\u015f yak\u0131c\u0131 ve y\u0131k\u0131c\u0131 sorunlard\u0131r.<\/div>\n<div dir=\"ltr\"><\/div>\n<p>Bu \u00dclke&#8217;nin beslenme sorunu var m\u0131?<\/p>\n<div dir=\"ltr\"><\/div>\n<p>Var!<\/p>\n<div dir=\"ltr\"><\/div>\n<p>Bar\u0131nma sorunu var m\u0131?<\/p>\n<div dir=\"ltr\"><\/div>\n<p>Var!<\/p>\n<div dir=\"ltr\"><\/div>\n<p>E\u011fitim sorunu var m\u0131?<\/p>\n<div dir=\"ltr\"><\/div>\n<p>Var!<\/p>\n<div dir=\"ltr\"><\/div>\n<p>Sa\u011fl\u0131k sorunu var m\u0131?<\/p>\n<div dir=\"ltr\"><\/div>\n<p>Var!<\/p>\n<div dir=\"ltr\"><\/div>\n<p>\u0130\u015fsizlik sorunu var m\u0131?<\/p>\n<div dir=\"ltr\"><\/div>\n<p>Var!<\/p>\n<div dir=\"ltr\"><\/div>\n<p>Enflasyon sorunu var m\u0131?<\/p>\n<div dir=\"ltr\"><\/div>\n<p>Var!<\/p>\n<div dir=\"ltr\"><\/div>\n<p>Hayat pahal\u0131l\u0131\u011f\u0131 sorunu var m\u0131?<\/p>\n<div dir=\"ltr\"><\/div>\n<p>Var!<\/p>\n<div dir=\"ltr\"><\/div>\n<p>Krediye eri\u015fme sorunu var m\u0131?<\/p>\n<div dir=\"ltr\"><\/div>\n<p>Var!<\/p>\n<div dir=\"ltr\"><\/div>\n<p>G\u0131da g\u00fcvenli\u011fi sorunu var m\u0131?<\/p>\n<div dir=\"ltr\"><\/div>\n<p>Var!<\/p>\n<div dir=\"ltr\"><\/div>\n<p>\u0130\u015f g\u00fcvenli\u011fi sorunu var m\u0131?<\/p>\n<div dir=\"ltr\"><\/div>\n<p>Var!<\/p>\n<div dir=\"ltr\"><\/div>\n<p>S\u0131\u011f\u0131nmac\u0131 sorunu var m\u0131?<\/p>\n<div dir=\"ltr\"><\/div>\n<p>Var!<\/p>\n<div dir=\"ltr\"><\/div>\n<p>Vize sorunu var m\u0131?<\/p>\n<div dir=\"ltr\"><\/div>\n<p>Var!<\/p>\n<div dir=\"ltr\"><\/div>\n<p>Kad\u0131nlar\u0131n\u0131 ve \u00e7ocuklar\u0131n\u0131 gerekti\u011fi gibi koruyamama sorunu var m\u0131?<\/p>\n<div dir=\"ltr\"><\/div>\n<p>Var!<\/p>\n<div dir=\"ltr\"><\/div>\n<p>Uyu\u015fturucu ile yeterince m\u00fccadele edememe sorunu var m\u0131?<\/p>\n<div dir=\"ltr\"><\/div>\n<p>Var!<\/p>\n<div dir=\"ltr\"><\/div>\n<p>\u00dcniversite ve y\u00fcksekokul \u00f6\u011frencilerine yurt sa\u011flayamama sorunu var m\u0131?<\/p>\n<div dir=\"ltr\"><\/div>\n<p>Var!<\/p>\n<div dir=\"ltr\"><\/div>\n<p>Depreme kar\u015f\u0131 tedbirsizlik ve diren\u00e7sizlik sorunu var m\u0131?<\/p>\n<div dir=\"ltr\"><\/div>\n<p>Var!<\/p>\n<div dir=\"ltr\"><\/div>\n<p>Yeterli ve kaliteli \u00fcretim yapamama sorunu var m\u0131?<\/p>\n<div dir=\"ltr\"><\/div>\n<p>Var!<\/p>\n<div dir=\"ltr\"><\/div>\n<p>Ekim alanlar\u0131n\u0131 ve su kaynaklar\u0131n\u0131 bilin\u00e7li ve verimli kullanamama sorunu var m\u0131?<\/p>\n<div dir=\"ltr\"><\/div>\n<p>Var!<\/p>\n<div dir=\"ltr\"><\/div>\n<p>Ormanlar\u0131n\u0131 koruyup geli\u015ftirememe sorunu var m\u0131?<\/p>\n<div dir=\"ltr\"><\/div>\n<p>Var!<\/p>\n<div dir=\"ltr\"><\/div>\n<p>Do\u011fal \u00e7evreye sahip \u00e7\u0131kamama sorunu var m\u0131?<\/p>\n<div dir=\"ltr\"><\/div>\n<p>Var!<\/p>\n<div dir=\"ltr\"><\/div>\n<p>A\u00e7\u0131kl\u0131k ve \u015feffafl\u0131k sorunu var m\u0131?<\/p>\n<div dir=\"ltr\"><\/div>\n<p>Var!<\/p>\n<div dir=\"ltr\"><\/div>\n<p>Hesap vermeye yana\u015fmama sorunu var m\u0131?<\/p>\n<div dir=\"ltr\"><\/div>\n<p>Var!<\/p>\n<div dir=\"ltr\"><\/div>\n<p>Liyakatsizlik sorunu var m\u0131?<\/p>\n<div dir=\"ltr\"><\/div>\n<p>Var!<\/p>\n<div dir=\"ltr\"><\/div>\n<p>Adaletsizlik sorunu var m\u0131?<\/p>\n<div dir=\"ltr\"><\/div>\n<p>Var!<\/p>\n<div dir=\"ltr\"><\/div>\n<p>Yoksulluk sorunu var m\u0131?<\/p>\n<div dir=\"ltr\"><\/div>\n<p>Var!<\/p>\n<div dir=\"ltr\"><\/div>\n<p>Yolsuzluk sorunu var m\u0131?<\/p>\n<div dir=\"ltr\"><\/div>\n<p>Var!<\/p>\n<div dir=\"ltr\"><\/div>\n<p>Yozla\u015fma sorunu var m\u0131?<\/p>\n<div dir=\"ltr\"><\/div>\n<p>Var!<\/p>\n<div dir=\"ltr\"><\/div>\n<p>Demokratikle\u015fememe sorunu var m\u0131?<\/p>\n<div dir=\"ltr\"><\/div>\n<p>Var!<\/p>\n<div dir=\"ltr\"><\/div>\n<p>Diline, k\u00fclt\u00fcr\u00fcne, tarihine ve de\u011ferlerine sahip \u00e7\u0131kamama sorunu var m\u0131?<\/p>\n<div dir=\"ltr\"><\/div>\n<p>Var!<\/p>\n<div dir=\"ltr\"><\/div>\n<div>K\u0131sacas\u0131, var o\u011flu var! B\u00fct\u00fcn bu sorunlar \u00e7\u00f6z\u00fcm beklerken, \u0130ktidar\u0131n Ana Muhalefet Partisi&#8217;ni g\u00fc\u00e7s\u00fczle\u015ftirmeye ve etkisizle\u015ftirmeye d\u00f6n\u00fck \u00e7aba ve gayretleri anla\u015f\u0131labilir bir \u015fey de\u011fildir!<\/div>\n<div>En az\u0131ndan, akl\u0131, vicdan\u0131 ve adaleti olan insanlar\u0131n anlayabilece\u011fi bir \u015fey de\u011fildir.<\/div>\n<div dir=\"ltr\"><\/div>\n<div>AKP Parti bu anlay\u0131\u015fla iktidar\u0131n\u0131 s\u00fcrd\u00fcrece\u011fini san\u0131yorsa, bunca \u00e7aba ve gayreti bo\u015funad\u0131r.<\/div>\n<div>\u00c7\u00fcnk\u00fc hi\u00e7bir iktidar, sorunlar\u0131 \u00e7\u00f6z\u00fcp de halk\u0131 feraha kavu\u015fturmadan iktidar\u0131n\u0131 s\u00fcrd\u00fcremez. Halka ra\u011fmen (halkla inatla\u015farak) zaten s\u00fcrd\u00fcremez.<\/div>\n<div>AK Parti iktidar\u0131n\u0131 s\u00fcrd\u00fcrmek istiyorsa, g\u00fcc\u00fcn\u00fc ve enerjisini \u00dclke sorunlar\u0131n\u0131n \u00e7\u00f6z\u00fcm\u00fcne harcay\u0131p, toplumsal r\u0131za \u00fcretmek durumundad\u0131r.<\/div>\n<div>Aksi halde, ilk se\u00e7imde ters cephe olur gider. Bunu g\u00f6rmek i\u00e7in kahin olmaya gerek yok.<\/div>\n","protected":false},"excerpt":{"rendered":"<p>Bu \u00dclke&#8217;nin sorunu yok mu? Var! Hem de ziyadesiyle var! Fakat \u0130ktidara g\u00f6re bu \u00dclke&#8217;nin yegane sorunu Ana Muhalefet Partisi konumundaki CHP&#8217;dir. O y\u00fczden de s\u00fcrekli CHP&#8217;yle u\u011fra\u015f\u0131yor. Bunu da, elindeki iktidar g\u00fcc\u00fcn\u00fc kullanarak ve hukuku ara\u00e7salla\u015ft\u0131rarak yap\u0131yor. Bu \u00dclke&#8217;nin sorunu CHP de\u011fil ki! Bu \u00dclke&#8217;nin sorunu, iyi y\u00f6netilememe sorunudur. \u0130yi y\u00f6netilememekten kaynaklanan sorunlard\u0131r yani. [&hellip;]<\/p>\n","protected":false},"author":14,"featured_media":105953,"comment_status":"open","ping_status":"open","sticky":false,"template":"","format":"standard","meta":{"footnotes":""},"categories":[47],"tags":[],"class_list":["post-107068","post","type-post","status-publish","format-standard","has-post-thumbnail","hentry","category-erdogan-serin"],"views":992,"_links":{"self":[{"href":"https:\/\/mersingazetesi.com\/index.php\/wp-json\/wp\/v2\/posts\/107068","targetHints":{"allow":["GET"]}}],"collection":[{"href":"https:\/\/mersingazetesi.com\/index.php\/wp-json\/wp\/v2\/posts"}],"about":[{"href":"https:\/\/mersingazetesi.com\/index.php\/wp-json\/wp\/v2\/types\/post"}],"author":[{"embeddable":true,"href":"https:\/\/mersingazetesi.com\/index.php\/wp-json\/wp\/v2\/users\/14"}],"replies":[{"embeddable":true,"href":"https:\/\/mersingazetesi.com\/index.php\/wp-json\/wp\/v2\/comments?post=107068"}],"version-history":[{"count":0,"href":"https:\/\/mersingazetesi.com\/index.php\/wp-json\/wp\/v2\/posts\/107068\/revisions"}],"wp:featuredmedia":[{"embeddable":true,"href":"https:\/\/mersingazetesi.com\/index.php\/wp-json\/wp\/v2\/media\/105953"}],"wp:attachment":[{"href":"https:\/\/mersingazetesi.com\/index.php\/wp-json\/wp\/v2\/media?parent=107068"}],"wp:term":[{"taxonomy":"category","embeddable":true,"href":"https:\/\/mersingazetesi.com\/index.php\/wp-json\/wp\/v2\/categories?post=107068"},{"taxonomy":"post_tag","embeddable":true,"href":"https:\/\/mersingazetesi.com\/index.php\/wp-json\/wp\/v2\/tags?post=107068"}],"curies":[{"name":"wp","href":"https:\/\/api.w.org\/{rel}","templated":true}]}}