{"id":107024,"date":"2025-09-08T09:37:46","date_gmt":"2025-09-08T06:37:46","guid":{"rendered":"https:\/\/mersingazetesi.com\/?p=107024"},"modified":"2025-09-08T09:37:46","modified_gmt":"2025-09-08T06:37:46","slug":"tuna-tunca-cebelitarik-bogazini-gecti","status":"publish","type":"post","link":"https:\/\/mersingazetesi.com\/index.php\/2025\/09\/08\/tuna-tunca-cebelitarik-bogazini-gecti\/","title":{"rendered":"Tuna Tunca Cebelitar\u0131k Bo\u011faz\u0131\u2019n\u0131 Ge\u00e7ti"},"content":{"rendered":"<p>A\u00e7\u0131k deniz y\u00fcz\u00fcc\u00fcs\u00fc Tuna Tunca, \u00f6nemli bir ba\u015far\u0131ya daha imza att\u0131. \u0130ki \u0130spanyol ve bir \u0130ngiliz y\u00fcz\u00fcc\u00fc ile birlikte Cebelitar\u0131k Bo\u011faz\u0131\u2019n\u0131 ge\u00e7erek okyanus yedilemesinin ikinci etab\u0131n\u0131 tamamlad\u0131.<\/p>\n<p>Tunca, daha \u00f6nce ilk ge\u00e7i\u015fini ba\u015far\u0131yla tamamlam\u0131\u015ft\u0131. \u015eimdi ise \u00f6n\u00fcnde be\u015f ayr\u0131 parkur bulunuyor. Sporcu, hedefini \u201cyedili seriyi tamamlamak\u201d olarak duyururken, Cebelitar\u0131k ge\u00e7i\u015fi kariyerinde \u00f6nemli bir d\u00f6n\u00fcm noktas\u0131 oldu.<\/p>\n<p>Okyanus yedilemesi, d\u00fcnyan\u0131n farkl\u0131 noktalar\u0131nda yedi b\u00fcy\u00fck a\u00e7\u0131k deniz ge\u00e7i\u015finden olu\u015fuyor ve uzun mesafe y\u00fcz\u00fcc\u00fclerinin en prestijli hedefleri aras\u0131nda g\u00f6steriliyor.<\/p>\n","protected":false},"excerpt":{"rendered":"<p>A\u00e7\u0131k deniz y\u00fcz\u00fcc\u00fcs\u00fc Tuna Tunca, \u00f6nemli bir ba\u015far\u0131ya daha imza att\u0131. \u0130ki \u0130spanyol ve bir \u0130ngiliz y\u00fcz\u00fcc\u00fc ile birlikte Cebelitar\u0131k Bo\u011faz\u0131\u2019n\u0131 ge\u00e7erek okyanus yedilemesinin ikinci etab\u0131n\u0131 tamamlad\u0131. Tunca, daha \u00f6nce ilk ge\u00e7i\u015fini ba\u015far\u0131yla tamamlam\u0131\u015ft\u0131. \u015eimdi ise \u00f6n\u00fcnde be\u015f ayr\u0131 parkur bulunuyor. Sporcu, hedefini \u201cyedili seriyi tamamlamak\u201d olarak duyururken, Cebelitar\u0131k ge\u00e7i\u015fi kariyerinde \u00f6nemli bir d\u00f6n\u00fcm noktas\u0131 [&hellip;]<\/p>\n","protected":false},"author":2,"featured_media":107025,"comment_status":"open","ping_status":"open","sticky":false,"template":"","format":"standard","meta":{"footnotes":""},"categories":[3,6],"tags":[130,131],"class_list":["post-107024","post","type-post","status-publish","format-standard","has-post-thumbnail","hentry","category-dunya","category-spor","tag-dunya","tag-spor"],"views":815,"_links":{"self":[{"href":"https:\/\/mersingazetesi.com\/index.php\/wp-json\/wp\/v2\/posts\/107024","targetHints":{"allow":["GET"]}}],"collection":[{"href":"https:\/\/mersingazetesi.com\/index.php\/wp-json\/wp\/v2\/posts"}],"about":[{"href":"https:\/\/mersingazetesi.com\/index.php\/wp-json\/wp\/v2\/types\/post"}],"author":[{"embeddable":true,"href":"https:\/\/mersingazetesi.com\/index.php\/wp-json\/wp\/v2\/users\/2"}],"replies":[{"embeddable":true,"href":"https:\/\/mersingazetesi.com\/index.php\/wp-json\/wp\/v2\/comments?post=107024"}],"version-history":[{"count":0,"href":"https:\/\/mersingazetesi.com\/index.php\/wp-json\/wp\/v2\/posts\/107024\/revisions"}],"wp:featuredmedia":[{"embeddable":true,"href":"https:\/\/mersingazetesi.com\/index.php\/wp-json\/wp\/v2\/media\/107025"}],"wp:attachment":[{"href":"https:\/\/mersingazetesi.com\/index.php\/wp-json\/wp\/v2\/media?parent=107024"}],"wp:term":[{"taxonomy":"category","embeddable":true,"href":"https:\/\/mersingazetesi.com\/index.php\/wp-json\/wp\/v2\/categories?post=107024"},{"taxonomy":"post_tag","embeddable":true,"href":"https:\/\/mersingazetesi.com\/index.php\/wp-json\/wp\/v2\/tags?post=107024"}],"curies":[{"name":"wp","href":"https:\/\/api.w.org\/{rel}","templated":true}]}}