{"id":107021,"date":"2025-09-08T09:37:07","date_gmt":"2025-09-08T06:37:07","guid":{"rendered":"https:\/\/mersingazetesi.com\/?p=107021"},"modified":"2025-09-08T09:37:07","modified_gmt":"2025-09-08T06:37:07","slug":"kira-30-binden-100-bine-cikti","status":"publish","type":"post","link":"https:\/\/mersingazetesi.com\/index.php\/2025\/09\/08\/kira-30-binden-100-bine-cikti\/","title":{"rendered":"K\u0130RA 30 B\u0130NDEN 100 B\u0130NE \u00c7IKTI!"},"content":{"rendered":"<div><b>Arslank\u00f6y\u2019de Kasaplar\u0131n Zorlu G\u00fcnleri: \u201cKira 30 binden 100 bine \u00e7\u0131kt\u0131, g\u00fcn\u00fc\u00a0kurtar\u0131yoruz\u201d<\/b><\/div>\n<div dir=\"ltr\">Arslank\u00f6y\/Mersin<\/div>\n<div dir=\"ltr\">Mersin\u2019in Toroslar il\u00e7esine ba\u011fl\u0131 Arslank\u00f6y\u2019de y\u0131llard\u0131r ge\u00e7imini kasapl\u0131kla sa\u011flayan esnaflar,\u00a0artan kiralar ve azalan m\u00fc\u015fteri yo\u011funlu\u011fu nedeniyle zor g\u00fcnler ya\u015f\u0131yor. Yaz aylar\u0131nda yaylac\u0131lar\u00a0sayesinde biraz hareketlenen d\u00fckk\u00e2nlar, k\u0131\u015f aylar\u0131nda neredeyse tamamen bo\u015f kal\u0131yor.<\/div>\n<div dir=\"ltr\"><\/div>\n<div dir=\"ltr\"><b>Mersin:\u00a0<\/b>Son d\u00f6nemde i\u015flerinizi en \u00e7ok etkileyen sorun nedir?<br \/>\n<b>Kasap:<\/b>\u00a0En b\u00fcy\u00fck s\u0131k\u0131nt\u0131m\u0131z kira. Eskiden 30 bin lirayd\u0131, \u015fimdi 100 bine \u00e7\u0131kt\u0131. B\u00f6yle bir art\u0131\u015f\u0131\u00a0kar\u015f\u0131lamak neredeyse imk\u00e2ns\u0131z. Bizim i\u015fimiz zaten \u00e7ok kazand\u0131ran bir i\u015f de\u011fil, \u00fcst\u00fcne bu kadar\u00a0y\u00fcksek kira olunca belimizi b\u00fck\u00fcyor.<\/div>\n<div dir=\"ltr\"><b>Mersin:\u00a0<\/b>Peki, yaz ve k\u0131\u015f aylar\u0131nda i\u015flerinizde fark oluyor mu?<br \/>\n<b>Kasap:<\/b>\u00a0Tabii ki. Yaylac\u0131lar yaz\u0131n buraya geliyor, n\u00fcfus art\u0131nca i\u015fler biraz canlan\u0131yor. Et sat\u0131\u015f\u0131 da\u00a0daha fazla oluyor, d\u00fckk\u00e2n hareketleniyor. Ama k\u0131\u015f gelince k\u00f6y \u00e7ok sessizle\u015fiyor. \u00c7o\u011fu ki\u015fi \u015fehir\u00a0merkezine d\u00f6n\u00fcyor. O zaman i\u015f yok denecek kadar azal\u0131yor.<\/div>\n<div dir=\"ltr\"><b>Mersin:\u00a0<\/b>G\u00fcnl\u00fck kazanc\u0131n\u0131z ge\u00e7iminizi kar\u015f\u0131lamaya yetiyor mu?<br \/>\n<b>Kasap:<\/b>\u00a0Maalesef yetmiyor. Kazand\u0131\u011f\u0131m\u0131z para masraflar\u0131, \u00f6zellikle de kiray\u0131 kar\u015f\u0131lam\u0131yor.\u00a0Elektrik, su, et tedariki derken elde avu\u00e7ta bir \u015fey kalm\u0131yor. \u015eu anda sadece g\u00fcn\u00fc kurtarmaya\u00a0\u00e7al\u0131\u015f\u0131yoruz. Gelece\u011fe dair plan yapmak \u00e7ok zor.<\/div>\n<div dir=\"ltr\"><b>Mersin:<\/b>\u00a0Peki, bu \u015fartlar alt\u0131nda esnafl\u0131k yapmaya devam etmek sizce m\u00fcmk\u00fcn m\u00fc?<br \/>\n<b>Kasap:<\/b>\u00a0Zor. \u0130nsan mesle\u011fini b\u0131rakmak istemiyor, y\u0131llar\u0131n eme\u011fi var. Ama bu \u015fartlar devam\u00a0ederse bir\u00e7ok esnaf gibi biz de kepenk kapatmak zorunda kalabiliriz. \u00c7\u00fcnk\u00fc dayanacak g\u00fcc\u00fcm\u00fcz\u00a0kalm\u0131yor.<\/div>\n<div dir=\"ltr\"><b>Mersin:<\/b>\u00a0Sizce \u00e7\u00f6z\u00fcm ne olabilir?<br \/>\n<b>Kasap:<\/b>\u00a0En az\u0131ndan kiralar\u0131n bu kadar artmas\u0131n\u0131n \u00f6n\u00fcne ge\u00e7ilmeli. Bir de k\u00fc\u00e7\u00fck esnafa destek\u00a0sa\u011flanmal\u0131. Biz \u00fcretmeden, esnaf ayakta kalmadan ekonomi d\u00f6nmez. Ama \u015fu an herkes kendi\u00a0ba\u015f\u0131n\u0131n \u00e7aresine bak\u0131yor.<\/div>\n<div>\n<div class=\"adm\">\n<div id=\"q_24\" class=\"ajR h4\"><\/div>\n<\/div>\n<\/div>\n","protected":false},"excerpt":{"rendered":"<p>Arslank\u00f6y\u2019de Kasaplar\u0131n Zorlu G\u00fcnleri: \u201cKira 30 binden 100 bine \u00e7\u0131kt\u0131, g\u00fcn\u00fc\u00a0kurtar\u0131yoruz\u201d Arslank\u00f6y\/Mersin Mersin\u2019in Toroslar il\u00e7esine ba\u011fl\u0131 Arslank\u00f6y\u2019de y\u0131llard\u0131r ge\u00e7imini kasapl\u0131kla sa\u011flayan esnaflar,\u00a0artan kiralar ve azalan m\u00fc\u015fteri yo\u011funlu\u011fu nedeniyle zor g\u00fcnler ya\u015f\u0131yor. Yaz aylar\u0131nda yaylac\u0131lar\u00a0sayesinde biraz hareketlenen d\u00fckk\u00e2nlar, k\u0131\u015f aylar\u0131nda neredeyse tamamen bo\u015f kal\u0131yor. Mersin:\u00a0Son d\u00f6nemde i\u015flerinizi en \u00e7ok etkileyen sorun nedir? Kasap:\u00a0En b\u00fcy\u00fck s\u0131k\u0131nt\u0131m\u0131z kira. [&hellip;]<\/p>\n","protected":false},"author":2,"featured_media":107022,"comment_status":"open","ping_status":"open","sticky":false,"template":"","format":"standard","meta":{"footnotes":""},"categories":[4,8],"tags":[129,126],"class_list":["post-107021","post","type-post","status-publish","format-standard","has-post-thumbnail","hentry","category-ekonomi","category-mersin","tag-ekonomi","tag-mersin"],"views":495,"_links":{"self":[{"href":"https:\/\/mersingazetesi.com\/index.php\/wp-json\/wp\/v2\/posts\/107021","targetHints":{"allow":["GET"]}}],"collection":[{"href":"https:\/\/mersingazetesi.com\/index.php\/wp-json\/wp\/v2\/posts"}],"about":[{"href":"https:\/\/mersingazetesi.com\/index.php\/wp-json\/wp\/v2\/types\/post"}],"author":[{"embeddable":true,"href":"https:\/\/mersingazetesi.com\/index.php\/wp-json\/wp\/v2\/users\/2"}],"replies":[{"embeddable":true,"href":"https:\/\/mersingazetesi.com\/index.php\/wp-json\/wp\/v2\/comments?post=107021"}],"version-history":[{"count":0,"href":"https:\/\/mersingazetesi.com\/index.php\/wp-json\/wp\/v2\/posts\/107021\/revisions"}],"wp:featuredmedia":[{"embeddable":true,"href":"https:\/\/mersingazetesi.com\/index.php\/wp-json\/wp\/v2\/media\/107022"}],"wp:attachment":[{"href":"https:\/\/mersingazetesi.com\/index.php\/wp-json\/wp\/v2\/media?parent=107021"}],"wp:term":[{"taxonomy":"category","embeddable":true,"href":"https:\/\/mersingazetesi.com\/index.php\/wp-json\/wp\/v2\/categories?post=107021"},{"taxonomy":"post_tag","embeddable":true,"href":"https:\/\/mersingazetesi.com\/index.php\/wp-json\/wp\/v2\/tags?post=107021"}],"curies":[{"name":"wp","href":"https:\/\/api.w.org\/{rel}","templated":true}]}}