{"id":106934,"date":"2025-09-07T10:10:16","date_gmt":"2025-09-07T07:10:16","guid":{"rendered":"https:\/\/mersingazetesi.com\/?p=106934"},"modified":"2025-09-07T10:10:16","modified_gmt":"2025-09-07T07:10:16","slug":"bu-nasil-buyume-boyle","status":"publish","type":"post","link":"https:\/\/mersingazetesi.com\/index.php\/2025\/09\/07\/bu-nasil-buyume-boyle\/","title":{"rendered":"BU NASIL B\u00dcY\u00dcME B\u00d6YLE?!"},"content":{"rendered":"<p>T\u00fcrkiye ekonomisi y\u0131l\u0131n ikinci \u00e7eyre\u011finde bir \u00f6nceki y\u0131l\u0131n ayn\u0131 d\u00f6nemine g\u00f6re y\u00fczde 4.8&#8217;lik b\u00fcy\u00fcme kaydetmi\u015f!<br \/>\nBunu kim mi s\u00f6yl\u00fcyor?!<br \/>\nHani \u015fu, ilan etti\u011fi enflasyonla vatanda\u015f\u0131n enflasyonu aras\u0131nda u\u00e7urumlar olan T\u00dc\u0130K var ya!<br \/>\n\u0130\u015fte o T\u00dc\u0130K s\u00f6yl\u00fcyor!<br \/>\nT\u00dc\u0130K&#8217;in verdi\u011fi bu rakam do\u011fruysa, g\u0131dadan giyime kadar b\u00fct\u00fcn sekt\u00f6rlerde neden konkordato taleplerinin ard\u0131 arkas\u0131 kesilmiyor?<br \/>\nNeden bir\u00e7ok sekt\u00f6rde iflaslar\u0131n ve i\u015f kapatmalar\u0131n sonu gelmiyor?<br \/>\nNeden i\u015f insanlar\u0131 krediye eri\u015fememekten ve yat\u0131r\u0131m yapamamaktan \u015fikayet ediyor?<br \/>\nNeden k\u00fc\u00e7\u00fck esnaf kepenk indirmek durumunda kal\u0131yor? Neden \u00e7ift\u00e7i her ge\u00e7en g\u00fcn \u00fcretimden \u00e7ekiliyor?<br \/>\nNeden besici ve k\u00f6yl\u00fc hayvanc\u0131l\u0131\u011f\u0131 b\u0131rak\u0131yor?<br \/>\nNeden emekliler ve asgari \u00fccretliler ge\u00e7inemiyoruz diye feryat figan ediyor?<br \/>\nNeden ya\u015f\u0131 yetmi\u015fi a\u015fm\u0131\u015f emekliler \u00e7ok a\u011f\u0131r i\u015flerde \u00e7al\u0131\u015fmak zorunda kal\u0131yor?<br \/>\nNeden \u00fcniversiteyi bitirmi\u015f i\u015fsiz gen\u00e7ler \u00fc\u00e7 kuru\u015f har\u00e7l\u0131k i\u00e7in analar\u0131n\u0131n, babalar\u0131n\u0131n g\u00f6z\u00fcn\u00fcn i\u00e7ine bak\u0131yor?<br \/>\nNeden?<br \/>\nNeden?<br \/>\nNeden..?<br \/>\nDemek ki bu b\u00fcy\u00fcme ger\u00e7ek\u00e7i bir b\u00fcy\u00fcme de\u011fil.<br \/>\nGer\u00e7ek\u00e7i olsayd\u0131, bu s\u0131k\u0131nt\u0131lar\u0131n hi\u00e7biri ya\u015fanmazd\u0131. Ger\u00e7ek\u00e7i olsayd\u0131, hayat pahal\u0131l\u0131\u011f\u0131 ve enflasyon al\u0131p ba\u015f\u0131n\u0131 gitmezdi.<br \/>\nGer\u00e7ek\u00e7i olsayd\u0131, asgari \u00fccretliler ve emekliler a\u00e7l\u0131\u011fa, sefalete mahkum edilmezdi. Edilmezdi, \u00e7\u00fcnk\u00fc bu b\u00fcy\u00fcmeden s\u0131k\u0131nt\u0131 i\u00e7indeki t\u00fcm kesimler paylar\u0131na d\u00fc\u015feni al\u0131rlard\u0131.<br \/>\nT\u00fcrkiye ekonomisi b\u00fcy\u00fcrken, emekliler, emek\u00e7iler ve \u00fcreticiler bu b\u00fcy\u00fcmeden pay alm\u0131yorlarsa (ki almad\u0131klar\u0131 bir ger\u00e7ek) az bu\u00e7uk ekonomiden anlayan hi\u00e7 kimse bu b\u00fcy\u00fcmeye inanmaz.<br \/>\n\u0130nanm\u0131yor da zaten.<\/p>\n","protected":false},"excerpt":{"rendered":"<p>T\u00fcrkiye ekonomisi y\u0131l\u0131n ikinci \u00e7eyre\u011finde bir \u00f6nceki y\u0131l\u0131n ayn\u0131 d\u00f6nemine g\u00f6re y\u00fczde 4.8&#8217;lik b\u00fcy\u00fcme kaydetmi\u015f! Bunu kim mi s\u00f6yl\u00fcyor?! Hani \u015fu, ilan etti\u011fi enflasyonla vatanda\u015f\u0131n enflasyonu aras\u0131nda u\u00e7urumlar olan T\u00dc\u0130K var ya! \u0130\u015fte o T\u00dc\u0130K s\u00f6yl\u00fcyor! T\u00dc\u0130K&#8217;in verdi\u011fi bu rakam do\u011fruysa, g\u0131dadan giyime kadar b\u00fct\u00fcn sekt\u00f6rlerde neden konkordato taleplerinin ard\u0131 arkas\u0131 kesilmiyor? Neden bir\u00e7ok sekt\u00f6rde [&hellip;]<\/p>\n","protected":false},"author":14,"featured_media":105953,"comment_status":"open","ping_status":"open","sticky":false,"template":"","format":"standard","meta":{"footnotes":""},"categories":[47],"tags":[],"class_list":["post-106934","post","type-post","status-publish","format-standard","has-post-thumbnail","hentry","category-erdogan-serin"],"views":768,"_links":{"self":[{"href":"https:\/\/mersingazetesi.com\/index.php\/wp-json\/wp\/v2\/posts\/106934","targetHints":{"allow":["GET"]}}],"collection":[{"href":"https:\/\/mersingazetesi.com\/index.php\/wp-json\/wp\/v2\/posts"}],"about":[{"href":"https:\/\/mersingazetesi.com\/index.php\/wp-json\/wp\/v2\/types\/post"}],"author":[{"embeddable":true,"href":"https:\/\/mersingazetesi.com\/index.php\/wp-json\/wp\/v2\/users\/14"}],"replies":[{"embeddable":true,"href":"https:\/\/mersingazetesi.com\/index.php\/wp-json\/wp\/v2\/comments?post=106934"}],"version-history":[{"count":0,"href":"https:\/\/mersingazetesi.com\/index.php\/wp-json\/wp\/v2\/posts\/106934\/revisions"}],"wp:featuredmedia":[{"embeddable":true,"href":"https:\/\/mersingazetesi.com\/index.php\/wp-json\/wp\/v2\/media\/105953"}],"wp:attachment":[{"href":"https:\/\/mersingazetesi.com\/index.php\/wp-json\/wp\/v2\/media?parent=106934"}],"wp:term":[{"taxonomy":"category","embeddable":true,"href":"https:\/\/mersingazetesi.com\/index.php\/wp-json\/wp\/v2\/categories?post=106934"},{"taxonomy":"post_tag","embeddable":true,"href":"https:\/\/mersingazetesi.com\/index.php\/wp-json\/wp\/v2\/tags?post=106934"}],"curies":[{"name":"wp","href":"https:\/\/api.w.org\/{rel}","templated":true}]}}