{"id":106905,"date":"2025-09-06T19:01:38","date_gmt":"2025-09-06T16:01:38","guid":{"rendered":"https:\/\/mersingazetesi.com\/?p=106905"},"modified":"2025-09-06T19:01:38","modified_gmt":"2025-09-06T16:01:38","slug":"sehit-ozel-harekat-polisi-son-yolculuguna-ugurlandi","status":"publish","type":"post","link":"https:\/\/mersingazetesi.com\/index.php\/2025\/09\/06\/sehit-ozel-harekat-polisi-son-yolculuguna-ugurlandi\/","title":{"rendered":"\u015eehit \u00f6zel harekat polisi son yolculu\u011funa u\u011furland\u0131"},"content":{"rendered":"<p><strong class=\"searchword\">Mersin<\/strong>&#8216;de g\u00f6rev esnas\u0131nda ar\u0131zas\u0131n\u0131 gidermeye \u00e7al\u0131\u015ft\u0131\u011f\u0131 silah\u0131n ate\u015f almas\u0131 sonucu \u015fehit d\u00fc\u015fen \u00f6zel harekat polisi Mustafa Karap\u0131nar, memleketi Kahramanmara\u015f&#8217;ta son yolculu\u011funa u\u011furland\u0131. \u015eehidin naa\u015f\u0131 2018 y\u0131l\u0131nda \u015fehit d\u00fc\u015fen babas\u0131n\u0131n yan\u0131na defnedildi.<br \/>\nAl\u0131nan bilgiye g\u00f6re,\u00a0<strong class=\"searchword\">Mersin<\/strong>\u00a0\u0130l Emniyet M\u00fcd\u00fcrl\u00fc\u011f\u00fc \u00d6zel Harekat \u015eubesinde g\u00f6revli polis memuru Mustafa Karap\u0131nar (28), merkez Toroslar il\u00e7esi G\u00f6zne \u0130l Jandarma Komutanl\u0131\u011f\u0131 At\u0131\u015f Poligonunda makineli silah ar\u0131zas\u0131n\u0131 gidermeye \u00e7al\u0131\u015ft\u0131\u011f\u0131 s\u0131rada silah\u0131n ate\u015f almas\u0131 sonucu yaraland\u0131. A\u011f\u0131r yaralanan Karap\u0131nar,\u00a0<strong class=\"searchword\">Mersin<\/strong>\u00a0\u015eehir Hastanesi&#8217;ne kald\u0131r\u0131ld\u0131. Burada yap\u0131lan t\u00fcm m\u00fcdahalelere ra\u011fmen kurtar\u0131lamayarak \u015fehit oldu. \u015eehit polis memurunun naa\u015f\u0131\u00a0<strong class=\"searchword\">Mersin<\/strong>&#8216;de d\u00fczenlenen t\u00f6renin ard\u0131ndan memleketi Kahramanmara\u015f&#8217;a g\u00f6nderildi. Burada Abd\u00fclhamit Han Camii&#8217;nde k\u0131l\u0131nan ikindi namaz\u0131n\u0131 m\u00fcteakip \u015fehit i\u00e7in cenaze t\u00f6reni d\u00fczenlendi.<br \/>\nCenaze t\u00f6renine Vali Vekili Hicabi Aytemur, \u00d6zel Harekat Daire Ba\u015fkan\u0131 S\u00fcleyman Karadeniz, \u0130l Emniyet M\u00fcd\u00fcr\u00fc Nurettin G\u00f6kduman, di\u011fer protokol \u00fcyeleri, siyasiler, emniyet personeli, \u015fehidin yak\u0131nlar\u0131 ve \u00e7ok say\u0131da vatanda\u015f kat\u0131ld\u0131. Helalli\u011fin al\u0131nmas\u0131n\u0131n ard\u0131ndan \u015fehidin cenaze namaz\u0131n\u0131 \u0130l M\u00fcft\u00fcs\u00fc Abdurrahman Kotan k\u0131ld\u0131rd\u0131.<br \/>\n\u015eehidin naa\u015f\u0131, 2018 y\u0131l\u0131nda \u015fehit d\u00fc\u015fen ve \u015eeyh Adil \u015eehitli\u011finde defnedilen babas\u0131 polis memuru Ali Karap\u0131nar&#8217;\u0131n yan\u0131na dualarla defnedildi.<\/p>\n","protected":false},"excerpt":{"rendered":"<p>Mersin&#8216;de g\u00f6rev esnas\u0131nda ar\u0131zas\u0131n\u0131 gidermeye \u00e7al\u0131\u015ft\u0131\u011f\u0131 silah\u0131n ate\u015f almas\u0131 sonucu \u015fehit d\u00fc\u015fen \u00f6zel harekat polisi Mustafa Karap\u0131nar, memleketi Kahramanmara\u015f&#8217;ta son yolculu\u011funa u\u011furland\u0131. \u015eehidin naa\u015f\u0131 2018 y\u0131l\u0131nda \u015fehit d\u00fc\u015fen babas\u0131n\u0131n yan\u0131na defnedildi. Al\u0131nan bilgiye g\u00f6re,\u00a0Mersin\u00a0\u0130l Emniyet M\u00fcd\u00fcrl\u00fc\u011f\u00fc \u00d6zel Harekat \u015eubesinde g\u00f6revli polis memuru Mustafa Karap\u0131nar (28), merkez Toroslar il\u00e7esi G\u00f6zne \u0130l Jandarma Komutanl\u0131\u011f\u0131 At\u0131\u015f Poligonunda makineli [&hellip;]<\/p>\n","protected":false},"author":2,"featured_media":106906,"comment_status":"open","ping_status":"open","sticky":false,"template":"","format":"standard","meta":{"footnotes":""},"categories":[1],"tags":[],"class_list":["post-106905","post","type-post","status-publish","format-standard","has-post-thumbnail","hentry","category-gundem"],"views":92,"_links":{"self":[{"href":"https:\/\/mersingazetesi.com\/index.php\/wp-json\/wp\/v2\/posts\/106905","targetHints":{"allow":["GET"]}}],"collection":[{"href":"https:\/\/mersingazetesi.com\/index.php\/wp-json\/wp\/v2\/posts"}],"about":[{"href":"https:\/\/mersingazetesi.com\/index.php\/wp-json\/wp\/v2\/types\/post"}],"author":[{"embeddable":true,"href":"https:\/\/mersingazetesi.com\/index.php\/wp-json\/wp\/v2\/users\/2"}],"replies":[{"embeddable":true,"href":"https:\/\/mersingazetesi.com\/index.php\/wp-json\/wp\/v2\/comments?post=106905"}],"version-history":[{"count":0,"href":"https:\/\/mersingazetesi.com\/index.php\/wp-json\/wp\/v2\/posts\/106905\/revisions"}],"wp:featuredmedia":[{"embeddable":true,"href":"https:\/\/mersingazetesi.com\/index.php\/wp-json\/wp\/v2\/media\/106906"}],"wp:attachment":[{"href":"https:\/\/mersingazetesi.com\/index.php\/wp-json\/wp\/v2\/media?parent=106905"}],"wp:term":[{"taxonomy":"category","embeddable":true,"href":"https:\/\/mersingazetesi.com\/index.php\/wp-json\/wp\/v2\/categories?post=106905"},{"taxonomy":"post_tag","embeddable":true,"href":"https:\/\/mersingazetesi.com\/index.php\/wp-json\/wp\/v2\/tags?post=106905"}],"curies":[{"name":"wp","href":"https:\/\/api.w.org\/{rel}","templated":true}]}}