{"id":106787,"date":"2025-09-05T10:02:56","date_gmt":"2025-09-05T07:02:56","guid":{"rendered":"https:\/\/mersingazetesi.com\/?p=106787"},"modified":"2025-09-05T10:02:56","modified_gmt":"2025-09-05T07:02:56","slug":"mersinde-toplu-tasima-araclarinin-bir-kismi-kirli-ve-bakimsiz","status":"publish","type":"post","link":"https:\/\/mersingazetesi.com\/index.php\/2025\/09\/05\/mersinde-toplu-tasima-araclarinin-bir-kismi-kirli-ve-bakimsiz\/","title":{"rendered":"&#8216;Mersin\u2019de toplu ta\u015f\u0131ma ara\u00e7lar\u0131n\u0131n bir k\u0131sm\u0131 kirli ve bak\u0131ms\u0131z&#8217;"},"content":{"rendered":"<div dir=\"ltr\"><span style=\"color: #000000; font-family: Segoe UI, Helvetica, S60 Sans, BBAlpha Sans, Droid, Tahoma, Arial;\">Mersin\u2019de \u00f6zel halk otob\u00fcsleri, minib\u00fcsler ve \u015fehir i\u00e7i \u00f6zel toplu ta\u015f\u0131mac\u0131l\u0131k yapan baz\u0131 ara\u00e7larda temizlik ve bak\u0131m eksikli\u011fi g\u00f6ze \u00e7arp\u0131yor. Yolcular, bu durumun hem sa\u011fl\u0131k a\u00e7\u0131s\u0131ndan risk olu\u015fturdu\u011funu hem de yolculuk konforunu azaltt\u0131\u011f\u0131n\u0131 ifade ediyor.<\/span><\/div>\n<div dir=\"ltr\">G\u00fcnl\u00fck ula\u015f\u0131mda yo\u011fun \u015fekilde kullan\u0131lan ara\u00e7lar\u0131n bir b\u00f6l\u00fcm\u00fcnde koltuklar\u0131n y\u0131prand\u0131\u011f\u0131, d\u00f6\u015femelerin eskidi\u011fi ve genel temizli\u011fin yap\u0131lmad\u0131\u011f\u0131 g\u00f6r\u00fcl\u00fcyor. \u00d6zellikle s\u0131cak havalarda daha da belirginle\u015fen bak\u0131ms\u0131zl\u0131k yolculuk kalitesini d\u00fc\u015f\u00fcr\u00fcyor. Vatanda\u015flar, ilgili kurumlar\u0131n denetimleri art\u0131rmas\u0131n\u0131 ve d\u00fczenli temizlik yap\u0131lmas\u0131n\u0131 talep ediyor.\u00a0Mersin\u2019de toplu ta\u015f\u0131mada kullan\u0131lan ara\u00e7lar\u0131n tamam\u0131nda olmasa da bir k\u0131sm\u0131nda g\u00f6r\u00fclen bu tablo, \u015fehirde giderek artan \u015fik\u00e2yetlere neden oluyor. Yolcular, yetkililerden h\u0131zl\u0131 \u00e7\u00f6z\u00fcm beklediklerini dile getiriyor.<\/div>\n<div dir=\"ltr\"><span style=\"color: #000000; font-family: Segoe UI, Helvetica, S60 Sans, BBAlpha Sans, Droid, Tahoma, Arial;\">\u00a0<\/span><\/div>\n<div dir=\"ltr\">H\u0130JYEN TEM\u0130ZL\u0130K YAPILMIYOR..!<\/div>\n<div dir=\"ltr\"><\/div>\n<div dir=\"ltr\">Yeterli temizlik yap\u0131lmamas\u0131, artan hijyen beklentilerini de kar\u015f\u0131lamaktan uzak. Baz\u0131 yolcular, ara\u00e7lara binerken ellerinde dezenfektan ta\u015f\u0131mak zorunda kald\u0131klar\u0131n\u0131 belirtirken, yerel y\u00f6netimlerin bu konudaki denetim eksikli\u011fi ise tepkilere yol a\u00e7\u0131yor.<\/div>\n<div dir=\"ltr\">Mersin\u2019deki toplu ta\u015f\u0131ma hizmetlerinin bir di\u011fer b\u00fcy\u00fck s\u0131k\u0131nt\u0131s\u0131 ise sefer saatlerinin yetersizli\u011fi. \u00d6zellikle sabah ve ak\u015fam saatlerinde duraklarda uzun kuyruklar olu\u015fuyor. Vatanda\u015flar, seferlerin say\u0131s\u0131n\u0131n art\u0131r\u0131lmamas\u0131 nedeniyle dakikalarca duraklarda beklemek zorunda kald\u0131klar\u0131n\u0131 ve toplu ta\u015f\u0131man\u0131n bu haliyle zamandan tasarruf sa\u011flamad\u0131\u011f\u0131n\u0131 belirtiyor.<\/div>\n<div dir=\"ltr\"><\/div>\n","protected":false},"excerpt":{"rendered":"<p>Mersin\u2019de \u00f6zel halk otob\u00fcsleri, minib\u00fcsler ve \u015fehir i\u00e7i \u00f6zel toplu ta\u015f\u0131mac\u0131l\u0131k yapan baz\u0131 ara\u00e7larda temizlik ve bak\u0131m eksikli\u011fi g\u00f6ze \u00e7arp\u0131yor. Yolcular, bu durumun hem sa\u011fl\u0131k a\u00e7\u0131s\u0131ndan risk olu\u015fturdu\u011funu hem de yolculuk konforunu azaltt\u0131\u011f\u0131n\u0131 ifade ediyor. G\u00fcnl\u00fck ula\u015f\u0131mda yo\u011fun \u015fekilde kullan\u0131lan ara\u00e7lar\u0131n bir b\u00f6l\u00fcm\u00fcnde koltuklar\u0131n y\u0131prand\u0131\u011f\u0131, d\u00f6\u015femelerin eskidi\u011fi ve genel temizli\u011fin yap\u0131lmad\u0131\u011f\u0131 g\u00f6r\u00fcl\u00fcyor. \u00d6zellikle s\u0131cak havalarda [&hellip;]<\/p>\n","protected":false},"author":2,"featured_media":106789,"comment_status":"open","ping_status":"open","sticky":false,"template":"","format":"standard","meta":{"footnotes":""},"categories":[5],"tags":[],"class_list":["post-106787","post","type-post","status-publish","format-standard","has-post-thumbnail","hentry","category-saglik"],"views":488,"_links":{"self":[{"href":"https:\/\/mersingazetesi.com\/index.php\/wp-json\/wp\/v2\/posts\/106787","targetHints":{"allow":["GET"]}}],"collection":[{"href":"https:\/\/mersingazetesi.com\/index.php\/wp-json\/wp\/v2\/posts"}],"about":[{"href":"https:\/\/mersingazetesi.com\/index.php\/wp-json\/wp\/v2\/types\/post"}],"author":[{"embeddable":true,"href":"https:\/\/mersingazetesi.com\/index.php\/wp-json\/wp\/v2\/users\/2"}],"replies":[{"embeddable":true,"href":"https:\/\/mersingazetesi.com\/index.php\/wp-json\/wp\/v2\/comments?post=106787"}],"version-history":[{"count":0,"href":"https:\/\/mersingazetesi.com\/index.php\/wp-json\/wp\/v2\/posts\/106787\/revisions"}],"wp:featuredmedia":[{"embeddable":true,"href":"https:\/\/mersingazetesi.com\/index.php\/wp-json\/wp\/v2\/media\/106789"}],"wp:attachment":[{"href":"https:\/\/mersingazetesi.com\/index.php\/wp-json\/wp\/v2\/media?parent=106787"}],"wp:term":[{"taxonomy":"category","embeddable":true,"href":"https:\/\/mersingazetesi.com\/index.php\/wp-json\/wp\/v2\/categories?post=106787"},{"taxonomy":"post_tag","embeddable":true,"href":"https:\/\/mersingazetesi.com\/index.php\/wp-json\/wp\/v2\/tags?post=106787"}],"curies":[{"name":"wp","href":"https:\/\/api.w.org\/{rel}","templated":true}]}}