{"id":106473,"date":"2025-09-02T10:52:44","date_gmt":"2025-09-02T07:52:44","guid":{"rendered":"https:\/\/mersingazetesi.com\/?p=106473"},"modified":"2025-09-02T10:52:44","modified_gmt":"2025-09-02T07:52:44","slug":"mersin-maratonu-icin-kayitlar-basladi","status":"publish","type":"post","link":"https:\/\/mersingazetesi.com\/index.php\/2025\/09\/02\/mersin-maratonu-icin-kayitlar-basladi\/","title":{"rendered":"MERS\u0130N MARATONU \u0130\u00c7\u0130N KAYITLAR BA\u015eLADI"},"content":{"rendered":"<p>Bu sene 7.\u2019si d\u00fczenlenecek Uluslararas\u0131 Mersin Maratonu i\u00e7in kay\u0131t s\u00fcreci ba\u015flad\u0131.\u00a014 Aral\u0131k 2025\u2019te d\u00fczenlenecek olan\u00a0maraton i\u00e7in T\u00fcrkiye Belediyeler Birli\u011fi ve\u00a0Mersin B\u00fcy\u00fck\u015fehir Belediyesi Ba\u015fkan\u0131 Vahap Se\u00e7er a\u00e7\u0131klamalarda bulundu.<\/p>\n<p>Se\u00e7er, &#8220;Mersin B\u00fcy\u00fck\u015fehir Belediyesi olarak, \u015fehrimizin dinamizmini, enerjisini ve spora olan tutkusunu t\u00fcm d\u00fcnyaya g\u00f6sterece\u011fimiz Uluslararas\u0131 Mersin Maratonu\u2019nun 7&#8217;ncisini d\u00fczenlemenin heyecan\u0131n\u0131 ya\u015f\u0131yoruz. Bu y\u0131l da Uluslararas\u0131 Mersin Maratonu\u2019nda, sporun birle\u015ftirici g\u00fcc\u00fcn\u00fc bir kez daha hissetmek i\u00e7in 14 Aral\u0131k Pazar g\u00fcn\u00fc binlerce sporcuyu ve sporseveri \u015fehrimizde a\u011f\u0131rlayaca\u011f\u0131z. \u201cRekorlar \u015eehrinde Rekorlara Ko\u015fuyoruz\u201d slogan\u0131yla ger\u00e7ekle\u015ftirilecek maratonumuz, D\u00fcnya Atletizm Birli\u011fi taraf\u0131ndan &#8216;Elite Label&#8217; kategorisine al\u0131nm\u0131\u015f, d\u00fcnya genelinde sayg\u0131n bir yer edinmi\u015f ve T\u00fcrkiye\u2019de liderli\u011fi elinde bulunduran \u00f6nemli bir organizasyondur. Bu anlamda Mersin B\u00fcy\u00fck\u015fehir Belediyesi olarak, bu maratonu yaln\u0131zca bir yar\u0131\u015f de\u011fil; Mersin\u2019in uluslararas\u0131 spor kenti olma vizyonunu yans\u0131tan \u00f6nemli bir platform olarak g\u00f6r\u00fcyoruz.&#8221; dedi.<\/p>\n<p>Kay\u0131tlar\u00a0<a href=\"http:\/\/www.mbbspor.org\/\" target=\"_blank\" rel=\"noopener\" data-saferedirecturl=\"https:\/\/www.google.com\/url?q=http:\/\/www.mbbspor.org\/&amp;source=gmail&amp;ust=1756885914418000&amp;usg=AOvVaw0AWJKtteJ2Wh_zyJdtDfoR\">www.mbbspor.org<\/a>\u00a0<wbr \/>adresinden yap\u0131lacak<\/p>\n<p>Ba\u015fkan Se\u00e7er \u015f\u00f6yle devam etti;<\/p>\n<p>&#8220;42K, 10K ve Halk Ko\u015fusu(3K) parkurlar\u0131yla her ya\u015f grubundan ve seviyeden kat\u0131l\u0131mc\u0131ya hitap eden maratonumuz, bu y\u0131l da rekor bir kat\u0131l\u0131ma ev sahipli\u011fi yapmay\u0131 hedefliyor. Uluslararas\u0131 Mersin Maratonu heyecan\u0131, 13 Aral\u0131k 2025 tarihlerinde \u015eehrimizin simgesi haline gelen \u00d6zgecan Aslan Bar\u0131\u015f Meydan\u0131\u2019nda yap\u0131lacak fuarla ba\u015flayacak. Ayr\u0131ca t\u00fcm yar\u0131\u015flar\u0131n ba\u015flang\u0131\u00e7 noktas\u0131 olarak \u00d6zgecan Aslan Bar\u0131\u015f Meydan\u0131 bu heyecan\u0131n merkezi olacak. Bu b\u00fcy\u00fck organizasyon, yaln\u0131zca sporcular\u0131n de\u011fil, izleyicilerin ve t\u00fcm Mersin halk\u0131n\u0131n deste\u011fi ve kat\u0131l\u0131m\u0131yla, \u015fehrimizi daha g\u00fc\u00e7l\u00fc bir \u015fekilde d\u00fcnyaya tan\u0131tacakt\u0131r. \u0130ster bir sporcu ister bir izleyici olun, varl\u0131\u011f\u0131n\u0131z bu organizasyonu e\u015fsiz k\u0131lacak. Hepinizi bu b\u00fcy\u00fck co\u015fkunun bir par\u00e7as\u0131 olmaya davet ediyorum.\u00a0Bu heyecan\u0131n bir par\u00e7as\u0131 olmak ve rekorlara ko\u015fmak i\u00e7in siz de ilk ad\u0131m\u0131 at\u0131n!<\/p>\n<p>Kay\u0131tlar\u0131n\u0131z\u0131\u00a0<a href=\"http:\/\/www.mbbspor.org\/\" target=\"_blank\" rel=\"noopener\" data-saferedirecturl=\"https:\/\/www.google.com\/url?q=http:\/\/www.mbbspor.org\/&amp;source=gmail&amp;ust=1756885914418000&amp;usg=AOvVaw0AWJKtteJ2Wh_zyJdtDfoR\">www.mbbspor.org<\/a>\u00a0<wbr \/>adresinden ger\u00e7ekle\u015ftirebilir, maratonla ilgili t\u00fcm detaylara web sitemizden ula\u015fabilirsiniz.<\/p>\n<p>Sporun g\u00fcc\u00fcyle bir araya gelerek, Mersin\u2019i hep birlikte gelece\u011fe ta\u015f\u0131maya devam edece\u011fiz. \u015eimdiden t\u00fcm kat\u0131l\u0131mc\u0131lara ba\u015far\u0131lar, halk\u0131m\u0131za ise keyif dolu bir maraton diliyorum.&#8221;<\/p>\n","protected":false},"excerpt":{"rendered":"<p>Bu sene 7.\u2019si d\u00fczenlenecek Uluslararas\u0131 Mersin Maratonu i\u00e7in kay\u0131t s\u00fcreci ba\u015flad\u0131.\u00a014 Aral\u0131k 2025\u2019te d\u00fczenlenecek olan\u00a0maraton i\u00e7in T\u00fcrkiye Belediyeler Birli\u011fi ve\u00a0Mersin B\u00fcy\u00fck\u015fehir Belediyesi Ba\u015fkan\u0131 Vahap Se\u00e7er a\u00e7\u0131klamalarda bulundu. Se\u00e7er, &#8220;Mersin B\u00fcy\u00fck\u015fehir Belediyesi olarak, \u015fehrimizin dinamizmini, enerjisini ve spora olan tutkusunu t\u00fcm d\u00fcnyaya g\u00f6sterece\u011fimiz Uluslararas\u0131 Mersin Maratonu\u2019nun 7&#8217;ncisini d\u00fczenlemenin heyecan\u0131n\u0131 ya\u015f\u0131yoruz. Bu y\u0131l da Uluslararas\u0131 Mersin Maratonu\u2019nda, [&hellip;]<\/p>\n","protected":false},"author":2,"featured_media":106474,"comment_status":"open","ping_status":"open","sticky":false,"template":"","format":"standard","meta":{"footnotes":""},"categories":[3,6],"tags":[130,126,131],"class_list":["post-106473","post","type-post","status-publish","format-standard","has-post-thumbnail","hentry","category-dunya","category-spor","tag-dunya","tag-mersin","tag-spor"],"views":933,"_links":{"self":[{"href":"https:\/\/mersingazetesi.com\/index.php\/wp-json\/wp\/v2\/posts\/106473","targetHints":{"allow":["GET"]}}],"collection":[{"href":"https:\/\/mersingazetesi.com\/index.php\/wp-json\/wp\/v2\/posts"}],"about":[{"href":"https:\/\/mersingazetesi.com\/index.php\/wp-json\/wp\/v2\/types\/post"}],"author":[{"embeddable":true,"href":"https:\/\/mersingazetesi.com\/index.php\/wp-json\/wp\/v2\/users\/2"}],"replies":[{"embeddable":true,"href":"https:\/\/mersingazetesi.com\/index.php\/wp-json\/wp\/v2\/comments?post=106473"}],"version-history":[{"count":0,"href":"https:\/\/mersingazetesi.com\/index.php\/wp-json\/wp\/v2\/posts\/106473\/revisions"}],"wp:featuredmedia":[{"embeddable":true,"href":"https:\/\/mersingazetesi.com\/index.php\/wp-json\/wp\/v2\/media\/106474"}],"wp:attachment":[{"href":"https:\/\/mersingazetesi.com\/index.php\/wp-json\/wp\/v2\/media?parent=106473"}],"wp:term":[{"taxonomy":"category","embeddable":true,"href":"https:\/\/mersingazetesi.com\/index.php\/wp-json\/wp\/v2\/categories?post=106473"},{"taxonomy":"post_tag","embeddable":true,"href":"https:\/\/mersingazetesi.com\/index.php\/wp-json\/wp\/v2\/tags?post=106473"}],"curies":[{"name":"wp","href":"https:\/\/api.w.org\/{rel}","templated":true}]}}