{"id":106466,"date":"2025-09-02T10:42:51","date_gmt":"2025-09-02T07:42:51","guid":{"rendered":"https:\/\/mersingazetesi.com\/?p=106466"},"modified":"2025-09-02T10:42:51","modified_gmt":"2025-09-02T07:42:51","slug":"servis-ucretlerine-yuzde-30-zam","status":"publish","type":"post","link":"https:\/\/mersingazetesi.com\/index.php\/2025\/09\/02\/servis-ucretlerine-yuzde-30-zam\/","title":{"rendered":"Servis \u00fccretlerine y\u00fczde 30 zam!"},"content":{"rendered":"<p>Kayseri Minib\u00fcs\u00e7\u00fcler ve\u00a0<strong class=\"searchword\">Servis<\/strong>\u00a0\u0130\u015fletmecileri Esnaf Odas\u0131 Ba\u015fkan\u0131 Yavuz Ay; e\u011fitim \u00f6\u011fretim y\u0131l\u0131 \u00f6ncesinde\u00a0<strong class=\"searchword\">servis<\/strong>\u00a0\u00fccretlerine y\u00fczde 30 zam geldi\u011fini s\u00f6yleyerek, &#8220;Esnaf penceresinden bak\u0131ld\u0131\u011f\u0131nda bu art\u0131\u015f esnaf\u0131 mutlu etmedi&#8221; dedi.<\/p>\n<p>Kayseri Minib\u00fcs\u00e7\u00fcler ve\u00a0<strong class=\"searchword\">Servis<\/strong>\u00a0\u0130\u015fletmecileri Esnaf Odas\u0131 Ba\u015fkan\u0131 Yavuz Ay,\u00a0<strong class=\"searchword\">servis<\/strong>\u00a0\u00fccretlerine yap\u0131lan zam karar\u0131n\u0131n Ula\u015f\u0131m Koordinasyon Merkezi&#8217;nden (UKOME) al\u0131nd\u0131\u011f\u0131n\u0131 belediye meclislerinin yetkilendirildi\u011fini kaydetti. 2025-2026 e\u011fitim \u00f6\u011fretim y\u0131l\u0131 \u00f6ncesinde\u00a0<strong class=\"searchword\">servis<\/strong>\u00a0\u00fccretlerine y\u00fczde 30 zam yap\u0131ld\u0131\u011f\u0131n\u0131 a\u00e7\u0131klayan Ay; bu zamm\u0131n esnaf\u0131 mutlu etmedi\u011fini kaydederek; &#8220;\u0130lk defa belediye meclisine b\u00f6yle bir fiyat tarifesi teklifimiz oldu. Gerek\u00e7elerimizi ilettik. Ad\u0131 zam oldu\u011fu zaman verenin de, alan\u0131n da asl\u0131nda ho\u015funa gitmedi\u011fi bir durum. Her iki taraf i\u00e7in de \u00e7\u0131kan rakam ne olursa olsun, olumlu olmayan bir s\u00fcre\u00e7 i\u00e7erisinde kal\u0131yoruz. Bu d\u00f6nem makas biraz daha a\u00e7\u0131k oldu\u011fu i\u00e7in gerek esnaf taraf\u0131ndan gerek velilerimiz taraf\u0131ndan bir kar\u015f\u0131lanma olaca\u011f\u0131n\u0131 d\u00fc\u015f\u00fcnerek B\u00fcy\u00fck\u015fehir Belediyesi Plan B\u00fct\u00e7e Komisyonu taraf\u0131ndan a\u00e7\u0131klanan rakam y\u00fczde 30 art\u0131\u015f oldu. Esnaf penceresinden bak\u0131ld\u0131\u011f\u0131nda bu art\u0131\u015f esnaf\u0131 mutlu etmedi. Bizim beklentimiz bu y\u00f6nden biraz daha fazlayd\u0131, talebimiz de daha fazla y\u00f6ndeydi&#8221; dedi.<br \/>\nYavuz Ay; &#8220;T\u00fcketicilerimize sormu\u015f olsak, onlar da ya\u015fam \u015fartlar\u0131 i\u00e7erisinde bunu fazla bulacaklard\u0131r. \u0130n\u015fallah yeni sezonun hay\u0131rl\u0131 bir sezon olarak ge\u00e7mesini diliyorum. Ayl\u0131k olarak rakamlar\u0131m\u0131z 8 Eyl\u00fcl\u2019de belediye meclisimizin toplant\u0131s\u0131nda ge\u00e7tikten sonra a\u00e7\u0131klanacak. Ola\u011fan\u00fcst\u00fc bir durum oldu\u011fu i\u00e7in biz biraz da komisyon karar\u0131n\u0131 a\u00e7\u0131klamak zorunda kald\u0131k. \u00c7\u00fcnk\u00fc biliyorsunuz, okullar haz\u0131rl\u0131k a\u015famas\u0131na ba\u015flad\u0131. 1. s\u0131n\u0131f, anaokullar\u0131 ve ilk\u00f6\u011fretim s\u0131n\u0131flar\u0131 olarak. A\u00e7\u0131klad\u0131\u011f\u0131m\u0131z rakamlar gidi\u015f ve d\u00f6n\u00fc\u015f \u00fccretlerini kaps\u0131yor. Bunun alt\u0131n\u0131 \u00e7izmemde fayda var. Sosyal faaliyetler, di\u011fer aktiviteler, kullan\u0131lan di\u011fer ekipmanlar\u0131n tamam\u0131 da ayr\u0131ca \u00fccretlendiriliyor. Rehber \u00f6\u011fretmen, hafta sonu e\u011fitimlerde, et\u00fctlerde ayr\u0131 \u00fccretlere tabi tutulacakt\u0131r&#8221; ifadelerini kulland\u0131.<\/p>\n","protected":false},"excerpt":{"rendered":"<p>Kayseri Minib\u00fcs\u00e7\u00fcler ve\u00a0Servis\u00a0\u0130\u015fletmecileri Esnaf Odas\u0131 Ba\u015fkan\u0131 Yavuz Ay; e\u011fitim \u00f6\u011fretim y\u0131l\u0131 \u00f6ncesinde\u00a0servis\u00a0\u00fccretlerine y\u00fczde 30 zam geldi\u011fini s\u00f6yleyerek, &#8220;Esnaf penceresinden bak\u0131ld\u0131\u011f\u0131nda bu art\u0131\u015f esnaf\u0131 mutlu etmedi&#8221; dedi. Kayseri Minib\u00fcs\u00e7\u00fcler ve\u00a0Servis\u00a0\u0130\u015fletmecileri Esnaf Odas\u0131 Ba\u015fkan\u0131 Yavuz Ay,\u00a0servis\u00a0\u00fccretlerine yap\u0131lan zam karar\u0131n\u0131n Ula\u015f\u0131m Koordinasyon Merkezi&#8217;nden (UKOME) al\u0131nd\u0131\u011f\u0131n\u0131 belediye meclislerinin yetkilendirildi\u011fini kaydetti. 2025-2026 e\u011fitim \u00f6\u011fretim y\u0131l\u0131 \u00f6ncesinde\u00a0servis\u00a0\u00fccretlerine y\u00fczde 30 zam yap\u0131ld\u0131\u011f\u0131n\u0131 [&hellip;]<\/p>\n","protected":false},"author":2,"featured_media":106467,"comment_status":"open","ping_status":"open","sticky":false,"template":"","format":"standard","meta":{"footnotes":""},"categories":[1],"tags":[129],"class_list":["post-106466","post","type-post","status-publish","format-standard","has-post-thumbnail","hentry","category-gundem","tag-ekonomi"],"views":117,"_links":{"self":[{"href":"https:\/\/mersingazetesi.com\/index.php\/wp-json\/wp\/v2\/posts\/106466","targetHints":{"allow":["GET"]}}],"collection":[{"href":"https:\/\/mersingazetesi.com\/index.php\/wp-json\/wp\/v2\/posts"}],"about":[{"href":"https:\/\/mersingazetesi.com\/index.php\/wp-json\/wp\/v2\/types\/post"}],"author":[{"embeddable":true,"href":"https:\/\/mersingazetesi.com\/index.php\/wp-json\/wp\/v2\/users\/2"}],"replies":[{"embeddable":true,"href":"https:\/\/mersingazetesi.com\/index.php\/wp-json\/wp\/v2\/comments?post=106466"}],"version-history":[{"count":0,"href":"https:\/\/mersingazetesi.com\/index.php\/wp-json\/wp\/v2\/posts\/106466\/revisions"}],"wp:featuredmedia":[{"embeddable":true,"href":"https:\/\/mersingazetesi.com\/index.php\/wp-json\/wp\/v2\/media\/106467"}],"wp:attachment":[{"href":"https:\/\/mersingazetesi.com\/index.php\/wp-json\/wp\/v2\/media?parent=106466"}],"wp:term":[{"taxonomy":"category","embeddable":true,"href":"https:\/\/mersingazetesi.com\/index.php\/wp-json\/wp\/v2\/categories?post=106466"},{"taxonomy":"post_tag","embeddable":true,"href":"https:\/\/mersingazetesi.com\/index.php\/wp-json\/wp\/v2\/tags?post=106466"}],"curies":[{"name":"wp","href":"https:\/\/api.w.org\/{rel}","templated":true}]}}