{"id":106456,"date":"2025-09-02T10:21:07","date_gmt":"2025-09-02T07:21:07","guid":{"rendered":"https:\/\/mersingazetesi.com\/?p=106456"},"modified":"2025-09-02T10:21:07","modified_gmt":"2025-09-02T07:21:07","slug":"egitim-hakki-ailelerin-cebine-yuklendi","status":"publish","type":"post","link":"https:\/\/mersingazetesi.com\/index.php\/2025\/09\/02\/egitim-hakki-ailelerin-cebine-yuklendi\/","title":{"rendered":"E\u011e\u0130T\u0130M HAKKI A\u0130LELER\u0130N CEB\u0130NE Y\u00dcKLEND\u0130!"},"content":{"rendered":"<div>\n<div dir=\"auto\">E\u011fitim \u0130\u015f, 2025-2026 e\u011fitim-\u00f6\u011fretim y\u0131l\u0131 ba\u015flamadan \u00f6nce yapt\u0131\u011f\u0131 ara\u015ft\u0131rmada, T\u00fcrkiye\u2019de e\u011fitimin art\u0131k paras\u0131z de\u011fil, aileler i\u00e7in a\u011f\u0131r bir ekonomik y\u00fck haline geldi\u011fini belirledi.\u00a0Ara\u015ft\u0131rma, Ankara \u00f6l\u00e7e\u011finde yap\u0131lan piyasa verilerine dayanarak yaln\u0131zca bir \u00f6\u011frenci i\u00e7in ba\u015flang\u0131\u00e7, ayl\u0131k ve g\u00fcnl\u00fck maliyetleri ortaya koydu.<\/div>\n<div dir=\"auto\"><\/div>\n<div>OKUL MASRAFLARINDA EK Y\u00dcKLER ARTIYOR!<\/div>\n<div dir=\"auto\"><\/div>\n<\/div>\n<div>\n<div dir=\"auto\">Belirlenen rakamlar \u015f\u00f6yle;<\/div>\n<div dir=\"auto\">K\u0131rtasiye ve \u00e7anta masraflar\u0131 2025 y\u0131l\u0131 itibar\u0131yla ilkokul i\u00e7in 4 bin 791 TL, ortaokul i\u00e7in 6\u00a0bin\u00a0387 TL, lise i\u00e7in 7\u00a0bin\u00a0740 TL\u2019ye y\u00fckseldi. 2024\u2019e g\u00f6re ortalama y\u00fczde 60\u2019l\u0131k bir art\u0131\u015f s\u00f6z konusudur.<\/div>\n<div dir=\"auto\">Giyim masraflar\u0131 (\u00fcniforma, ayakkab\u0131, kaban, spor malzemeleri vb.) en d\u00fc\u015f\u00fck 13\u00a0bin\u00a0900 TL\u2019yi buluyor..<\/div>\n<div dir=\"auto\">\u2022Ula\u015f\u0131m masraflar\u0131 servis kullanan \u00f6\u011frenciler i\u00e7in y\u0131ll\u0131k 33\u00a0bin\u00a0468 TL (k\u0131sa mesafe) ile 43\u00a0bin\u00a0953 TL (uzun mesafe) aras\u0131nda de\u011fi\u015fmektedir. Bu tutar ayl\u0131k 3\u00a0bin\u00a0700 \u2013 4\u00a0bin\u00a0900 TL aras\u0131nda ek bir y\u00fck demek.<\/div>\n<div dir=\"auto\">\u2022Beslenme masraflar\u0131 ilkokul \u00f6\u011frencisi i\u00e7in sadece evden g\u00f6t\u00fcr\u00fclen beslenme \u00e7antas\u0131nda ayl\u0131k ortalama 2\u00a0bin\u00a0155 TL, g\u00fcnl\u00fck 83,75 TL\u2019ye \u00e7\u0131kmaktad\u0131r. Kantin fiyatlar\u0131 ise bir y\u0131l i\u00e7inde y\u00fczde 50\u2019nin \u00fczerinde artt\u0131.<\/div>\n<\/div>\n<div>\n<div dir=\"auto\">Bu kalemler birlikte de\u011ferlendirildi\u011finde bir ilkokul \u00f6\u011frencisi i\u00e7in ula\u015f\u0131m d\u00e2hil ba\u015flang\u0131\u00e7 maliyeti 52\u00a0bin\u00a0159 TL, ortaokul i\u00e7in 53\u00a0bin\u00a0755 TL, lise i\u00e7in 55\u00a0bin\u00a0108 TL.\u00a0\u2060Okulu y\u00fcr\u00fcme mesafesinde olan \u00f6\u011frenciler i\u00e7in bile yaln\u0131zca k\u0131rtasiye ve giyim masraflar\u0131 asgari \u00fccretin y\u00fczde 84\u201398\u2019ine denk d\u00fc\u015f\u00fcyor.<\/div>\n<div dir=\"auto\"><\/div>\n<div dir=\"auto\"><\/div>\n<div>E\u011e\u0130T\u0130M HAKKI P\u0130YASA KO\u015eULLARINA TERK ED\u0130LM\u0130\u015e!<\/div>\n<\/div>\n<div>\n<div dir=\"auto\"><\/div>\n<div dir=\"auto\">Bu rakamlar\u0131n, yaln\u0131zca bir \u00f6\u011frencinin asgari ihtiya\u00e7lar\u0131 dikkate al\u0131narak hesapland\u0131\u011f\u0131 aktar\u0131ld\u0131. Kurslar, \u00f6zel dersler, s\u0131nav haz\u0131rl\u0131klar\u0131 ve di\u011fer masraflar eklendi\u011finde tablo \u00e7ok daha vahim. Yap\u0131la a\u00e7\u0131klamada, &#8220;E\u011fitimde e\u015fitlik fiilen ortadan kalkm\u0131\u015ft\u0131r.\u00a0Bug\u00fcn milyonlarca aile, \u00e7ocuklar\u0131n\u0131 okula g\u00f6nderebilmek i\u00e7in maa\u015flar\u0131n\u0131n b\u00fcy\u00fck k\u0131sm\u0131n\u0131 e\u011fitim harcamalar\u0131na ay\u0131rmak zorunda kalmaktad\u0131r. Bu y\u00fck, dar gelirli aileler i\u00e7in okul \u00f6ncesinden ba\u015flayarak e\u011fitime eri\u015fimi imk\u00e2ns\u0131z hale getirmektedir. E\u011fitim, bir hak oldu\u011fu i\u00e7in tamamen paras\u0131z ve kamusal olmal\u0131d\u0131r.\u00a0\u00d6\u011frencilere her g\u00fcn en az bir \u00f6\u011f\u00fcn \u00fccretsiz, sa\u011fl\u0131kl\u0131 yemek sa\u011flanmal\u0131d\u0131r.\u00a0K\u0131rtasiye, giyim, ula\u015f\u0131m ve bar\u0131nma gibi temel e\u011fitim masraflar\u0131 devlet b\u00fct\u00e7esinden kar\u015f\u0131lanmal\u0131d\u0131r.\u00a0Cemaat ve tarikatlar\u0131n s\u00f6zde kurumlar\u0131na kaynak aktar\u0131l\u0131rken, devlet okullar\u0131n\u0131n velilerin s\u0131rt\u0131na y\u00fcklenmesi kabul edilemez.\u00a0Cumhuriyetin en temel kazan\u0131m\u0131 olan paras\u0131z, laik, bilimsel ve kamusal e\u011fitim ilkesi yeniden hayata ge\u00e7irilmelidir. \u00c7ocuklar\u0131m\u0131z\u0131n gelece\u011fi, ailelerin c\u00fczdan\u0131na ya da piyasalar\u0131n insaf\u0131na b\u0131rak\u0131lamaz. E\u011fitim, yurtta\u015flar\u0131n en temel hakk\u0131d\u0131r ve bu hakk\u0131 savunmak hepimizin ortak g\u00f6revidir.&#8221;<\/div>\n<\/div>\n","protected":false},"excerpt":{"rendered":"<p>E\u011fitim \u0130\u015f, 2025-2026 e\u011fitim-\u00f6\u011fretim y\u0131l\u0131 ba\u015flamadan \u00f6nce yapt\u0131\u011f\u0131 ara\u015ft\u0131rmada, T\u00fcrkiye\u2019de e\u011fitimin art\u0131k paras\u0131z de\u011fil, aileler i\u00e7in a\u011f\u0131r bir ekonomik y\u00fck haline geldi\u011fini belirledi.\u00a0Ara\u015ft\u0131rma, Ankara \u00f6l\u00e7e\u011finde yap\u0131lan piyasa verilerine dayanarak yaln\u0131zca bir \u00f6\u011frenci i\u00e7in ba\u015flang\u0131\u00e7, ayl\u0131k ve g\u00fcnl\u00fck maliyetleri ortaya koydu. OKUL MASRAFLARINDA EK Y\u00dcKLER ARTIYOR! Belirlenen rakamlar \u015f\u00f6yle; K\u0131rtasiye ve \u00e7anta masraflar\u0131 2025 y\u0131l\u0131 itibar\u0131yla [&hellip;]<\/p>\n","protected":false},"author":2,"featured_media":106457,"comment_status":"open","ping_status":"open","sticky":false,"template":"","format":"standard","meta":{"footnotes":""},"categories":[4,1,8],"tags":[132,129,126],"class_list":["post-106456","post","type-post","status-publish","format-standard","has-post-thumbnail","hentry","category-ekonomi","category-gundem","category-mersin","tag-egitim","tag-ekonomi","tag-mersin"],"views":719,"_links":{"self":[{"href":"https:\/\/mersingazetesi.com\/index.php\/wp-json\/wp\/v2\/posts\/106456","targetHints":{"allow":["GET"]}}],"collection":[{"href":"https:\/\/mersingazetesi.com\/index.php\/wp-json\/wp\/v2\/posts"}],"about":[{"href":"https:\/\/mersingazetesi.com\/index.php\/wp-json\/wp\/v2\/types\/post"}],"author":[{"embeddable":true,"href":"https:\/\/mersingazetesi.com\/index.php\/wp-json\/wp\/v2\/users\/2"}],"replies":[{"embeddable":true,"href":"https:\/\/mersingazetesi.com\/index.php\/wp-json\/wp\/v2\/comments?post=106456"}],"version-history":[{"count":0,"href":"https:\/\/mersingazetesi.com\/index.php\/wp-json\/wp\/v2\/posts\/106456\/revisions"}],"wp:featuredmedia":[{"embeddable":true,"href":"https:\/\/mersingazetesi.com\/index.php\/wp-json\/wp\/v2\/media\/106457"}],"wp:attachment":[{"href":"https:\/\/mersingazetesi.com\/index.php\/wp-json\/wp\/v2\/media?parent=106456"}],"wp:term":[{"taxonomy":"category","embeddable":true,"href":"https:\/\/mersingazetesi.com\/index.php\/wp-json\/wp\/v2\/categories?post=106456"},{"taxonomy":"post_tag","embeddable":true,"href":"https:\/\/mersingazetesi.com\/index.php\/wp-json\/wp\/v2\/tags?post=106456"}],"curies":[{"name":"wp","href":"https:\/\/api.w.org\/{rel}","templated":true}]}}