{"id":106448,"date":"2025-09-02T10:17:58","date_gmt":"2025-09-02T07:17:58","guid":{"rendered":"https:\/\/mersingazetesi.com\/?p=106448"},"modified":"2025-09-02T10:17:58","modified_gmt":"2025-09-02T07:17:58","slug":"her-turlu-destege-haziriz","status":"publish","type":"post","link":"https:\/\/mersingazetesi.com\/index.php\/2025\/09\/02\/her-turlu-destege-haziriz\/","title":{"rendered":"&#8216;HER T\u00dcRL\u00dc DESTE\u011eE HAZIRIZ&#8217;"},"content":{"rendered":"<div dir=\"auto\">Ukrayna Bakliyat ve Soya Birli\u011fi Ba\u015fkan\u0131 Antonina Sklyarenko, Ba\u015fkan Yard\u0131mc\u0131s\u0131 Alla Agbash ile birlikte Mersin Ticaret ve Sanayi Odas\u0131\u2019n\u0131 (MTSO) ziyaret etti. Y\u00f6netim Kurulu Ba\u015fkan Yard\u0131mc\u0131s\u0131 Cem Bucuge\u2019nin misafir etti\u011fi g\u00f6r\u00fc\u015fmede Ukrayna temsilcileri 5 \u2013 7 Kas\u0131m g\u00fcnleri aras\u0131nda Mersin\u2019de d\u00fczenlenmeyi planlad\u0131klar\u0131 Tar\u0131m G\u0131da Zirvesi 2025\u2019in detaylar\u0131 hakk\u0131nda bilgi payla\u015f\u0131ld\u0131. Myanmar\u2019dan K\u00f6rfez \u00fclkelerine kadar \u00e7ok say\u0131da \u00fclkeden 500\u2019e yak\u0131n uluslararas\u0131 kat\u0131l\u0131mc\u0131 beklediklerini anlatan Sklyarenko, etkinlik kapsam\u0131nda konferanslar, B2B g\u00f6r\u00fc\u015fmeleri ger\u00e7ekle\u015fece\u011fini bildirdi.<\/div>\n<div dir=\"auto\"><\/div>\n<div dir=\"auto\">Bakliyat\u0131n ba\u015fkenti Mersin\u2019in b\u00f6yle bir organizasyona ev sahipli\u011fi yap\u0131lmas\u0131ndan memnuniyet duyaca\u011f\u0131n\u0131 ifade eden Ba\u015fkan Yard\u0131mc\u0131s\u0131 Bucuge, Mersin\u2019in b\u00f6ylesi bir organizasyon i\u00e7in do\u011fru lokasyon oldu\u011funu belirtip her t\u00fcrl\u00fc deste\u011fi vermeye haz\u0131r olduklar\u0131n\u0131 s\u00f6yledi<\/div>\n<div dir=\"auto\"><\/div>\n","protected":false},"excerpt":{"rendered":"<p>Ukrayna Bakliyat ve Soya Birli\u011fi Ba\u015fkan\u0131 Antonina Sklyarenko, Ba\u015fkan Yard\u0131mc\u0131s\u0131 Alla Agbash ile birlikte Mersin Ticaret ve Sanayi Odas\u0131\u2019n\u0131 (MTSO) ziyaret etti. Y\u00f6netim Kurulu Ba\u015fkan Yard\u0131mc\u0131s\u0131 Cem Bucuge\u2019nin misafir etti\u011fi g\u00f6r\u00fc\u015fmede Ukrayna temsilcileri 5 \u2013 7 Kas\u0131m g\u00fcnleri aras\u0131nda Mersin\u2019de d\u00fczenlenmeyi planlad\u0131klar\u0131 Tar\u0131m G\u0131da Zirvesi 2025\u2019in detaylar\u0131 hakk\u0131nda bilgi payla\u015f\u0131ld\u0131. Myanmar\u2019dan K\u00f6rfez \u00fclkelerine kadar \u00e7ok [&hellip;]<\/p>\n","protected":false},"author":2,"featured_media":106449,"comment_status":"open","ping_status":"open","sticky":false,"template":"","format":"standard","meta":{"footnotes":""},"categories":[3,4],"tags":[130,129],"class_list":["post-106448","post","type-post","status-publish","format-standard","has-post-thumbnail","hentry","category-dunya","category-ekonomi","tag-dunya","tag-ekonomi"],"views":576,"_links":{"self":[{"href":"https:\/\/mersingazetesi.com\/index.php\/wp-json\/wp\/v2\/posts\/106448","targetHints":{"allow":["GET"]}}],"collection":[{"href":"https:\/\/mersingazetesi.com\/index.php\/wp-json\/wp\/v2\/posts"}],"about":[{"href":"https:\/\/mersingazetesi.com\/index.php\/wp-json\/wp\/v2\/types\/post"}],"author":[{"embeddable":true,"href":"https:\/\/mersingazetesi.com\/index.php\/wp-json\/wp\/v2\/users\/2"}],"replies":[{"embeddable":true,"href":"https:\/\/mersingazetesi.com\/index.php\/wp-json\/wp\/v2\/comments?post=106448"}],"version-history":[{"count":0,"href":"https:\/\/mersingazetesi.com\/index.php\/wp-json\/wp\/v2\/posts\/106448\/revisions"}],"wp:featuredmedia":[{"embeddable":true,"href":"https:\/\/mersingazetesi.com\/index.php\/wp-json\/wp\/v2\/media\/106449"}],"wp:attachment":[{"href":"https:\/\/mersingazetesi.com\/index.php\/wp-json\/wp\/v2\/media?parent=106448"}],"wp:term":[{"taxonomy":"category","embeddable":true,"href":"https:\/\/mersingazetesi.com\/index.php\/wp-json\/wp\/v2\/categories?post=106448"},{"taxonomy":"post_tag","embeddable":true,"href":"https:\/\/mersingazetesi.com\/index.php\/wp-json\/wp\/v2\/tags?post=106448"}],"curies":[{"name":"wp","href":"https:\/\/api.w.org\/{rel}","templated":true}]}}