{"id":106445,"date":"2025-09-02T10:16:54","date_gmt":"2025-09-02T07:16:54","guid":{"rendered":"https:\/\/mersingazetesi.com\/?p=106445"},"modified":"2025-09-02T10:16:54","modified_gmt":"2025-09-02T07:16:54","slug":"prof-dr-erkan-aktas-mersinin-en-buyuk-riski-plansiz-buyume","status":"publish","type":"post","link":"https:\/\/mersingazetesi.com\/index.php\/2025\/09\/02\/prof-dr-erkan-aktas-mersinin-en-buyuk-riski-plansiz-buyume\/","title":{"rendered":"Prof. Dr. Erkan Akta\u015f: \u201cMersin\u2019in en b\u00fcy\u00fck riski plans\u0131z b\u00fcy\u00fcme\u201d"},"content":{"rendered":"<p>Mersin \u00dcniversitesi \u00d6\u011fretim \u00dcyesi Prof. Dr. Erkan Akta\u015f, kentin ekonomik yap\u0131s\u0131 ve geli\u015fim s\u00fcrecine ili\u015fkin de\u011ferlendirmelerde bulundu. Akta\u015f, Mersin\u2019in lojistik, d\u0131\u015f ticaret, tar\u0131m, orman ve su \u00fcr\u00fcnleri, in\u015faat, turizm ve enerji gibi bir\u00e7ok alanda \u00f6ne \u00e7\u0131kt\u0131\u011f\u0131n\u0131 belirterek, \u201cSanayi sekt\u00f6r\u00fc iddial\u0131 olmasa da son y\u0131llarda belirli bir ivme yakalam\u0131\u015ft\u0131r\u201d dedi.<\/p>\n<p>Kentin \u00e7ok kimlikli ekonomik yap\u0131s\u0131na dikkat \u00e7eken Akta\u015f, \u201cSekt\u00f6rler do\u011fal olarak kendi ekseninde bak\u0131yor. Bu bak\u0131\u015f hakl\u0131 yanlar ta\u015f\u0131sa da yetersiz kal\u0131yor. Mersin\u2019in geli\u015fiminde \u00e7ok y\u00f6nl\u00fc bak\u0131\u015f zorunludur\u201d ifadelerini kulland\u0131.<\/p>\n<p><b>\u0130n\u015faat sekt\u00f6r\u00fc sessiz ama etkili<\/b><\/p>\n<p>Son d\u00f6nemde kamuoyunda daha \u00e7ok lojistik, d\u0131\u015f ticaret ve tar\u0131m\u0131n konu\u015fuldu\u011funu hat\u0131rlatan Akta\u015f, buna kar\u015f\u0131l\u0131k in\u015faat sekt\u00f6r\u00fcn\u00fcn sessiz ama etkili bi\u00e7imde kentin b\u00fcy\u00fcme dinamiklerini y\u00f6nlendirmeye devam etti\u011fini s\u00f6yledi. \u00d6zellikle Tece\u2013Erdemli hatt\u0131nda h\u0131zla artan yeni yap\u0131 stokunun n\u00fcfus art\u0131\u015f\u0131n\u0131 beraberinde getirdi\u011fini, buna kar\u015f\u0131n altyap\u0131 sorunlar\u0131n\u0131 derinle\u015ftirdi\u011fini vurgulad\u0131.<\/p>\n<p><b>\u201cPlans\u0131z b\u00fcy\u00fcme kenti krizlere s\u00fcr\u00fckler\u201d<\/b><\/p>\n<p>Mersin\u2019in en b\u00fcy\u00fck riskinin plans\u0131z b\u00fcy\u00fcme oldu\u011funun alt\u0131n\u0131 \u00e7izen Prof. Dr. Akta\u015f, \u201c\u015eehir i\u00e7i ve \u015fehir d\u0131\u015f\u0131 ula\u015f\u0131mda ciddi eksiklikler vard\u0131r; trafik yo\u011funlu\u011fu ve toplu ta\u015f\u0131ma yetersizli\u011fi kronikle\u015fmektedir. Elektrik altyap\u0131s\u0131 artan n\u00fcfus ve sanayi talebini kar\u015f\u0131lamakta zorlan\u0131yor, su y\u00f6netimi hem i\u00e7me suyu hem de tar\u0131msal sulama a\u00e7\u0131s\u0131ndan kritik bir sorun haline geliyor. Bu altyap\u0131 sorunlar\u0131 \u00e7\u00f6z\u00fclmeden s\u00fcrd\u00fcr\u00fclen h\u0131zl\u0131 yap\u0131la\u015fma, gelecekte kenti \u00e7ok daha b\u00fcy\u00fck krizlere s\u00fcr\u00fckleyecektir\u201d diye konu\u015ftu.<\/p>\n<p><b>Akademik destek vurgusu<\/b><\/p>\n<p>Mersin\u2019in gelece\u011fine dair politika \u00fcretiminde kurumsal haf\u0131za, ortak ak\u0131l ve akademik dan\u0131\u015fmanl\u0131\u011f\u0131n \u00f6nemine i\u015faret eden Akta\u015f, \u201cKurumlar ad\u0131na yap\u0131lan a\u00e7\u0131klamalar\u0131n mutlaka uzman akademisyenlerin katk\u0131s\u0131yla haz\u0131rlanmas\u0131 gerekir. Aksi halde, bilimsel bir s\u00fcre\u00e7ten ge\u00e7memi\u015f beyanlar olarak kal\u0131r ve y\u00f6neticiler de\u011fi\u015ftik\u00e7e g\u00f6r\u00fc\u015fler de de\u011fi\u015fir. Kurumsal bak\u0131\u015f, akademik destekle g\u00fc\u00e7lendirilmelidir\u201d dedi.<\/p>\n<p><b>\u201cYe\u015fil d\u00f6n\u00fc\u015f\u00fcm ka\u00e7\u0131n\u0131lmaz\u201d<\/b><\/p>\n<p>Mersin\u2019in \u00e7ok kimlikli ekonomik yap\u0131s\u0131n\u0131n ye\u015fil d\u00f6n\u00fc\u015f\u00fcm ve \u00e7evre hassasiyeti \u00e7er\u00e7evesinde b\u00fct\u00fcnle\u015ftirilmesi gerekti\u011fini dile getiren Akta\u015f, \u201cUla\u015f\u0131m, enerji, tar\u0131m ve sanayi politikalar\u0131n\u0131n \u00e7evreyi g\u00f6zeten, iklim de\u011fi\u015fikli\u011fine uyum sa\u011flayan bir yakla\u015f\u0131mla kurgulanmas\u0131, kentin s\u00fcrd\u00fcr\u00fclebilir gelece\u011fi i\u00e7in ka\u00e7\u0131n\u0131lmazd\u0131r\u201d ifadelerini kulland\u0131.<\/p>\n<p>&nbsp;<\/p>\n","protected":false},"excerpt":{"rendered":"<p>Mersin \u00dcniversitesi \u00d6\u011fretim \u00dcyesi Prof. Dr. Erkan Akta\u015f, kentin ekonomik yap\u0131s\u0131 ve geli\u015fim s\u00fcrecine ili\u015fkin de\u011ferlendirmelerde bulundu. Akta\u015f, Mersin\u2019in lojistik, d\u0131\u015f ticaret, tar\u0131m, orman ve su \u00fcr\u00fcnleri, in\u015faat, turizm ve enerji gibi bir\u00e7ok alanda \u00f6ne \u00e7\u0131kt\u0131\u011f\u0131n\u0131 belirterek, \u201cSanayi sekt\u00f6r\u00fc iddial\u0131 olmasa da son y\u0131llarda belirli bir ivme yakalam\u0131\u015ft\u0131r\u201d dedi. Kentin \u00e7ok kimlikli ekonomik yap\u0131s\u0131na dikkat [&hellip;]<\/p>\n","protected":false},"author":2,"featured_media":106446,"comment_status":"open","ping_status":"open","sticky":false,"template":"","format":"standard","meta":{"footnotes":""},"categories":[8],"tags":[129,126],"class_list":["post-106445","post","type-post","status-publish","format-standard","has-post-thumbnail","hentry","category-mersin","tag-ekonomi","tag-mersin"],"views":399,"_links":{"self":[{"href":"https:\/\/mersingazetesi.com\/index.php\/wp-json\/wp\/v2\/posts\/106445","targetHints":{"allow":["GET"]}}],"collection":[{"href":"https:\/\/mersingazetesi.com\/index.php\/wp-json\/wp\/v2\/posts"}],"about":[{"href":"https:\/\/mersingazetesi.com\/index.php\/wp-json\/wp\/v2\/types\/post"}],"author":[{"embeddable":true,"href":"https:\/\/mersingazetesi.com\/index.php\/wp-json\/wp\/v2\/users\/2"}],"replies":[{"embeddable":true,"href":"https:\/\/mersingazetesi.com\/index.php\/wp-json\/wp\/v2\/comments?post=106445"}],"version-history":[{"count":0,"href":"https:\/\/mersingazetesi.com\/index.php\/wp-json\/wp\/v2\/posts\/106445\/revisions"}],"wp:featuredmedia":[{"embeddable":true,"href":"https:\/\/mersingazetesi.com\/index.php\/wp-json\/wp\/v2\/media\/106446"}],"wp:attachment":[{"href":"https:\/\/mersingazetesi.com\/index.php\/wp-json\/wp\/v2\/media?parent=106445"}],"wp:term":[{"taxonomy":"category","embeddable":true,"href":"https:\/\/mersingazetesi.com\/index.php\/wp-json\/wp\/v2\/categories?post=106445"},{"taxonomy":"post_tag","embeddable":true,"href":"https:\/\/mersingazetesi.com\/index.php\/wp-json\/wp\/v2\/tags?post=106445"}],"curies":[{"name":"wp","href":"https:\/\/api.w.org\/{rel}","templated":true}]}}