{"id":106427,"date":"2025-09-02T09:23:19","date_gmt":"2025-09-02T06:23:19","guid":{"rendered":"https:\/\/mersingazetesi.com\/?p=106427"},"modified":"2025-09-02T09:23:19","modified_gmt":"2025-09-02T06:23:19","slug":"mersinde-taksici-olmak-zorlasti-ozel-roportaj","status":"publish","type":"post","link":"https:\/\/mersingazetesi.com\/index.php\/2025\/09\/02\/mersinde-taksici-olmak-zorlasti-ozel-roportaj\/","title":{"rendered":"MERS\u0130N\u2019DE TAKS\u0130C\u0130 OLMAK ZORLA\u015eTI! (\u00d6ZEL R\u00d6PORTAJ)"},"content":{"rendered":"<div>\n<div>\n<div dir=\"ltr\">Bug\u00fcn Mersin sokaklar\u0131nda direksiyon ba\u015f\u0131ndaki s\u00fcr\u00fcc\u00fc kahramanlarla, yani taksicilerle birlikteyiz.<br \/>\nOnlara soraca\u011f\u0131z:<br \/>\n<b>\u201cMersin\u2019de taksici olmak nas\u0131l bir \u015fey? Ge\u00e7im zor mu, m\u00fc\u015fteriyle aran\u0131z nas\u0131l, neler ya\u015f\u0131yorsunuz?\u201d<\/b><br \/>\nHadi bakal\u0131m, direksiyonun arkas\u0131ndaki ger\u00e7ekleri hep birlikte dinleyelim.<\/div>\n<div dir=\"ltr\"><b>Taksici 1 &#8211; 52 ya\u015f\u0131nda, 25 y\u0131ll\u0131k \u015fof\u00f6r<\/b><\/div>\n<div dir=\"ltr\">\u2014 Mersin eskiden daha sakindi, m\u00fc\u015fteri \u00e7oktu ama bu son birka\u00e7 y\u0131ld\u0131r i\u015fler zorla\u015ft\u0131.<br \/>\n\u2014 En \u00e7ok ne zor geliyor size?<br \/>\n\u2014 Mazot olmu\u015f bilmem ka\u00e7 lira, par\u00e7a, bak\u0131m, vergi..! G\u00fcn\u00fcn sonunda evimize kalan para \u00e7ok az. Siftahs\u0131z g\u00fcn\u00fcm\u00fcz oluyor.<\/div>\n<div dir=\"ltr\"><\/div>\n<div dir=\"ltr\"><b>Taksici 2 &#8211; 38 ya\u015f\u0131nda, 4 y\u0131ld\u0131r kad\u0131n taksici<\/b><\/div>\n<div dir=\"ltr\">\u2014 Kad\u0131n taksici olmak kolay de\u011fil. Hem sayg\u0131 g\u00f6remiyoruz bazen, hem de gece \u00e7al\u0131\u015fmak riskli.<br \/>\n\u2014 Peki kad\u0131n m\u00fc\u015fteriler daha rahat hissediyor mu sizi g\u00f6r\u00fcnce?<br \/>\n\u2014 \u00c7ok! \u00d6zellikle gen\u00e7 k\u0131zlar \u201c\u00e7ok sevindik sizi g\u00f6r\u00fcnce\u201d diyor. Bu da g\u00fczel bir duygu ama ke\u015fke herkes g\u00fcvende olsa da bu kadar \u015fa\u015f\u0131rmasalar.<\/div>\n<div dir=\"ltr\"><\/div>\n<div dir=\"ltr\"><b>Taksici 3 &#8211; 45 ya\u015f\u0131nda, esprili bir s\u00fcr\u00fcc\u00fc\u00a0<\/b><\/div>\n<div dir=\"ltr\">\u2014 Yahu biz art\u0131k psikolog olduk! M\u00fc\u015fteri arabaya biniyor, ba\u015fl\u0131yor derdini anlatmaya.<br \/>\n\u2014 Siz de dinliyorsunuz tabii&#8230;<br \/>\n\u2014 Mecburuz, dinlemezsen \u201cBu so\u011fuk adam\u201d der. Ama bazen g\u00fczel oluyor, insan\u0131n i\u00e7i a\u00e7\u0131l\u0131yor. G\u00fcl\u00fcyoruz, a\u011fl\u0131yoruz\u2026 Direksiyon ba\u015f\u0131nda hayat ge\u00e7iyor.<\/div>\n<div dir=\"ltr\"><\/div>\n<div dir=\"ltr\"><b>Taksici 4 &#8211; 29 ya\u015f\u0131nda, i\u015fe yeni ba\u015flam\u0131\u015f<\/b><\/div>\n<div dir=\"ltr\">\u2014 Abi para yok gibi. Hele Uber, korsan falan y\u00fcz\u00fcnden i\u015fler iyice b\u00f6l\u00fcnd\u00fc.<br \/>\n\u2014 Gelecekte bu i\u015fi yapmaya devam eder misin?<br \/>\n\u2014 Sanmam. Sigorta yok, g\u00fcvence yok. Kendine ait araban yoksa her g\u00fcn kira, her g\u00fcn stres.<\/div>\n<div dir=\"ltr\">Bug\u00fcn Mersinli taksicilerle konu\u015ftuk. Kimi y\u0131llard\u0131r bu i\u015fin i\u00e7inde, kimi yeni ba\u015flam\u0131\u015f\u2026<br \/>\nOrtak noktalar\u0131 neydi biliyor musunuz?<br \/>\n<b>Ge\u00e7im s\u0131k\u0131nt\u0131s\u0131, g\u00fcvenlik kayg\u0131s\u0131 ve takdir g\u00f6rme ihtiyac\u0131.<\/b><\/div>\n<\/div>\n<\/div>\n<div>\n<div><\/div>\n<div>Onlar sadece bir yerden bir yere g\u00f6t\u00fcren de\u011fil; bazen bir dert orta\u011f\u0131, bazen bir dost, bazen bir rehber&#8230;<\/div>\n<\/div>\n","protected":false},"excerpt":{"rendered":"<p>Bug\u00fcn Mersin sokaklar\u0131nda direksiyon ba\u015f\u0131ndaki s\u00fcr\u00fcc\u00fc kahramanlarla, yani taksicilerle birlikteyiz. Onlara soraca\u011f\u0131z: \u201cMersin\u2019de taksici olmak nas\u0131l bir \u015fey? Ge\u00e7im zor mu, m\u00fc\u015fteriyle aran\u0131z nas\u0131l, neler ya\u015f\u0131yorsunuz?\u201d Hadi bakal\u0131m, direksiyonun arkas\u0131ndaki ger\u00e7ekleri hep birlikte dinleyelim. Taksici 1 &#8211; 52 ya\u015f\u0131nda, 25 y\u0131ll\u0131k \u015fof\u00f6r \u2014 Mersin eskiden daha sakindi, m\u00fc\u015fteri \u00e7oktu ama bu son birka\u00e7 y\u0131ld\u0131r i\u015fler [&hellip;]<\/p>\n","protected":false},"author":2,"featured_media":106428,"comment_status":"open","ping_status":"open","sticky":false,"template":"","format":"standard","meta":{"footnotes":""},"categories":[4,8],"tags":[],"class_list":["post-106427","post","type-post","status-publish","format-standard","has-post-thumbnail","hentry","category-ekonomi","category-mersin"],"views":523,"_links":{"self":[{"href":"https:\/\/mersingazetesi.com\/index.php\/wp-json\/wp\/v2\/posts\/106427","targetHints":{"allow":["GET"]}}],"collection":[{"href":"https:\/\/mersingazetesi.com\/index.php\/wp-json\/wp\/v2\/posts"}],"about":[{"href":"https:\/\/mersingazetesi.com\/index.php\/wp-json\/wp\/v2\/types\/post"}],"author":[{"embeddable":true,"href":"https:\/\/mersingazetesi.com\/index.php\/wp-json\/wp\/v2\/users\/2"}],"replies":[{"embeddable":true,"href":"https:\/\/mersingazetesi.com\/index.php\/wp-json\/wp\/v2\/comments?post=106427"}],"version-history":[{"count":0,"href":"https:\/\/mersingazetesi.com\/index.php\/wp-json\/wp\/v2\/posts\/106427\/revisions"}],"wp:featuredmedia":[{"embeddable":true,"href":"https:\/\/mersingazetesi.com\/index.php\/wp-json\/wp\/v2\/media\/106428"}],"wp:attachment":[{"href":"https:\/\/mersingazetesi.com\/index.php\/wp-json\/wp\/v2\/media?parent=106427"}],"wp:term":[{"taxonomy":"category","embeddable":true,"href":"https:\/\/mersingazetesi.com\/index.php\/wp-json\/wp\/v2\/categories?post=106427"},{"taxonomy":"post_tag","embeddable":true,"href":"https:\/\/mersingazetesi.com\/index.php\/wp-json\/wp\/v2\/tags?post=106427"}],"curies":[{"name":"wp","href":"https:\/\/api.w.org\/{rel}","templated":true}]}}