{"id":106338,"date":"2025-09-01T14:31:32","date_gmt":"2025-09-01T11:31:32","guid":{"rendered":"https:\/\/mersingazetesi.com\/?p=106338"},"modified":"2025-09-01T14:31:32","modified_gmt":"2025-09-01T11:31:32","slug":"mersinin-asil-sorunu-barinma-degil-ulasim","status":"publish","type":"post","link":"https:\/\/mersingazetesi.com\/index.php\/2025\/09\/01\/mersinin-asil-sorunu-barinma-degil-ulasim\/","title":{"rendered":"MERS\u0130N\u2019\u0130N ASIL SORUNU   BARINMA DE\u011e\u0130L ULA\u015eIM!"},"content":{"rendered":"<p>Ekonomik veriler \u00fczerine de\u011ferlendirmelerde bulunan Prof. Dr. Mehmet \u0130smail Ya\u011fc\u0131, Mersin\u2019de sanayi ve imalat sekt\u00f6rlerinde kayda de\u011fer bir b\u00fcy\u00fcme olmad\u0131\u011f\u0131n\u0131, kentin ekonomisinin b\u00fcy\u00fck \u00f6l\u00e7\u00fcde in\u015faat faaliyetleriyle d\u00f6nd\u00fc\u011f\u00fcn\u00fc s\u00f6yledi.<\/p>\n<p>Mersin \u00f6zelinde ekonomik verileri yak\u0131ndan takip etti\u011fini belirten Prof. Dr. Ya\u011fc\u0131, \u015fu de\u011ferlendirmelerde bulundu:<\/p>\n<p>\u201cEkonomik verileri do\u011fru okumak laz\u0131m. Mersin\u2019de b\u00fcy\u00fcyen bir sanayi-imalat g\u00f6remiyorum. Hem kamu hem de \u00f6zel sekt\u00f6r yat\u0131r\u0131mlar\u0131ndan olu\u015fan in\u015faat faaliyetleri sayesinde d\u00f6nen bir ekonomi var. 2023 y\u0131l\u0131nda T\u00fcrkiye ortalamas\u0131n\u0131n alt\u0131nda bir ekonomik b\u00fcy\u00fcme ger\u00e7ekle\u015fti. E\u011fer sanayi ve imalat sekt\u00f6r\u00fcnde b\u00fcy\u00fcme varsa, bu hangi g\u00f6stergelere yans\u0131yor? Sahada farkl\u0131 bir ger\u00e7eklik mi var, bizim bilmedi\u011fimiz? Bunu samimiyetle soruyorum.\u201d<\/p>\n<p>TECE-ERDEML\u0130 HATTINDA B\u0130NLERCE YEN\u0130 KONUT \u0130N\u015eAATI VAR!<\/p>\n<p>Mersin\u2019in konut stoku ve n\u00fcfus yo\u011funlu\u011fu ile ilgili tart\u0131\u015fmalara da de\u011finen Ya\u011fc\u0131, Tece-Erdemli hatt\u0131nda binlerce yeni konut in\u015faat\u0131 bulundu\u011funu hat\u0131rlatarak, \u201cMersin\u2019in daha fazla n\u00fcfus bar\u0131nd\u0131rmas\u0131 m\u0131 hedefleniyor? Esas sorun bar\u0131nma de\u011fil, ula\u015f\u0131m. \u00d6n\u00fcm\u00fczdeki y\u0131llarda ula\u015f\u0131m sorununun daha da a\u011f\u0131rla\u015faca\u011f\u0131n\u0131 \u00f6ng\u00f6r\u00fcyorum\u201d dedi.<\/p>\n<p>Prof. Dr.\u00a0Ya\u011fc\u0131\u2019n\u0131n de\u011ferlendirmeleri, Mersin\u2019in kentle\u015fme ve ekonomik b\u00fcy\u00fcme modeli \u00fczerine yeni bir tart\u0131\u015fmay\u0131 g\u00fcndeme ta\u015f\u0131d\u0131.<\/p>\n<p>MERS\u0130N KONUT VE \u0130\u015eYER\u0130 MEZARLI\u011eINA \u00c7EVR\u0130L\u0130YOR!<\/p>\n<p>Mersin\u2019de in\u015faat sekt\u00f6r\u00fcn\u00fcn \u015fehir \u00fczerindeki etkilerine de dikkat \u00e7eken vatanda\u015f ise;<\/p>\n<p>\u201c\u0130n\u015faat 50\u2019ye yak\u0131n sekt\u00f6r\u00fc ilgilendiriyor ama Mersin\u2019i konut ve i\u015fyeri mezarl\u0131\u011f\u0131na \u00e7eviriyoruz. Yeni caddeler, bulvarlar a\u00e7\u0131l\u0131yor; bu da \u015fehrin ticaret merkezlerinin devaml\u0131 de\u011fi\u015fmesine yol a\u00e7\u0131yor. \u015eehrin ihtiyac\u0131ndan fazla i\u015fletmeler a\u00e7\u0131l\u0131yor ve \u00e7o\u011fu masraflar\u0131n\u0131 kar\u015f\u0131layam\u0131yor. Burada kazan\u00e7l\u0131 \u00e7\u0131kan tek kesim, kiras\u0131n\u0131 pe\u015fin alan m\u00fclk sahipleri oluyor.\u201d diye konu\u015ftu.<\/p>\n","protected":false},"excerpt":{"rendered":"<p>Prof. Dr. Mehmet \u0130smail Ya\u011fc\u0131: &#8220;Mersin\u2019de Sanayi ve \u0130malat B\u00fcy\u00fcm\u00fcyor, Ekonomi \u0130n\u015faata Dayal\u0131.&#8221;<\/p>\n","protected":false},"author":2,"featured_media":106339,"comment_status":"open","ping_status":"open","sticky":false,"template":"","format":"standard","meta":{"footnotes":""},"categories":[1,8],"tags":[129,126],"class_list":["post-106338","post","type-post","status-publish","format-standard","has-post-thumbnail","hentry","category-gundem","category-mersin","tag-ekonomi","tag-mersin"],"views":445,"_links":{"self":[{"href":"https:\/\/mersingazetesi.com\/index.php\/wp-json\/wp\/v2\/posts\/106338","targetHints":{"allow":["GET"]}}],"collection":[{"href":"https:\/\/mersingazetesi.com\/index.php\/wp-json\/wp\/v2\/posts"}],"about":[{"href":"https:\/\/mersingazetesi.com\/index.php\/wp-json\/wp\/v2\/types\/post"}],"author":[{"embeddable":true,"href":"https:\/\/mersingazetesi.com\/index.php\/wp-json\/wp\/v2\/users\/2"}],"replies":[{"embeddable":true,"href":"https:\/\/mersingazetesi.com\/index.php\/wp-json\/wp\/v2\/comments?post=106338"}],"version-history":[{"count":0,"href":"https:\/\/mersingazetesi.com\/index.php\/wp-json\/wp\/v2\/posts\/106338\/revisions"}],"wp:featuredmedia":[{"embeddable":true,"href":"https:\/\/mersingazetesi.com\/index.php\/wp-json\/wp\/v2\/media\/106339"}],"wp:attachment":[{"href":"https:\/\/mersingazetesi.com\/index.php\/wp-json\/wp\/v2\/media?parent=106338"}],"wp:term":[{"taxonomy":"category","embeddable":true,"href":"https:\/\/mersingazetesi.com\/index.php\/wp-json\/wp\/v2\/categories?post=106338"},{"taxonomy":"post_tag","embeddable":true,"href":"https:\/\/mersingazetesi.com\/index.php\/wp-json\/wp\/v2\/tags?post=106338"}],"curies":[{"name":"wp","href":"https:\/\/api.w.org\/{rel}","templated":true}]}}