{"id":106325,"date":"2025-09-01T12:50:37","date_gmt":"2025-09-01T09:50:37","guid":{"rendered":"https:\/\/mersingazetesi.com\/?p=106325"},"modified":"2025-09-01T12:51:06","modified_gmt":"2025-09-01T09:51:06","slug":"bu-uygulamayi-mersin-de-bekliyor","status":"publish","type":"post","link":"https:\/\/mersingazetesi.com\/index.php\/2025\/09\/01\/bu-uygulamayi-mersin-de-bekliyor\/","title":{"rendered":"BU UYGULAMAYI MERS\u0130N DE BEKL\u0130YOR!"},"content":{"rendered":"<div>\u0130stanbul Valili\u011fi, motosikletler i\u00e7in yeni bir genelge yay\u0131mlad\u0131. Genelgede, \u201cKald\u0131r\u0131m, yaya yolu ve meydanlarda motosiklet park edilmesine izin verilmemesi, trafi\u011fe kapal\u0131 alanlara motosikletle giri\u015f yap\u0131lmas\u0131na kesinlikle m\u00fcsaade edilmemesi\u201d gerekti\u011fi vurguland\u0131. Mersinliler benzer uygulamay\u0131 Mersin&#8217;nde\u00a0de bekliyor!<\/div>\n<div><\/div>\n<div><\/div>\n<div><\/div>\n<div><\/div>\n<div>\u0130stanbul Valili\u011fi, kent genelinde motosiklet park alanlar\u0131 ile ilgili yeni bir d\u00fczenleme yay\u0131mlad\u0131. Genelgede, \u201cG\u00fcn\u00fcm\u00fczde motosiklet\/motorlu bisikletlerin, ula\u015f\u0131m\u0131 kolayla\u015ft\u0131rmas\u0131 ve maliyet avantaj\u0131 sa\u011flamas\u0131 nedeniyle hem bireysel kullan\u0131mda hem de ticari i\u015fletmelerce tercih edildi\u011fi, bu t\u00fcr ara\u00e7lar\u0131n trafikte daha fazla yer almas\u0131yla birlikte uygun \u015fekilde park alanlar\u0131n\u0131n belirlenmesine ihtiya\u00e7 duyulmu\u015ftur\u201d denildi.<\/div>\n<div><\/div>\n<div>Genelgede, 2918 say\u0131l\u0131 Karayollar\u0131 Trafik Kanunu\u2019nun 61. maddesine at\u0131f yap\u0131larak park yasa\u011f\u0131n\u0131n bulundu\u011fu yerler hat\u0131rlat\u0131ld\u0131. Buna g\u00f6re:Duraklaman\u0131n yasakland\u0131\u011f\u0131 b\u00f6lgelerde,Ge\u00e7i\u015f yollar\u0131 \u00f6n\u00fcnde ve \u00fczerinde,Yang\u0131n musluklar\u0131na 5 metre mesafe i\u00e7inde,Toplu ta\u015f\u0131ma duraklar\u0131na 15 metre mesafe i\u00e7inde,Alt ve \u00fcst ge\u00e7itler ile k\u00f6pr\u00fcler \u00fczerinde ve 10 metre mesafe i\u00e7inde, Engelli park yerlerinde, Yaya yollar\u0131nda, motosiklet ve di\u011fer ara\u00e7lar\u0131n park etmesi kesinlikle yasak olacak.<\/div>\n<div><\/div>\n<div>Mersinli vatanda\u015f da bu uygulaman\u0131n Mersin&#8217;de olmas\u0131n\u0131 bekliyor. Mersin Valili\u011fi&#8217;ne seslenen vatanda\u015f\u00a0trafi\u011fe kapal\u0131 alanlara motosikletle giri\u015f yap\u0131lmas\u0131na kesinlikle m\u00fcsaade edilmemesini istiyor.<\/div>\n","protected":false},"excerpt":{"rendered":"<p>\u0130stanbul Valili\u011fi, motosikletler i\u00e7in yeni bir genelge yay\u0131mlad\u0131. Genelgede, \u201cKald\u0131r\u0131m, yaya yolu ve meydanlarda motosiklet park edilmesine izin verilmemesi, trafi\u011fe kapal\u0131 alanlara motosikletle giri\u015f yap\u0131lmas\u0131na kesinlikle m\u00fcsaade edilmemesi\u201d gerekti\u011fi vurguland\u0131. Mersinliler benzer uygulamay\u0131 Mersin&#8217;nde\u00a0de bekliyor! \u0130stanbul Valili\u011fi, kent genelinde motosiklet park alanlar\u0131 ile ilgili yeni bir d\u00fczenleme yay\u0131mlad\u0131. Genelgede, \u201cG\u00fcn\u00fcm\u00fczde motosiklet\/motorlu bisikletlerin, ula\u015f\u0131m\u0131 kolayla\u015ft\u0131rmas\u0131 ve [&hellip;]<\/p>\n","protected":false},"author":2,"featured_media":106327,"comment_status":"open","ping_status":"open","sticky":false,"template":"","format":"standard","meta":{"footnotes":""},"categories":[1],"tags":[126],"class_list":["post-106325","post","type-post","status-publish","format-standard","has-post-thumbnail","hentry","category-gundem","tag-mersin"],"views":158,"_links":{"self":[{"href":"https:\/\/mersingazetesi.com\/index.php\/wp-json\/wp\/v2\/posts\/106325","targetHints":{"allow":["GET"]}}],"collection":[{"href":"https:\/\/mersingazetesi.com\/index.php\/wp-json\/wp\/v2\/posts"}],"about":[{"href":"https:\/\/mersingazetesi.com\/index.php\/wp-json\/wp\/v2\/types\/post"}],"author":[{"embeddable":true,"href":"https:\/\/mersingazetesi.com\/index.php\/wp-json\/wp\/v2\/users\/2"}],"replies":[{"embeddable":true,"href":"https:\/\/mersingazetesi.com\/index.php\/wp-json\/wp\/v2\/comments?post=106325"}],"version-history":[{"count":0,"href":"https:\/\/mersingazetesi.com\/index.php\/wp-json\/wp\/v2\/posts\/106325\/revisions"}],"wp:featuredmedia":[{"embeddable":true,"href":"https:\/\/mersingazetesi.com\/index.php\/wp-json\/wp\/v2\/media\/106327"}],"wp:attachment":[{"href":"https:\/\/mersingazetesi.com\/index.php\/wp-json\/wp\/v2\/media?parent=106325"}],"wp:term":[{"taxonomy":"category","embeddable":true,"href":"https:\/\/mersingazetesi.com\/index.php\/wp-json\/wp\/v2\/categories?post=106325"},{"taxonomy":"post_tag","embeddable":true,"href":"https:\/\/mersingazetesi.com\/index.php\/wp-json\/wp\/v2\/tags?post=106325"}],"curies":[{"name":"wp","href":"https:\/\/api.w.org\/{rel}","templated":true}]}}