{"id":106308,"date":"2025-09-01T12:26:27","date_gmt":"2025-09-01T09:26:27","guid":{"rendered":"https:\/\/mersingazetesi.com\/?p=106308"},"modified":"2025-09-01T12:29:27","modified_gmt":"2025-09-01T09:29:27","slug":"mersinde-1-7-eylul-arasi-hava-durumu-nasil","status":"publish","type":"post","link":"https:\/\/mersingazetesi.com\/index.php\/2025\/09\/01\/mersinde-1-7-eylul-arasi-hava-durumu-nasil\/","title":{"rendered":"Mersin\u2019de 1 &#8211; 7 Eyl\u00fcl Aras\u0131 Hava Durumu Nas\u0131l?"},"content":{"rendered":"<div>\n<div id=\"m_7390849570344128863mail-editor-reference-message-container\">\n<div id=\"m_7390849570344128863mail-editor-reference-message-container\">\n<p dir=\"ltr\"><b>Mersin\u2019de 1 &#8211; 7 Eyl\u00fcl Aras\u0131 Hava Durumu: G\u00fcne\u015fli ve Nemli G\u00fcnler Kap\u0131da<\/b><\/p>\n<p dir=\"ltr\">1 Eyl\u00fcl Pazartesi: Hava s\u0131cakl\u0131\u011f\u0131 32 derece. Nem oran\u0131 y\u00fcksek. G\u00fcne\u015f t\u00fcm g\u00fcn etkili olacak. \u00d6zellikle \u00f6\u011fle saatlerinde d\u0131\u015far\u0131da bulunacaklar dikkatli olmal\u0131.<\/p>\n<p dir=\"ltr\">2 Eyl\u00fcl Sal\u0131: S\u0131cakl\u0131k yine 32 derece. Sabah saatlerinde hafif serinlik hissedilebilir, ancak \u00f6\u011fleden sonra bunalt\u0131c\u0131 bir hava bekleniyor.<\/p>\n<p dir=\"ltr\">3 Eyl\u00fcl \u00c7ar\u015famba: 32 derece ve par\u00e7al\u0131 bulutlu. Nem, hissedilen s\u0131cakl\u0131\u011f\u0131 art\u0131r\u0131yor. G\u00f6lgelik alanlar tercih edilmeli.<\/p>\n<p dir=\"ltr\">4 Eyl\u00fcl Per\u015fembe: 31 derece. Hafif r\u00fczgarlar serinlik hissi verse de g\u00fcne\u015f halen etkili. Nem oran\u0131 yine y\u00fcksek.<\/p>\n<p dir=\"ltr\">5 Eyl\u00fcl Cuma: Hava 31 derece. G\u00fcne\u015fli, s\u0131cak ve nemli bir g\u00fcn daha. \u00d6zellikle ya\u015fl\u0131lar ve \u00e7ocuklar dikkatli olmal\u0131.<\/p>\n<p dir=\"ltr\">6 Eyl\u00fcl Cumartesi: S\u0131cakl\u0131k de\u011fi\u015fmiyor, 31 derece. Hafif bulutlanma var. Deniz kenar\u0131 y\u00fcr\u00fcy\u00fc\u015fleri i\u00e7in sabah saatleri ideal.<\/p>\n<p dir=\"ltr\">7 Eyl\u00fcl Pazar: 33 derece ile haftan\u0131n en s\u0131cak g\u00fcn\u00fc olabilir. G\u00fcne\u015f alt\u0131nda uzun s\u00fcre kalmamaya \u00f6zen g\u00f6sterilmeli.<\/p>\n<\/div>\n<\/div>\n<\/div>\n","protected":false},"excerpt":{"rendered":"<p>Mersin\u2019de 1 &#8211; 7 Eyl\u00fcl Aras\u0131 Hava Durumu: G\u00fcne\u015fli ve Nemli G\u00fcnler Kap\u0131da 1 Eyl\u00fcl Pazartesi: Hava s\u0131cakl\u0131\u011f\u0131 32 derece. Nem oran\u0131 y\u00fcksek. G\u00fcne\u015f t\u00fcm g\u00fcn etkili olacak. \u00d6zellikle \u00f6\u011fle saatlerinde d\u0131\u015far\u0131da bulunacaklar dikkatli olmal\u0131. 2 Eyl\u00fcl Sal\u0131: S\u0131cakl\u0131k yine 32 derece. Sabah saatlerinde hafif serinlik hissedilebilir, ancak \u00f6\u011fleden sonra bunalt\u0131c\u0131 bir hava bekleniyor. 3 [&hellip;]<\/p>\n","protected":false},"author":2,"featured_media":106309,"comment_status":"open","ping_status":"open","sticky":false,"template":"","format":"standard","meta":{"footnotes":""},"categories":[1],"tags":[126,125,124],"class_list":["post-106308","post","type-post","status-publish","format-standard","has-post-thumbnail","hentry","category-gundem","tag-mersin","tag-saglik","tag-yalnizlik"],"views":148,"_links":{"self":[{"href":"https:\/\/mersingazetesi.com\/index.php\/wp-json\/wp\/v2\/posts\/106308","targetHints":{"allow":["GET"]}}],"collection":[{"href":"https:\/\/mersingazetesi.com\/index.php\/wp-json\/wp\/v2\/posts"}],"about":[{"href":"https:\/\/mersingazetesi.com\/index.php\/wp-json\/wp\/v2\/types\/post"}],"author":[{"embeddable":true,"href":"https:\/\/mersingazetesi.com\/index.php\/wp-json\/wp\/v2\/users\/2"}],"replies":[{"embeddable":true,"href":"https:\/\/mersingazetesi.com\/index.php\/wp-json\/wp\/v2\/comments?post=106308"}],"version-history":[{"count":0,"href":"https:\/\/mersingazetesi.com\/index.php\/wp-json\/wp\/v2\/posts\/106308\/revisions"}],"wp:featuredmedia":[{"embeddable":true,"href":"https:\/\/mersingazetesi.com\/index.php\/wp-json\/wp\/v2\/media\/106309"}],"wp:attachment":[{"href":"https:\/\/mersingazetesi.com\/index.php\/wp-json\/wp\/v2\/media?parent=106308"}],"wp:term":[{"taxonomy":"category","embeddable":true,"href":"https:\/\/mersingazetesi.com\/index.php\/wp-json\/wp\/v2\/categories?post=106308"},{"taxonomy":"post_tag","embeddable":true,"href":"https:\/\/mersingazetesi.com\/index.php\/wp-json\/wp\/v2\/tags?post=106308"}],"curies":[{"name":"wp","href":"https:\/\/api.w.org\/{rel}","templated":true}]}}