{"id":106152,"date":"2025-08-31T09:54:40","date_gmt":"2025-08-31T06:54:40","guid":{"rendered":"https:\/\/mersingazetesi.com\/?p=106152"},"modified":"2025-08-31T09:58:00","modified_gmt":"2025-08-31T06:58:00","slug":"mersin-bit-pazarinda-esnafin-sesi-eskiden-kibris-pazariydi-simdi-ne-gelen-var-ne-giden","status":"publish","type":"post","link":"https:\/\/mersingazetesi.com\/index.php\/2025\/08\/31\/mersin-bit-pazarinda-esnafin-sesi-eskiden-kibris-pazariydi-simdi-ne-gelen-var-ne-giden\/","title":{"rendered":"Mersin Bit Pazar\u0131\u2019nda Esnaf\u0131n Sesi   &#8220;Eskiden K\u0131br\u0131s Pazar\u0131yd\u0131, \u015eimdi Ne Gelen Var Ne Giden\u201d (\u00d6ZEL R\u00d6PORTAJ)"},"content":{"rendered":"<div dir=\"ltr\">Mersin:<br \/>\nMerhabalar, Mersin Bit Pazar\u0131\u2019nday\u0131z. Buras\u0131 uzun y\u0131llard\u0131r vatanda\u015flar\u0131n uygun fiyatl\u0131 \u00fcr\u00fcn\u00a0bulabildi\u011fi bir yerdi. Ama son zamanlarda burada da bir durgunluk oldu\u011fu s\u00f6yleniyor. Siz de\u00a0burada esnafl\u0131k yap\u0131yorsunuz, neler s\u00f6ylemek istersiniz?<\/div>\n<div dir=\"ltr\"><b>Esnaf (tecr\u00fcbeli, yerle\u015fik esnaf):<\/b><br \/>\nValla karde\u015fim, a\u00e7\u0131k konu\u015fay\u0131m&#8230; Art\u0131k i\u015fler eskisi gibi de\u011fil. Buras\u0131 ilk kuruldu\u011funda &#8220;K\u0131br\u0131s\u00a0Pazar\u0131&#8221; diye an\u0131l\u0131rd\u0131. T\u00fcrkiye&#8217;de bulunmayan \u00fcr\u00fcnleri biz getirirdik. Herkes buraya gelirdi; kimi\u00a0nostalji i\u00e7in, kimi ger\u00e7ekten ihtiyac\u0131n\u0131 kar\u015f\u0131lamak i\u00e7in&#8230; \u015eimdi ne gelen var ne giden.<\/div>\n<div dir=\"ltr\">Mersin:<br \/>\nPeki sizce bu de\u011fi\u015fimin sebebi ne?<\/div>\n<div dir=\"ltr\"><b>Esnaf:<\/b><br \/>\nSebebi mi? Sebep \u00e7ok\u2026 Ekonomik kriz desen var, internet al\u0131\u015fveri\u015fi desen ald\u0131 ba\u015f\u0131n\u0131 gidiyor.\u00a0\u0130nsanlar art\u0131k pazara gelmiyor ki, telefondan sipari\u015f veriyor. Biz burada sabahtan ak\u015fama kadar\u00a0bekliyoruz, bazen siftah bile yapmadan kapat\u0131yoruz. Eskiden bir \u00fcr\u00fcn geldi\u011finde kap\u0131\u015f kap\u0131\u015f\u00a0giderdi. \u015eimdi raflarda \u00e7\u00fcr\u00fcyor. Milletin al\u0131m g\u00fcc\u00fc kalmad\u0131.<\/div>\n<div dir=\"ltr\">Mersin:<br \/>\nPeki bu \u015fartlarda h\u00e2l\u00e2 devam ettirmek istiyor musunuz esnafl\u0131\u011f\u0131?<\/div>\n<div dir=\"ltr\"><b>Esnaf:<\/b><br \/>\nValla bazen diyorum ki&#8230; Bu kadar u\u011fra\u015faca\u011f\u0131ma, \u015fu paray\u0131 faize koysam daha iyi. En az\u0131ndan\u00a0u\u011fra\u015f yok, stres yok. Ama al\u0131\u015fm\u0131\u015f\u0131z bu i\u015fe&#8230; Y\u0131llar\u0131m\u0131z ge\u00e7ti burada. Dostluk var, sohbet var.\u00a0Ama art\u0131k tad\u0131 tuzu kalmad\u0131. Ger\u00e7ekten, buraya gelenler de \u00e7o\u011fu zaman sadece dola\u015f\u0131yor. Bir\u00a0\u00e7ay i\u00e7ip gidiyor.<\/div>\n<div dir=\"ltr\">Mersin:<br \/>\nBit Pazar\u0131\u2019n\u0131n k\u00fclt\u00fcrel anlamda da bir \u00f6nemi vard\u0131. Eskiden herkes bilir, buras\u0131 farkl\u0131yd\u0131&#8230;<\/div>\n<div dir=\"ltr\"><b>Esnaf:<\/b><br \/>\nTabii, buras\u0131 bir k\u00fclt\u00fcrd\u00fc. \u0130nsanlar buraya sadece al\u0131\u015fveri\u015f i\u00e7in gelmezdi. Eski plaklar, saatler,\u00a0kitaplar, ikinci el ama kaliteli \u00fcr\u00fcnler&#8230; Herkesin bir an\u0131s\u0131 vard\u0131 bu pazarda. \u015eimdi o k\u00fclt\u00fcr de\u00a0yok oluyor. Yeni nesil buray\u0131 tan\u0131m\u0131yor bile. Sosyal medya var, AVM var, ama b\u00f6yle yerler\u00a0yava\u015f yava\u015f siliniyor.<\/div>\n<div dir=\"ltr\">Mersin:<br \/>\nYetkililerden bir beklentiniz var m\u0131?<\/div>\n<div dir=\"ltr\"><b>Esnaf:<\/b><br \/>\nEn az\u0131ndan buray\u0131 canland\u0131racak projeler olabilir. Tan\u0131t\u0131m yap\u0131labilir. Belki belediye destek\u00a0verir, belki festivaller d\u00fczenlenir. \u00c7\u00fcnk\u00fc buralar kaybolursa, sadece esnaf zarar g\u00f6rmez. \u015eehir\u00a0kendi haf\u0131zas\u0131n\u0131 kaybeder. Mersin\u2019in bu pazarlarla, bu \u00e7ar\u015f\u0131larla bir kimli\u011fi var.<\/div>\n<div><\/div>\n<div dir=\"ltr\"><b><\/b>Mersin:<br \/>\n\u00c7ok te\u015fekk\u00fcr ederim bu samimi ve i\u00e7ten sohbet i\u00e7in. Umar\u0131z Bit Pazar\u0131 eski g\u00fcnlerine kavu\u015fur.<\/div>\n<div dir=\"ltr\"><b>Esnaf:<\/b><br \/>\n\u0130n\u015fallah. Ama her ge\u00e7en g\u00fcn umut da biraz daha azal\u0131yor.<\/div>\n<div dir=\"ltr\"><\/div>\n","protected":false},"excerpt":{"rendered":"<p>Mersin: Merhabalar, Mersin Bit Pazar\u0131\u2019nday\u0131z. Buras\u0131 uzun y\u0131llard\u0131r vatanda\u015flar\u0131n uygun fiyatl\u0131 \u00fcr\u00fcn\u00a0bulabildi\u011fi bir yerdi. Ama son zamanlarda burada da bir durgunluk oldu\u011fu s\u00f6yleniyor. Siz de\u00a0burada esnafl\u0131k yap\u0131yorsunuz, neler s\u00f6ylemek istersiniz? Esnaf (tecr\u00fcbeli, yerle\u015fik esnaf): Valla karde\u015fim, a\u00e7\u0131k konu\u015fay\u0131m&#8230; Art\u0131k i\u015fler eskisi gibi de\u011fil. Buras\u0131 ilk kuruldu\u011funda &#8220;K\u0131br\u0131s\u00a0Pazar\u0131&#8221; diye an\u0131l\u0131rd\u0131. T\u00fcrkiye&#8217;de bulunmayan \u00fcr\u00fcnleri biz getirirdik. Herkes [&hellip;]<\/p>\n","protected":false},"author":2,"featured_media":106153,"comment_status":"open","ping_status":"open","sticky":false,"template":"","format":"standard","meta":{"footnotes":""},"categories":[1,8],"tags":[],"class_list":["post-106152","post","type-post","status-publish","format-standard","has-post-thumbnail","hentry","category-gundem","category-mersin"],"views":815,"_links":{"self":[{"href":"https:\/\/mersingazetesi.com\/index.php\/wp-json\/wp\/v2\/posts\/106152","targetHints":{"allow":["GET"]}}],"collection":[{"href":"https:\/\/mersingazetesi.com\/index.php\/wp-json\/wp\/v2\/posts"}],"about":[{"href":"https:\/\/mersingazetesi.com\/index.php\/wp-json\/wp\/v2\/types\/post"}],"author":[{"embeddable":true,"href":"https:\/\/mersingazetesi.com\/index.php\/wp-json\/wp\/v2\/users\/2"}],"replies":[{"embeddable":true,"href":"https:\/\/mersingazetesi.com\/index.php\/wp-json\/wp\/v2\/comments?post=106152"}],"version-history":[{"count":0,"href":"https:\/\/mersingazetesi.com\/index.php\/wp-json\/wp\/v2\/posts\/106152\/revisions"}],"wp:featuredmedia":[{"embeddable":true,"href":"https:\/\/mersingazetesi.com\/index.php\/wp-json\/wp\/v2\/media\/106153"}],"wp:attachment":[{"href":"https:\/\/mersingazetesi.com\/index.php\/wp-json\/wp\/v2\/media?parent=106152"}],"wp:term":[{"taxonomy":"category","embeddable":true,"href":"https:\/\/mersingazetesi.com\/index.php\/wp-json\/wp\/v2\/categories?post=106152"},{"taxonomy":"post_tag","embeddable":true,"href":"https:\/\/mersingazetesi.com\/index.php\/wp-json\/wp\/v2\/tags?post=106152"}],"curies":[{"name":"wp","href":"https:\/\/api.w.org\/{rel}","templated":true}]}}