{"id":106019,"date":"2025-08-29T15:59:05","date_gmt":"2025-08-29T12:59:05","guid":{"rendered":"https:\/\/mersingazetesi.com\/?p=106019"},"modified":"2025-08-29T15:59:05","modified_gmt":"2025-08-29T12:59:05","slug":"chp-istanbul-secimi-icin-iddianame-hazirlandi-10-kisi-hakkinda-hapis-talebi","status":"publish","type":"post","link":"https:\/\/mersingazetesi.com\/index.php\/2025\/08\/29\/chp-istanbul-secimi-icin-iddianame-hazirlandi-10-kisi-hakkinda-hapis-talebi\/","title":{"rendered":"CHP \u0130stanbul Se\u00e7imi \u0130\u00e7in \u0130ddianame Haz\u0131rland\u0131: 10 Ki\u015fi Hakk\u0131nda Hapis Talebi"},"content":{"rendered":"<p>CHP \u0130stanbul se\u00e7imlerine ili\u015fkin y\u00fcr\u00fct\u00fclen soru\u015fturma kapsam\u0131nda iddianame tamamland\u0131. Oylamaya hile kar\u0131\u015ft\u0131r\u0131ld\u0131\u011f\u0131 iddias\u0131yla aralar\u0131nda CHP \u0130stanbul \u0130l Ba\u015fkan\u0131 \u00d6zg\u00fcr \u00c7elik, Beyo\u011flu Belediye Ba\u015fkan\u0131 \u0130nan G\u00fcney ve Be\u015fikta\u015f Belediye Ba\u015fkan\u0131 R\u0131za Akpolat\u2019\u0131n da bulundu\u011fu 10 isim hakk\u0131nda dava a\u00e7\u0131ld\u0131.<\/p>\n<div dir=\"ltr\"><\/div>\n<div dir=\"ltr\"><\/div>\n<p>Haz\u0131rlanan iddianamede, \u015f\u00fcpheliler i\u00e7in 1 y\u0131ldan 3 y\u0131la kadar hapis cezas\u0131 talep ediliyor.<\/p>\n<div dir=\"ltr\"><\/div>\n<div dir=\"ltr\"><\/div>\n<p>S\u00f6z konusu isimlerin, se\u00e7im s\u00fcrecinde \u201cusuls\u00fczl\u00fck ve hile kar\u0131\u015ft\u0131rmak\u201d su\u00e7lamas\u0131yla yarg\u0131lanmalar\u0131 bekleniyor. Mahkemenin iddianameyi kabul etmesi halinde davan\u0131n \u00f6n\u00fcm\u00fczdeki g\u00fcnlerde ba\u015flayaca\u011f\u0131 bildirildi.<\/p>\n","protected":false},"excerpt":{"rendered":"<p>CHP \u0130stanbul se\u00e7imlerine ili\u015fkin y\u00fcr\u00fct\u00fclen soru\u015fturma kapsam\u0131nda iddianame tamamland\u0131. Oylamaya hile kar\u0131\u015ft\u0131r\u0131ld\u0131\u011f\u0131 iddias\u0131yla aralar\u0131nda CHP \u0130stanbul \u0130l Ba\u015fkan\u0131 \u00d6zg\u00fcr \u00c7elik, Beyo\u011flu Belediye Ba\u015fkan\u0131 \u0130nan G\u00fcney ve Be\u015fikta\u015f Belediye Ba\u015fkan\u0131 R\u0131za Akpolat\u2019\u0131n da bulundu\u011fu 10 isim hakk\u0131nda dava a\u00e7\u0131ld\u0131. Haz\u0131rlanan iddianamede, \u015f\u00fcpheliler i\u00e7in 1 y\u0131ldan 3 y\u0131la kadar hapis cezas\u0131 talep ediliyor. S\u00f6z konusu isimlerin, se\u00e7im [&hellip;]<\/p>\n","protected":false},"author":2,"featured_media":106020,"comment_status":"open","ping_status":"open","sticky":false,"template":"","format":"standard","meta":{"footnotes":""},"categories":[9],"tags":[],"class_list":["post-106019","post","type-post","status-publish","format-standard","has-post-thumbnail","hentry","category-siyaset"],"views":694,"_links":{"self":[{"href":"https:\/\/mersingazetesi.com\/index.php\/wp-json\/wp\/v2\/posts\/106019","targetHints":{"allow":["GET"]}}],"collection":[{"href":"https:\/\/mersingazetesi.com\/index.php\/wp-json\/wp\/v2\/posts"}],"about":[{"href":"https:\/\/mersingazetesi.com\/index.php\/wp-json\/wp\/v2\/types\/post"}],"author":[{"embeddable":true,"href":"https:\/\/mersingazetesi.com\/index.php\/wp-json\/wp\/v2\/users\/2"}],"replies":[{"embeddable":true,"href":"https:\/\/mersingazetesi.com\/index.php\/wp-json\/wp\/v2\/comments?post=106019"}],"version-history":[{"count":0,"href":"https:\/\/mersingazetesi.com\/index.php\/wp-json\/wp\/v2\/posts\/106019\/revisions"}],"wp:featuredmedia":[{"embeddable":true,"href":"https:\/\/mersingazetesi.com\/index.php\/wp-json\/wp\/v2\/media\/106020"}],"wp:attachment":[{"href":"https:\/\/mersingazetesi.com\/index.php\/wp-json\/wp\/v2\/media?parent=106019"}],"wp:term":[{"taxonomy":"category","embeddable":true,"href":"https:\/\/mersingazetesi.com\/index.php\/wp-json\/wp\/v2\/categories?post=106019"},{"taxonomy":"post_tag","embeddable":true,"href":"https:\/\/mersingazetesi.com\/index.php\/wp-json\/wp\/v2\/tags?post=106019"}],"curies":[{"name":"wp","href":"https:\/\/api.w.org\/{rel}","templated":true}]}}