{"id":105952,"date":"2025-08-29T11:02:15","date_gmt":"2025-08-29T08:02:15","guid":{"rendered":"https:\/\/mersingazetesi.com\/?p=105952"},"modified":"2025-08-29T11:02:15","modified_gmt":"2025-08-29T08:02:15","slug":"tarim-ve-orman-bakanligi-yuklenen-yuku-kaldiramiyor","status":"publish","type":"post","link":"https:\/\/mersingazetesi.com\/index.php\/2025\/08\/29\/tarim-ve-orman-bakanligi-yuklenen-yuku-kaldiramiyor\/","title":{"rendered":"TARIM VE ORMAN BAKANLI\u011eI Y\u00dcKLENEN Y\u00dcK\u00dc KALDIRAMIYOR!"},"content":{"rendered":"<div>Tar\u0131m ve Orman Bakanl\u0131\u011f\u0131 ad\u0131 alt\u0131nda bir bakanl\u0131\u011f\u0131m\u0131z var ama, bu bakanl\u0131k, g\u00f6rev alan\u0131 i\u00e7indeki hi\u00e7bir i\u015fin \u00fcstesinden gelemiyor.<\/div>\n<div>Tar\u0131m\u0131m\u0131z can \u00e7eki\u015fiyor, Bakanl\u0131\u011f\u0131n \u00fcretti\u011fi bir \u00e7\u00f6z\u00fcm yok.<\/div>\n<div>Hayvanc\u0131l\u0131\u011f\u0131m\u0131z can \u00e7eki\u015fiyor, Bakanl\u0131\u011f\u0131n \u00fcretti\u011fi bir \u00e7\u00f6z\u00fcm yok.<\/div>\n<div>Bal\u0131k\u00e7\u0131l\u0131\u011f\u0131m\u0131z can \u00e7eki\u015fiyor, Bakanl\u0131\u011f\u0131n \u00fcretti\u011fi bir \u00e7\u00f6z\u00fcm yok.<\/div>\n<div>Akarsular\u0131m\u0131z (derelerimiz, \u00e7aylar\u0131m\u0131z, \u0131rmaklar\u0131m\u0131z) ve g\u00f6llerimiz can \u00e7eki\u015fiyor, Bakanl\u0131\u011f\u0131n \u00fcretti\u011fi bir \u00e7\u00f6z\u00fcm yok.<\/div>\n<div>Ormanlar\u0131m\u0131z cay\u0131r, cay\u0131r yan\u0131yor, Bakanl\u0131\u011f\u0131n \u00fcretti\u011fi bir \u00e7\u00f6z\u00fcm yok.<\/div>\n<div>Pestisit (bitkileri zararl\u0131lara kar\u015f\u0131 korumak i\u00e7in kullan\u0131lan kimyasal ila\u00e7) kullan\u0131m\u0131 kontrolden \u00e7\u0131km\u0131\u015f, Bakanl\u0131\u011f\u0131n \u00fcretti\u011fi bir \u00e7\u00f6z\u00fcm yok.<\/div>\n<div>G\u0131da sahtecili\u011fi alm\u0131\u015f ba\u015f\u0131n\u0131 gitmi\u015f, Bakanl\u0131\u011f\u0131n \u00fcretti\u011fi bir \u00e7\u00f6z\u00fcm yok.<\/div>\n<div>Belli ki, Tar\u0131m ve Orman Bakanl\u0131\u011f\u0131 hayat\u0131m\u0131z\u0131 do\u011frudan ilgilendiren bu sorunlar\u0131n hi\u00e7birine \u00e7\u00f6z\u00fcm bulam\u0131yor. Bu durumda yap\u0131lmas\u0131 gereken \u015fey yeni bakanl\u0131klar kurup y\u00fck\u00fc da\u011f\u0131tmakt\u0131r. Daha a\u00e7\u0131k bir dille ifade etmek gerekirse, Tar\u0131m ve Su \u0130\u015fleri Bakanl\u0131\u011f\u0131, \u00c7evre, Orman ve \u0130klim De\u011fi\u015fikli\u011fi Bakanl\u0131\u011f\u0131, Hayvanc\u0131l\u0131k ve Bal\u0131k\u00e7\u0131l\u0131k Bakanl\u0131\u011f\u0131 ve G\u0131da Bakanl\u0131\u011f\u0131 ad\u0131 alt\u0131nda d\u00f6rt yeni bakanl\u0131k kurup, bu bakanl\u0131klar\u0131n yeni ba\u015ftan (ger\u00e7ek\u00e7i) politikalar\u0131n\u0131 olu\u015fturmak ve ilgili birimlerinin ba\u015f\u0131na da i\u015fin ehli olan insanlar\u0131 getirmektir. Bunu ger\u00e7ekle\u015ftiremedi\u011fimiz s\u00fcrece ne g\u0131da enflasyonuyla ba\u015f edebiliriz, ne can \u00e7eki\u015fen tar\u0131m\u0131m\u0131z\u0131, hayvanc\u0131l\u0131\u011f\u0131m\u0131z\u0131 ve bal\u0131k\u00e7\u0131l\u0131\u011f\u0131m\u0131z\u0131 aya\u011fa kald\u0131rabiliriz, ne \u00e7evreyi ve ormanlar\u0131m\u0131z\u0131 koruyup geli\u015ftirebiliriz, ne iklim de\u011fi\u015fikli\u011fine ayak uydurabiliriz, ne a\u015f\u0131r\u0131 pestisit kullan\u0131m\u0131n\u0131n \u00f6n\u00fcne ge\u00e7ebiliriz, ne de sahte ve hileli g\u0131da \u00fcretimine engel olabiliriz.<\/div>\n<div>En k\u00f6t\u00fcs\u00fc de, ormanlar\u0131m\u0131z\u0131 koruyup geli\u015ftiremememiz ve sular\u0131m\u0131z\u0131 da iyi y\u00f6netmememiz y\u00fcz\u00fcnden susuzluk ve kurakl\u0131k gibi bir belayla bo\u011fu\u015fmak zorunda kalacak olmam\u0131zd\u0131r. \u00c7\u00fcnk\u00fc tedbir almad\u0131\u011f\u0131m\u0131z takdirde \u00dclkemizi yak\u0131n gelecekte bekleyen en b\u00fcy\u00fck tehlike susuzluk ve kurakl\u0131k olacakt\u0131r.<\/div>\n<div>Umar\u0131m, ak\u0131l ve bili \u00f6ne d\u00fc\u015fer de b\u00f6yle bir durumla kar\u015f\u0131 kar\u015f\u0131ya kalmay\u0131z!?<\/div>\n","protected":false},"excerpt":{"rendered":"<p>Tar\u0131m ve Orman Bakanl\u0131\u011f\u0131 ad\u0131 alt\u0131nda bir bakanl\u0131\u011f\u0131m\u0131z var ama, bu bakanl\u0131k, g\u00f6rev alan\u0131 i\u00e7indeki hi\u00e7bir i\u015fin \u00fcstesinden gelemiyor. Tar\u0131m\u0131m\u0131z can \u00e7eki\u015fiyor, Bakanl\u0131\u011f\u0131n \u00fcretti\u011fi bir \u00e7\u00f6z\u00fcm yok. Hayvanc\u0131l\u0131\u011f\u0131m\u0131z can \u00e7eki\u015fiyor, Bakanl\u0131\u011f\u0131n \u00fcretti\u011fi bir \u00e7\u00f6z\u00fcm yok. Bal\u0131k\u00e7\u0131l\u0131\u011f\u0131m\u0131z can \u00e7eki\u015fiyor, Bakanl\u0131\u011f\u0131n \u00fcretti\u011fi bir \u00e7\u00f6z\u00fcm yok. Akarsular\u0131m\u0131z (derelerimiz, \u00e7aylar\u0131m\u0131z, \u0131rmaklar\u0131m\u0131z) ve g\u00f6llerimiz can \u00e7eki\u015fiyor, Bakanl\u0131\u011f\u0131n \u00fcretti\u011fi bir \u00e7\u00f6z\u00fcm [&hellip;]<\/p>\n","protected":false},"author":14,"featured_media":105953,"comment_status":"open","ping_status":"open","sticky":false,"template":"","format":"standard","meta":{"footnotes":""},"categories":[47],"tags":[],"class_list":["post-105952","post","type-post","status-publish","format-standard","has-post-thumbnail","hentry","category-erdogan-serin"],"views":1067,"_links":{"self":[{"href":"https:\/\/mersingazetesi.com\/index.php\/wp-json\/wp\/v2\/posts\/105952","targetHints":{"allow":["GET"]}}],"collection":[{"href":"https:\/\/mersingazetesi.com\/index.php\/wp-json\/wp\/v2\/posts"}],"about":[{"href":"https:\/\/mersingazetesi.com\/index.php\/wp-json\/wp\/v2\/types\/post"}],"author":[{"embeddable":true,"href":"https:\/\/mersingazetesi.com\/index.php\/wp-json\/wp\/v2\/users\/14"}],"replies":[{"embeddable":true,"href":"https:\/\/mersingazetesi.com\/index.php\/wp-json\/wp\/v2\/comments?post=105952"}],"version-history":[{"count":0,"href":"https:\/\/mersingazetesi.com\/index.php\/wp-json\/wp\/v2\/posts\/105952\/revisions"}],"wp:featuredmedia":[{"embeddable":true,"href":"https:\/\/mersingazetesi.com\/index.php\/wp-json\/wp\/v2\/media\/105953"}],"wp:attachment":[{"href":"https:\/\/mersingazetesi.com\/index.php\/wp-json\/wp\/v2\/media?parent=105952"}],"wp:term":[{"taxonomy":"category","embeddable":true,"href":"https:\/\/mersingazetesi.com\/index.php\/wp-json\/wp\/v2\/categories?post=105952"},{"taxonomy":"post_tag","embeddable":true,"href":"https:\/\/mersingazetesi.com\/index.php\/wp-json\/wp\/v2\/tags?post=105952"}],"curies":[{"name":"wp","href":"https:\/\/api.w.org\/{rel}","templated":true}]}}