{"id":105708,"date":"2025-08-27T14:30:34","date_gmt":"2025-08-27T11:30:34","guid":{"rendered":"https:\/\/mersingazetesi.com\/?p=105708"},"modified":"2025-08-27T14:30:34","modified_gmt":"2025-08-27T11:30:34","slug":"yenisehir-fuar-merkezi-kime-kiralanacak","status":"publish","type":"post","link":"https:\/\/mersingazetesi.com\/index.php\/2025\/08\/27\/yenisehir-fuar-merkezi-kime-kiralanacak\/","title":{"rendered":"YEN\u0130\u015eEH\u0130R FUAR MERKEZ\u0130 K\u0130ME K\u0130RALANACAK?"},"content":{"rendered":"<div dir=\"auto\">Mersin Yeni\u015fehir Belediyesi yakla\u015f\u0131k 12 bin m2 alana sahip Yeni\u015fehir Belediyesi Fuar Merkezi&#8217;ni kiraya vermek \u00fczere ihaleye \u00e7\u0131kard\u0131. Bu geli\u015fme sonras\u0131 vatanda\u015f kirac\u0131n\u0131n kim olaca\u011f\u0131n\u0131 merak ediyor?<\/div>\n<div dir=\"ltr\"><\/div>\n<div dir=\"ltr\">VATANDA\u015e NE D\u0130YOR?<\/div>\n<div dir=\"ltr\"><\/div>\n<div>Gece d\u00fcr\u00fcmc\u00fcs\u00fcn\u00fcn zaten bah\u00e7eye yay\u0131lm\u0131\u015f oldu\u011funu s\u00f6yleyen vatanda\u015f, &#8220;Cavidan Club galiba ikinci katta. Yani fuar alan\u0131 \u015femsiyesi alt\u0131nda i\u015fletilen mekanlar&#8230; Yeni ihaleyle buraya kat\u0131lacaklar ne i\u015f yapacak? \u00d6\u011frenciler i\u00e7in okuma salonunun bir yenisi yine deniz k\u0131y\u0131s\u0131na yap\u0131lmas\u0131 planlan\u0131yor. Deniz k\u0131y\u0131s\u0131n\u0131 kapatana kadar o salon buraya kurulamaz m\u0131? Fuar alan\u0131 depremde pek \u00e7ok depremzedeye s\u0131\u011f\u0131nak oldu. Kiraya verilince bir metrekaresi kamu hizmeti veremeyecek. Bir felaket an\u0131nda kullanamayaca\u011f\u0131z. Vatanda\u015fa ait bir mekan kalmayacak m\u0131?&#8221; sorular\u0131n\u0131 sordu.<\/div>\n","protected":false},"excerpt":{"rendered":"<p>Mersin Yeni\u015fehir Belediyesi yakla\u015f\u0131k 12 bin m2 alana sahip Yeni\u015fehir Belediyesi Fuar Merkezi&#8217;ni kiraya vermek \u00fczere ihaleye \u00e7\u0131kard\u0131. Bu geli\u015fme sonras\u0131 vatanda\u015f kirac\u0131n\u0131n kim olaca\u011f\u0131n\u0131 merak ediyor? VATANDA\u015e NE D\u0130YOR? Gece d\u00fcr\u00fcmc\u00fcs\u00fcn\u00fcn zaten bah\u00e7eye yay\u0131lm\u0131\u015f oldu\u011funu s\u00f6yleyen vatanda\u015f, &#8220;Cavidan Club galiba ikinci katta. Yani fuar alan\u0131 \u015femsiyesi alt\u0131nda i\u015fletilen mekanlar&#8230; Yeni ihaleyle buraya kat\u0131lacaklar ne [&hellip;]<\/p>\n","protected":false},"author":2,"featured_media":105713,"comment_status":"open","ping_status":"open","sticky":false,"template":"","format":"standard","meta":{"footnotes":""},"categories":[8],"tags":[],"class_list":["post-105708","post","type-post","status-publish","format-standard","has-post-thumbnail","hentry","category-mersin"],"views":341,"_links":{"self":[{"href":"https:\/\/mersingazetesi.com\/index.php\/wp-json\/wp\/v2\/posts\/105708","targetHints":{"allow":["GET"]}}],"collection":[{"href":"https:\/\/mersingazetesi.com\/index.php\/wp-json\/wp\/v2\/posts"}],"about":[{"href":"https:\/\/mersingazetesi.com\/index.php\/wp-json\/wp\/v2\/types\/post"}],"author":[{"embeddable":true,"href":"https:\/\/mersingazetesi.com\/index.php\/wp-json\/wp\/v2\/users\/2"}],"replies":[{"embeddable":true,"href":"https:\/\/mersingazetesi.com\/index.php\/wp-json\/wp\/v2\/comments?post=105708"}],"version-history":[{"count":0,"href":"https:\/\/mersingazetesi.com\/index.php\/wp-json\/wp\/v2\/posts\/105708\/revisions"}],"wp:featuredmedia":[{"embeddable":true,"href":"https:\/\/mersingazetesi.com\/index.php\/wp-json\/wp\/v2\/media\/105713"}],"wp:attachment":[{"href":"https:\/\/mersingazetesi.com\/index.php\/wp-json\/wp\/v2\/media?parent=105708"}],"wp:term":[{"taxonomy":"category","embeddable":true,"href":"https:\/\/mersingazetesi.com\/index.php\/wp-json\/wp\/v2\/categories?post=105708"},{"taxonomy":"post_tag","embeddable":true,"href":"https:\/\/mersingazetesi.com\/index.php\/wp-json\/wp\/v2\/tags?post=105708"}],"curies":[{"name":"wp","href":"https:\/\/api.w.org\/{rel}","templated":true}]}}