{"id":105689,"date":"2025-08-27T14:18:19","date_gmt":"2025-08-27T11:18:19","guid":{"rendered":"https:\/\/mersingazetesi.com\/?p=105689"},"modified":"2025-08-27T14:18:19","modified_gmt":"2025-08-27T11:18:19","slug":"bu-isler-terorsuz-turkiye-demekle-olmaz","status":"publish","type":"post","link":"https:\/\/mersingazetesi.com\/index.php\/2025\/08\/27\/bu-isler-terorsuz-turkiye-demekle-olmaz\/","title":{"rendered":"BU \u0130\u015eLER, TER\u00d6RS\u00dcZ T\u00dcRK\u0130YE DEMEKLE OLMAZ!"},"content":{"rendered":"<div>Ter\u00f6rs\u00fcz T\u00fcrkiye amac\u0131yla Meclis Ba\u015fkan\u0131 Numan Kurtulmu\u015f&#8217;un ba\u015fkanl\u0131\u011f\u0131nda bir komisyon kuruldu amma, ba\u015fta E\u015f Ba\u015fkanlar\u0131 olmak \u00fczere, Dem Parti s\u00f6zc\u00fcleri inatla ve \u0131srarla \u015funu s\u00f6yl\u00fcyorlar! &#8220;Ba\u015f m\u00fczakereci \u00d6calan&#8217;d\u0131r, dolay\u0131s\u0131yla Komisyon&#8217;un do\u011frudan \u00d6calan&#8217;\u0131 muhatap almas\u0131 laz\u0131m!&#8221;<\/div>\n<div>Dem Partililerin bu \u00e7\u0131k\u0131\u015f\u0131na (nedense?!) komisyonda yer alan siyasi partilerin hi\u00e7birinden itiraz gelmiyor. Ne Cumhur \u0130ttifak\u0131&#8217;nda yer alanlardan geliyor, ne de muhalefettekilerden&#8230; Oysa ki burada bir dayatma ve hatta tuzak var! Dem Parti, \u00d6calan&#8217;\u0131 K\u00fcrtlerin hamisi ve me\u015fru temsilcisi haline getirmek istiyor. Ter\u00f6rs\u00fcz T\u00fcrkiye hedefine vatana ihanetten h\u00fck\u00fcm giymi\u015f birine me\u015fruiyet kazand\u0131r\u0131larak var\u0131lamaz. Peki, nas\u0131l m\u0131 var\u0131l\u0131r!? Demokrasimizi ve hukukumuzu evrensel norm ve standartlara kavu\u015fturarak var\u0131l\u0131r. Kimsenin ayr\u0131\u015ft\u0131r\u0131l\u0131p \u00f6tekile\u015ftirilmedi\u011fi ve herkesin kendini \u00f6zg\u00fcr ve g\u00fcvende hissetti\u011fi huzurlu bir ortam yarat\u0131larak var\u0131l\u0131r. Bu ortam\u0131 yaratacak olan da \u00f6nce Meclis, sonra da \u00dclke&#8217;yi y\u00f6netme mevki ve sorumlulu\u011funda olanlard\u0131r. \u0130ktidarlard\u0131r yani. Komisyon nelerin yap\u0131lmas\u0131 gerekti\u011fi konusunda uzla\u015f\u0131r, Meclis de bu hususlar\u0131 el birli\u011fiyle yasala\u015ft\u0131r\u0131p hayata ge\u00e7irir. Dem Parti&#8217;nin \u00d6calan&#8217;\u0131 me\u015frula\u015ft\u0131rma \u00e7aba ve gayretlerine kar\u015f\u0131 \u00e7\u0131kmak, ter\u00f6rs\u00fcz T\u00fcrkiye&#8217;ye kar\u015f\u0131 \u00e7\u0131kmak de\u011fildir. Bu \u00dclke&#8217;nin iyili\u011fini ve esenli\u011fini d\u00fc\u015f\u00fcnen, isteyen ve dileyen her yurtta\u015f\u0131m\u0131z, ter\u00f6rs\u00fcz T\u00fcrkiye s\u00fcrecine destek verir. Veriyor da zaten. Gelin g\u00f6r\u00fcn ki, bu deste\u011fi verenlerin hi\u00e7biri, \u00d6calan&#8217;\u0131n me\u015fru bir fig\u00fcr haline getirilmesini kabul etmez. Bu \u00dclke&#8217;nin birli\u011finden, b\u00fct\u00fcnl\u00fc\u011f\u00fcnden ve dirli\u011finden, d\u00fczenli\u011finden yana olan T\u00fcrk de kabul etmez, K\u00fcrt de kabul etmez. Birilerinin bu ger\u00e7e\u011fi Demliler&#8217;e anlatmas\u0131 laz\u0131m. \u00c7\u00fcnk\u00fc Dem&#8217;in ger\u00e7eklikle zerre kadar ba\u011fda\u015fmayan bu \u0131srarc\u0131 ve dayatmac\u0131 anlay\u0131\u015f\u0131yla ter\u00f6rs\u00fcz T\u00fcrkiye hedefine var\u0131lamaz. Art\u0131k bu ger\u00e7e\u011fi g\u00f6relim ve s\u00fcrecin h\u00fcsranla sonu\u00e7lanmamas\u0131 i\u00e7in s\u00f6ylenmesi gerekenleri \u00f6nceden s\u00f6yleyelim. Sadece s\u00f6ylemekle kalmayal\u0131m, yap\u0131lmas\u0131 gerekenleri de i\u015f i\u015ften ge\u00e7meden yapal\u0131m. Aksi halde, bu s\u00fcre\u00e7ten de bir sonu\u00e7 \u00e7\u0131kmaz. \u00c7\u0131kar da bu sonu\u00e7 istedi\u011fimiz gibi bir sonu\u00e7 olmaz.<\/div>\n","protected":false},"excerpt":{"rendered":"<p>Ter\u00f6rs\u00fcz T\u00fcrkiye amac\u0131yla Meclis Ba\u015fkan\u0131 Numan Kurtulmu\u015f&#8217;un ba\u015fkanl\u0131\u011f\u0131nda bir komisyon kuruldu amma, ba\u015fta E\u015f Ba\u015fkanlar\u0131 olmak \u00fczere, Dem Parti s\u00f6zc\u00fcleri inatla ve \u0131srarla \u015funu s\u00f6yl\u00fcyorlar! &#8220;Ba\u015f m\u00fczakereci \u00d6calan&#8217;d\u0131r, dolay\u0131s\u0131yla Komisyon&#8217;un do\u011frudan \u00d6calan&#8217;\u0131 muhatap almas\u0131 laz\u0131m!&#8221; Dem Partililerin bu \u00e7\u0131k\u0131\u015f\u0131na (nedense?!) komisyonda yer alan siyasi partilerin hi\u00e7birinden itiraz gelmiyor. Ne Cumhur \u0130ttifak\u0131&#8217;nda yer alanlardan geliyor, ne [&hellip;]<\/p>\n","protected":false},"author":14,"featured_media":104846,"comment_status":"open","ping_status":"open","sticky":false,"template":"","format":"standard","meta":{"footnotes":""},"categories":[47],"tags":[],"class_list":["post-105689","post","type-post","status-publish","format-standard","has-post-thumbnail","hentry","category-erdogan-serin"],"views":652,"_links":{"self":[{"href":"https:\/\/mersingazetesi.com\/index.php\/wp-json\/wp\/v2\/posts\/105689","targetHints":{"allow":["GET"]}}],"collection":[{"href":"https:\/\/mersingazetesi.com\/index.php\/wp-json\/wp\/v2\/posts"}],"about":[{"href":"https:\/\/mersingazetesi.com\/index.php\/wp-json\/wp\/v2\/types\/post"}],"author":[{"embeddable":true,"href":"https:\/\/mersingazetesi.com\/index.php\/wp-json\/wp\/v2\/users\/14"}],"replies":[{"embeddable":true,"href":"https:\/\/mersingazetesi.com\/index.php\/wp-json\/wp\/v2\/comments?post=105689"}],"version-history":[{"count":0,"href":"https:\/\/mersingazetesi.com\/index.php\/wp-json\/wp\/v2\/posts\/105689\/revisions"}],"wp:featuredmedia":[{"embeddable":true,"href":"https:\/\/mersingazetesi.com\/index.php\/wp-json\/wp\/v2\/media\/104846"}],"wp:attachment":[{"href":"https:\/\/mersingazetesi.com\/index.php\/wp-json\/wp\/v2\/media?parent=105689"}],"wp:term":[{"taxonomy":"category","embeddable":true,"href":"https:\/\/mersingazetesi.com\/index.php\/wp-json\/wp\/v2\/categories?post=105689"},{"taxonomy":"post_tag","embeddable":true,"href":"https:\/\/mersingazetesi.com\/index.php\/wp-json\/wp\/v2\/tags?post=105689"}],"curies":[{"name":"wp","href":"https:\/\/api.w.org\/{rel}","templated":true}]}}