{"id":105637,"date":"2025-08-26T17:58:42","date_gmt":"2025-08-26T14:58:42","guid":{"rendered":"https:\/\/mersingazetesi.com\/?p=105637"},"modified":"2025-08-26T17:58:42","modified_gmt":"2025-08-26T14:58:42","slug":"seyyar-satici-duzeni-yetmez-mersinde-gorulmeyen-kadinlara-da-ses-olunmali","status":"publish","type":"post","link":"https:\/\/mersingazetesi.com\/index.php\/2025\/08\/26\/seyyar-satici-duzeni-yetmez-mersinde-gorulmeyen-kadinlara-da-ses-olunmali\/","title":{"rendered":"\u201cSeyyar Sat\u0131c\u0131 D\u00fczeni Yetmez, Mersin\u2019de G\u00f6r\u00fclmeyen Kad\u0131nlara da Ses Olunmal\u0131\u201d"},"content":{"rendered":"<div id=\"m_4559968880359611987ms-outlook-mobile-body-separator-line\" dir=\"ltr\">\n<div>Mersin, Akdeniz\u2019in incisi\u2026 Sahil band\u0131nda gezerken renkli g\u00f6r\u00fcnt\u00fcler, esen r\u00fczgar ve dalga sesleriyle i\u00e7imiz huzur doluyor. Ancak o sahil \u015feridinde bir ba\u015fka ger\u00e7ek sessizce bekliyor:<\/div>\n<div>Ya\u015fl\u0131, emekli maa\u015f\u0131 olmayan ve \u00e7al\u0131\u015famayacak durumda olan kad\u0131nlar\u0131n sessiz \u00e7\u0131\u011fl\u0131\u011f\u0131\u2026<\/div>\n<div dir=\"ltr\"><\/div>\n<div>2020 y\u0131l\u0131nda Mersin B\u00fcy\u00fck\u015fehir Belediyesi, sahil band\u0131nda seyyar sat\u0131c\u0131lar i\u00e7in tek tip d\u00fczen uygulamas\u0131 ba\u015flatt\u0131.<\/div>\n<div>Ama\u00e7, hem halk sa\u011fl\u0131\u011f\u0131n\u0131 korumak hem de g\u00f6rsel bir d\u00fczen sa\u011flamakt\u0131. Sat\u0131c\u0131lar\u0131n hijyen kurallar\u0131na uymas\u0131, tek tip k\u0131yafet giymesi ve vergi y\u00fck\u00fcml\u00fcl\u00fcklerini yerine getirmesi \u015fart ko\u015fuldu. O g\u00fcnlerde kamuoyuna yans\u0131yan foto\u011fraflarda, d\u00fczenli s\u0131ralanan stantlar ve renkli g\u00f6r\u00fcnt\u00fcler vard\u0131.<\/div>\n<div dir=\"ltr\"><\/div>\n<div>Bug\u00fcn geldi\u011fimiz noktada ise tablo biraz daha karma\u015f\u0131k. Vatanda\u015flar sahilde d\u00fczensiz g\u00f6r\u00fcnt\u00fclerden, hijyen sorunlar\u0131ndan \u015fik\u00e2yet\u00e7i. Belediyeden gelen son a\u00e7\u0131klamaya g\u00f6re sistem h\u00e2l\u00e2 s\u00fcr\u00fcyor:<\/div>\n<div>\u2002\u2002\u2002\u2002\u2002\u2002\u2022\u2002\u2002\u2002\u2002\u200260 sat\u0131c\u0131dan 5\u2019i s\u00f6zle\u015fme ihlali nedeniyle \u00e7\u0131kar\u0131ld\u0131, \u015fu anda 55 sat\u0131c\u0131 faaliyet g\u00f6steriyor.<\/div>\n<div>\u2002\u2002\u2002\u2002\u2002\u2002\u2022\u2002\u2002\u2002\u2002\u2002Halk E\u011fitim arac\u0131l\u0131\u011f\u0131yla zorunlu hijyen e\u011fitimi veriliyor, kalan 6 ki\u015finin e\u011fitimi tamamlanmak \u00fczere.<\/div>\n<div>\u2002\u2002\u2002\u2002\u2002\u2002\u2022\u2002\u2002\u2002\u2002\u2002Sat\u0131c\u0131lar belirlenen kurallara uygun olarak mavi veya beyaz ti\u015f\u00f6rt giyiyor.<\/div>\n<div>\u2002\u2002\u2002\u2002\u2002\u2002\u2022\u2002\u2002\u2002\u2002\u2002Vergi y\u00fck\u00fcml\u00fcl\u00fckleri yeniden inceleniyor, denetimler s\u0131k\u0131la\u015ft\u0131r\u0131l\u0131yor.<\/div>\n<div dir=\"ltr\"><\/div>\n<div>Bunlar \u00f6nemli ad\u0131mlar. Ancak as\u0131l mesele burada ba\u015fl\u0131yor\u2026<\/div>\n<div dir=\"ltr\"><\/div>\n<div>Sahilin G\u00f6r\u00fclmeyen Y\u00fcz\u00fc: Ya\u015fl\u0131 ve Gelirsiz Kad\u0131nlar<\/div>\n<div dir=\"ltr\"><\/div>\n<div>Mersin\u2019in arka sokaklar\u0131nda, sahile birka\u00e7 durak mesafede ya\u015fayan \u00e7ok say\u0131da kad\u0131n var:<\/div>\n<div>\u2002\u2002\u2002\u2002\u2002\u2002\u2022\u2002\u2002\u2002\u2002\u2002Emekli maa\u015f\u0131 olmayan,<\/div>\n<div>\u2002\u2002\u2002\u2002\u2002\u2002\u2022\u2002\u2002\u2002\u2002\u2002Sa\u011fl\u0131k sorunlar\u0131 nedeniyle \u00e7al\u0131\u015famayacak durumda olan,<\/div>\n<div>\u2002\u2002\u2002\u2002\u2002\u2002\u2022\u2002\u2002\u2002\u2002\u2002Kendi ge\u00e7imini sa\u011flayacak hi\u00e7bir geliri bulunmayan\u2026<\/div>\n<div dir=\"ltr\"><\/div>\n<div>Bug\u00fcn sahildeki seyyar sat\u0131c\u0131 d\u00fczeni konu\u015fulurken, bu kad\u0131nlar hayat m\u00fccadelesini sessizce veriyor.<\/div>\n<div>Bir\u00e7ok evde, bo\u015f g\u00f6zlerle pencerenin kenar\u0131na oturmu\u015f, \u201cKe\u015fke benim de bir imk\u00e2n\u0131m olsayd\u0131\u201d diye d\u00fc\u015f\u00fcnen teyzeler var. Onlar, belediyenin sisteminin d\u0131\u015f\u0131nda kalm\u0131\u015f \u201cg\u00f6r\u00fcnmeyen y\u00fczler.\u201d<\/div>\n<div dir=\"ltr\"><\/div>\n<div>E\u011fer ger\u00e7ekten sosyal belediyecilikten s\u00f6z edeceksek, bu kad\u0131nlar\u0131n ya\u015fam\u0131na dokunmadan d\u00fczenlemeleri eksiksiz sayamay\u0131z. \u00c7\u00fcnk\u00fc sosyal adalet, yaln\u0131zca var olan d\u00fczeni korumak de\u011fil; g\u00f6r\u00fcnmeyenleri g\u00f6r\u00fcn\u00fcr k\u0131lmak demektir.<\/div>\n<div dir=\"ltr\"><\/div>\n<div>Mersin B\u00fcy\u00fck\u015fehir Belediyesi\u2019ne A\u00e7\u0131k \u00c7a\u011fr\u0131<\/div>\n<div dir=\"ltr\"><\/div>\n<div>Seyyar sat\u0131c\u0131 d\u00fczenlemesi yeniden g\u00f6zden ge\u00e7irilirken, belediyenin bir ad\u0131m daha ileri gitmesini talep ediyoruz:<\/div>\n<div>\u2002\u2002\u2002\u2002\u2002\u2002\u2022\u2002\u2002\u2002\u2002\u2002Geliri olmayan, \u00e7al\u0131\u015famayacak durumda olan ya\u015fl\u0131 kad\u0131nlara \u00f6ncelik tan\u0131y\u0131n.<\/div>\n<div>\u2002\u2002\u2002\u2002\u2002\u2002\u2022\u2002\u2002\u2002\u2002\u2002Sahildeki stantlar\u0131n bir b\u00f6l\u00fcm\u00fc bu kad\u0131nlara tahsis edilsin.<\/div>\n<div>\u2002\u2002\u2002\u2002\u2002\u2002\u2022\u2002\u2002\u2002\u2002\u2002Belediyenin sosyal destek ekipleri, bu kad\u0131nlar\u0131n ihtiya\u00e7lar\u0131n\u0131 tespit ederek kal\u0131c\u0131 gelir modelleri olu\u015ftursun.<\/div>\n<div>\u2002\u2002\u2002\u2002\u2002\u2002\u2022\u2002\u2002\u2002\u2002\u2002Sosyal yard\u0131mlar, yaln\u0131zca g\u0131da paketleriyle s\u0131n\u0131rl\u0131 kalmas\u0131n;<\/div>\n<div>onlara kendi ayaklar\u0131 \u00fczerinde durabilecekleri bir ekonomik alan sa\u011flans\u0131n.<\/div>\n<div dir=\"ltr\"><\/div>\n<div>Bu sadece bir d\u00fczenleme de\u011fil, insana dokunan bir vicdan \u00e7a\u011fr\u0131s\u0131d\u0131r.<\/div>\n<div dir=\"ltr\"><\/div>\n<div>Son S\u00f6z<\/div>\n<div dir=\"ltr\"><\/div>\n<div>Bir \u015fehir, yaln\u0131zca yollar\u0131, parklar\u0131, binalar\u0131yla de\u011fil;<\/div>\n<div>en savunmas\u0131z insanlar\u0131na ne kadar dokunabildi\u011fiyle \u00f6l\u00e7\u00fcl\u00fcr. E\u011fer Mersin ger\u00e7ekten modern, kapsay\u0131c\u0131 ve adil bir \u015fehir olacaksa, bu d\u00f6n\u00fc\u015f\u00fcm\u00fcn merkezinde geliri olmayan, \u00e7al\u0131\u015famayacak durumda olan kad\u0131nlar olmal\u0131.<\/div>\n<div dir=\"ltr\"><\/div>\n<div>Bug\u00fcn Mersin B\u00fcy\u00fck\u015fehir Belediyesi\u2019ne d\u00fc\u015fen g\u00f6rev, sahildeki d\u00fczeni korumakla s\u0131n\u0131rl\u0131 de\u011fil.<\/div>\n<div>Daha b\u00fcy\u00fck bir sorumluluk var:<\/div>\n<div>G\u00f6r\u00fcnmeyen hayatlara dokunmak, sessiz \u00e7\u0131\u011fl\u0131klar\u0131 duymak ve onlara umut olmak.<\/div>\n<div dir=\"ltr\"><\/div>\n<div>\u00c7\u00fcnk\u00fc Mersin ancak b\u00f6yle g\u00fczelle\u015fecek.<\/div>\n<\/div>\n","protected":false},"excerpt":{"rendered":"<p>Mersin, Akdeniz\u2019in incisi\u2026 Sahil band\u0131nda gezerken renkli g\u00f6r\u00fcnt\u00fcler, esen r\u00fczgar ve dalga sesleriyle i\u00e7imiz huzur doluyor. Ancak o sahil \u015feridinde bir ba\u015fka ger\u00e7ek sessizce bekliyor: Ya\u015fl\u0131, emekli maa\u015f\u0131 olmayan ve \u00e7al\u0131\u015famayacak durumda olan kad\u0131nlar\u0131n sessiz \u00e7\u0131\u011fl\u0131\u011f\u0131\u2026 2020 y\u0131l\u0131nda Mersin B\u00fcy\u00fck\u015fehir Belediyesi, sahil band\u0131nda seyyar sat\u0131c\u0131lar i\u00e7in tek tip d\u00fczen uygulamas\u0131 ba\u015flatt\u0131. Ama\u00e7, hem halk sa\u011fl\u0131\u011f\u0131n\u0131 [&hellip;]<\/p>\n","protected":false},"author":23,"featured_media":105374,"comment_status":"open","ping_status":"open","sticky":false,"template":"","format":"standard","meta":{"footnotes":""},"categories":[122],"tags":[],"class_list":["post-105637","post","type-post","status-publish","format-standard","has-post-thumbnail","hentry","category-hatice-akarca"],"views":970,"_links":{"self":[{"href":"https:\/\/mersingazetesi.com\/index.php\/wp-json\/wp\/v2\/posts\/105637","targetHints":{"allow":["GET"]}}],"collection":[{"href":"https:\/\/mersingazetesi.com\/index.php\/wp-json\/wp\/v2\/posts"}],"about":[{"href":"https:\/\/mersingazetesi.com\/index.php\/wp-json\/wp\/v2\/types\/post"}],"author":[{"embeddable":true,"href":"https:\/\/mersingazetesi.com\/index.php\/wp-json\/wp\/v2\/users\/23"}],"replies":[{"embeddable":true,"href":"https:\/\/mersingazetesi.com\/index.php\/wp-json\/wp\/v2\/comments?post=105637"}],"version-history":[{"count":0,"href":"https:\/\/mersingazetesi.com\/index.php\/wp-json\/wp\/v2\/posts\/105637\/revisions"}],"wp:featuredmedia":[{"embeddable":true,"href":"https:\/\/mersingazetesi.com\/index.php\/wp-json\/wp\/v2\/media\/105374"}],"wp:attachment":[{"href":"https:\/\/mersingazetesi.com\/index.php\/wp-json\/wp\/v2\/media?parent=105637"}],"wp:term":[{"taxonomy":"category","embeddable":true,"href":"https:\/\/mersingazetesi.com\/index.php\/wp-json\/wp\/v2\/categories?post=105637"},{"taxonomy":"post_tag","embeddable":true,"href":"https:\/\/mersingazetesi.com\/index.php\/wp-json\/wp\/v2\/tags?post=105637"}],"curies":[{"name":"wp","href":"https:\/\/api.w.org\/{rel}","templated":true}]}}